{"id":299473,"date":"2026-03-11T01:56:25","date_gmt":"2026-03-11T01:56:25","guid":{"rendered":"https:\/\/www.europesays.com\/pl\/299473\/"},"modified":"2026-03-11T01:56:25","modified_gmt":"2026-03-11T01:56:25","slug":"maja-rutkowski-odslania-kulisy-klotni-z-mezem-mamy-wybuchowe-charaktery","status":"publish","type":"post","link":"https:\/\/www.europesays.com\/pl\/299473\/","title":{"rendered":"Maja Rutkowski ods\u0142ania kulisy k\u0142\u00f3tni z m\u0119\u017cem. &#8222;Mamy wybuchowe charaktery&#8221;"},"content":{"rendered":"<p>Maja i <a href=\"https:\/\/plejada.pl\/krzysztof-rutkowski\" id=\"4aabc04d-6a40-4c02-a2c2-381fc3aa130e\" rel=\"nofollow noopener\" target=\"_blank\">Krzysztof Rutkowscy<\/a> pozostaj\u0105 jedn\u0105 z najpopularniejszych par polskiego show-biznesu. Od samego pocz\u0105tku media rozpisywa\u0142y si\u0119 o ich zwi\u0105zku. Pojawia\u0142y si\u0119 kolejne spekulacje i plotki o kulisach ich relacji, a oni sami ch\u0119tnie udzielali kolejnych wywiad\u00f3w, w kt\u00f3rych opowiadali o swojej mi\u0142o\u015bci. Nieustannie si\u0119 wspieraj\u0105. Krzysztof Rutkowski m\u00f3g\u0142 liczy\u0107 na \u017con\u0119, gdy umierali mu rodzice. Kilka lat temu on by\u0142 opok\u0105 dla ukochanej, kt\u00f3rej <a href=\"https:\/\/plejada.pl\/newsy\/maja-rutkowski-w-zalobie-zmarl-najwazniejszy-mezczyzna-w-jej-zyciu\/gyrgtx5\" id=\"72c00452-eca9-4cc1-845f-2be8f1fb27a3\" rel=\"nofollow noopener\" target=\"_blank\">zmar\u0142 ojciec<\/a>. Dalszy ci\u0105g artyku\u0142u pod materia\u0142em wideo    <\/p>\n<p> Jak Maja Rutkowski opisuje k\u0142\u00f3tnie z m\u0119\u017cem? <\/p>\n<p> Co Maja i Krzysztof Rutkowscy uwa\u017caj\u0105 o swoich charakterach? <\/p>\n<p> Jakie sytuacje powoduj\u0105, \u017ce Maja Rutkowski si\u0119 denerwuje? <\/p>\n<p> Jak Maja Rutkowski radzi sobie z emocjami podczas k\u0142\u00f3tni? <\/p>\n<p>  Maja Rutkowski m\u00f3wi o k\u0142\u00f3tniach z m\u0119\u017cem. Ma na nie pewien spos\u00f3b     <a href=\"https:\/\/plejada.pl\/temat\/maja-rutkowski\/e2xprts\" id=\"60a18412-6eca-4d07-82c0-f6853ac1566a\" rel=\"nofollow noopener\" target=\"_blank\">Maja Rutkowski<\/a> w rozmowie z Plejad\u0105 postanawia ods\u0142oni\u0107 kulisy ich zwi\u0105zku. Nie ukrywa, \u017ce zdarza jej si\u0119 posprzecza\u0107 z m\u0119\u017cem. Wszystko przez, jak sama zauwa\u017ca, wybuchowe charaktery.<\/p>\n<p>\u2014 Mamy wybuchowe charaktery, du\u017co rozmawiamy, ale na pewno Krzysztof ma mocny charakter i ja r\u00f3wnie\u017c. Jak mi co\u015b le\u017cy na sercu, to m\u00f3wi\u0119 to. Albo, kiedy Krzysztof jest z\u0142o\u015bliwy, to ja jeszcze bardziej, ale to bardzo rzadko. Jakby ma sprzeczne opinie na \u015bwiat, na r\u00f3\u017cne sytuacje \u2014 zdradza.<\/p>\n<p>Ukochana detektywa bez licencji mimo wszystko podkre\u015bla, \u017ce mi\u0119dzy ma\u0142\u017ce\u0144stwem wci\u0105\u017c iskrzy, a z ka\u017cdy rokiem jest coraz lepiej. Jak natomiast wygl\u0105daj\u0105 k\u0142\u00f3tnie w ich domowym zaciszu?<\/p>\n<blockquote class=\"ods-o-quote\">\n<p class=\"ods-o-quote__paragraph\">My si\u0119 nie k\u0142\u00f3cimy, nieraz wymieniamy ostrzej zdania. Nawet w trakcie kr\u0119cenia jakiego\u015b programu, nie mam [problemu], \u017ceby powiedzie\u0107: &#8222;Krzysztof \u017ale si\u0119 zachowujesz, nie dajesz mi doj\u015b\u0107 do zdania, mi to si\u0119 nie podoba&#8221;. Czasami odwracam si\u0119 na pi\u0119cie, id\u0119 sobie gdzie\u015b usi\u0105\u015b\u0107, \u017ceby emocje ze mnie zesz\u0142y. Na pewno jestem ekspresyjna i m\u00f3wi\u0119, co mnie boli<\/p>\n<\/blockquote>\n<p>\u2014 podkre\u015bla, dodaj\u0105c, \u017ce zawsze zale\u017cy jej na jak najszybszym wyja\u015bnieniu konfliktu.<\/p>\n<p>\u2014 Mam niekt\u00f3re kole\u017canki, kt\u00f3re id\u0105 na imprez\u0119, jest jaka\u015b sytuacja i one s\u0105 w stanie dzie\u0144, dwa poczeka\u0107, \u017ceby porozmawia\u0107 o tym. Nie \u017cyj\u0119 dla ludzi, \u017cyj\u0119 dla siebie. Je\u015bli chc\u0119 w tym momencie, czuj\u0119, \u017ceby to wyja\u015bni\u0107, to te\u017c nie patrz\u0119, czy s\u0105 jakie\u015b osoby dooko\u0142a \u2014 podsumowuje.<\/p>\n<p> <img decoding=\"async\" src=\"https:\/\/www.europesays.com\/pl\/wp-content\/uploads\/2026\/03\/PQlk9lBaHR0cHM6Ly9vY2RuLmV1L3B1bHNjbXMvTURBXy8wODlmYTliMmU0MTRmMDNmYmQ0NTAxNmVjY2FkMGRmMC5qcGeRlQLNB.jpeg\" height=\"800\" width=\"533\" alt=\"Maja Rutkowski\" loading=\"lazy\" class=\"ods-c-image__img ods-c-image__img--vertical\"\/> <\/p>\n<p>Maja RutkowskiAndras Szilagyi \/ MW Media<\/p>\n<p> Dzi\u0119kujemy, \u017ce przeczyta\u0142a\u015b\/e\u015b nasz artyku\u0142 do ko\u0144ca. W serwisie Plejada.pl ka\u017cdego dnia piszemy o najwa\u017cniejszych wydarzeniach show-biznesowych. B\u0105d\u017a na bie\u017c\u0105co!<a rel=\"nofollow noopener\" href=\"https:\/\/profile.google.com\/cp\/Cg0vZy8xMWJ6X19wdHBx\" id=\"747aa3d1-48f7-4fae-89c3-ff7fefe477ba\" target=\"_blank\"> Obserwuj<\/a> Plejad\u0119 w Google. Odwied\u017a nas tak\u017ce na<a rel=\"nofollow noopener\" href=\"https:\/\/www.facebook.com\/plejadapl\" id=\"d6fd3f60-599a-413b-a8d6-8dbf6db0928a\" target=\"_blank\"> Facebooku<\/a>,<a rel=\"nofollow noopener\" href=\"https:\/\/www.instagram.com\/plejadapl\/\" id=\"68fdef7b-fcb9-438b-bcf4-16814c5b93bf\" target=\"_blank\"> Instagramie<\/a>,<a rel=\"nofollow noopener\" href=\"https:\/\/www.youtube.com\/c\/plejada\" id=\"d3ecbb0c-7bb3-4ffa-ab43-2e33cf5e9039\" target=\"_blank\"> YouTubie<\/a> oraz<a rel=\"nofollow noopener\" href=\"https:\/\/www.tiktok.com\/@plejada_pl\" id=\"06f438e9-3814-4038-9f51-acf7ff4ab697\" target=\"_blank\"> TikToku<\/a>.     Chcesz podzieli\u0107 si\u0119 ciekawym newsem lub zaproponowa\u0107 temat? Skontaktuj si\u0119 z nami, pisz\u0105c maila na adres: <a rel=\"nofollow noopener\" href=\"https:\/\/plejada.pl\/newsy\/maja-rutkowski-odslania-kulisy-klotni-z-mezem-mamy-wybuchowe-charaktery\/mailto:plejada@redakcjaonet.pl\" id=\"4c298117-3230-488a-b1e4-a56d710436cf\" target=\"_blank\">plejada@redakcjaonet.pl<\/a>.<script async src=\"\/\/www.instagram.com\/embed.js\"><\/script><script async src=\"\/\/www.tiktok.com\/embed.js\"><\/script><\/p>\n","protected":false},"excerpt":{"rendered":"Maja i Krzysztof Rutkowscy pozostaj\u0105 jedn\u0105 z najpopularniejszych par polskiego show-biznesu. Od samego pocz\u0105tku media rozpisywa\u0142y si\u0119 o&hellip;\n","protected":false},"author":2,"featured_media":299474,"comment_status":"","ping_status":"","sticky":false,"template":"","format":"standard","meta":{"footnotes":"","_share_on_mastodon":"0"},"categories":[22],"tags":[122,48765,5611,5866,555,48,125,46,42,38,40,39,41,123,47,338],"class_list":["post-299473","post","type-post","status-publish","format-standard","has-post-thumbnail","category-rozrywka","tag-entertainment","tag-klotnie","tag-krzysztof_rutkowski_detektyw","tag-maja_rutkowski","tag-malzenstwo","tag-nat_styl","tag-newsy","tag-omp","tag-pl","tag-poland","tag-polish","tag-polska","tag-polski","tag-rozrywka","tag-screening_general","tag-tylko_w_plejadzie"],"share_on_mastodon":{"url":"https:\/\/pubeurope.com\/@pl\/116208061062915375","error":""},"_links":{"self":[{"href":"https:\/\/www.europesays.com\/pl\/wp-json\/wp\/v2\/posts\/299473","targetHints":{"allow":["GET"]}}],"collection":[{"href":"https:\/\/www.europesays.com\/pl\/wp-json\/wp\/v2\/posts"}],"about":[{"href":"https:\/\/www.europesays.com\/pl\/wp-json\/wp\/v2\/types\/post"}],"author":[{"embeddable":true,"href":"https:\/\/www.europesays.com\/pl\/wp-json\/wp\/v2\/users\/2"}],"replies":[{"embeddable":true,"href":"https:\/\/www.europesays.com\/pl\/wp-json\/wp\/v2\/comments?post=299473"}],"version-history":[{"count":0,"href":"https:\/\/www.europesays.com\/pl\/wp-json\/wp\/v2\/posts\/299473\/revisions"}],"wp:featuredmedia":[{"embeddable":true,"href":"https:\/\/www.europesays.com\/pl\/wp-json\/wp\/v2\/media\/299474"}],"wp:attachment":[{"href":"https:\/\/www.europesays.com\/pl\/wp-json\/wp\/v2\/media?parent=299473"}],"wp:term":[{"taxonomy":"category","embeddable":true,"href":"https:\/\/www.europesays.com\/pl\/wp-json\/wp\/v2\/categories?post=299473"},{"taxonomy":"post_tag","embeddable":true,"href":"https:\/\/www.europesays.com\/pl\/wp-json\/wp\/v2\/tags?post=299473"}],"curies":[{"name":"wp","href":"https:\/\/api.w.org\/{rel}","templated":true}]}}