{"id":299632,"date":"2026-03-11T06:34:08","date_gmt":"2026-03-11T06:34:08","guid":{"rendered":"https:\/\/www.europesays.com\/pl\/299632\/"},"modified":"2026-03-11T06:34:08","modified_gmt":"2026-03-11T06:34:08","slug":"blokuje-druzyne-nie-czekal-na-koniec-meczu-i-uderzyl-w-lewego","status":"publish","type":"post","link":"https:\/\/www.europesays.com\/pl\/299632\/","title":{"rendered":"Blokuje dru\u017cyn\u0119&#8221;. Nie czeka\u0142 na koniec meczu i uderzy\u0142 w &#8222;Lewego"},"content":{"rendered":"\n<p class=\"contentpart contentpart--default contentpart--text\" data-position=\"1\">Remis\u00a0<a href=\"https:\/\/sportowefakty.wp.pl\/pilka-nozna\/fc-barcelona\" rel=\"nofollow noopener\" target=\"_blank\">FC Barcelony<\/a>\u00a0z <a href=\"https:\/\/sportowefakty.wp.pl\/pilka-nozna\/newcastle-united\" rel=\"nofollow noopener\" target=\"_blank\">Newcastle United<\/a>\u00a0na St. James&#8217; Park w pierwszym meczu 1\/8 fina\u0142u Ligi Mistrz\u00f3w (1:1 &#8211;\u00a0<a href=\"https:\/\/sportowefakty.wp.pl\/pilka-nozna\/relacja-na-zywo\/176885\/newcastle-united-fc-barcelona-live\" rel=\"nofollow noopener\" target=\"blank\">RELACJA TUTAJ<\/a>) pozostawi\u0142 w\u015br\u00f3d kibic\u00f3w i ekspert\u00f3w spory niedosyt, a jednym z g\u0142\u00f3wnych temat\u00f3w dyskusji sta\u0142a si\u0119 postawa <a href=\"https:\/\/sportowefakty.wp.pl\/pilka-nozna\/robert-lewandowski\" rel=\"nofollow noopener\" target=\"_blank\">Roberta Lewandowskiego<\/a>.<\/p>\n<p class=\"contentpart contentpart--default contentpart--text\" data-position=\"2\">Cho\u0107 Polak wyszed\u0142 w podstawowym sk\u0142adzie, jego wyst\u0119p nie nale\u017ca\u0142 do udanych, co ostatecznie sk\u0142oni\u0142o trenera <a href=\"https:\/\/sportowefakty.wp.pl\/pilka-nozna\/hansi-flick\" rel=\"nofollow noopener\" target=\"_blank\">Hansiego Flicka<\/a>\u00a0do zmiany w 70. minucie, kiedy to na murawie zameldowa\u0142 si\u0119 <a href=\"https:\/\/sportowefakty.wp.pl\/pilka-nozna\/marcus-rashford\" rel=\"nofollow noopener\" target=\"_blank\">Marcus Rashford<\/a>.<\/p>\n<p>  <img decoding=\"async\" src=\"https:\/\/v.wpimg.pl\/X3dwLnN2d1IFFTpdYUl6R0ZNbgcnEHQREVV2TGEGbUtRT2MdOlZ2RBQUKABgQjQcDRotCStBd1IAAWMeIlM7VgwYIAorQAdEFFk_GCkQJQ\" alt=\"\" width=\"45\" height=\"58\" loading=\"lazy\"\/>  <\/p>\n<p class=\"contentpart contentpart--default contentpart--text\" data-position=\"3\">ZOBACZ WIDEO: #dziejesiewsporcie: Idealnie trafi\u0142 w okno. I to dos\u0142ownie<\/p>\n<p class=\"contentpart contentpart--default contentpart--text\" data-position=\"5\">Najostrzej postaw\u0119 polskiego napastnika oceni\u0142 hiszpa\u0144ski dziennikarz Albert Ortega. Nie czeka\u0142 na koniec meczu i por\u00f3wna\u0142 on sytuacj\u0119 37-letniego &#8222;Lewego&#8221; do schy\u0142kowego okresu <a href=\"https:\/\/sportowefakty.wp.pl\/pilka-nozna\/luis-suarez\" rel=\"nofollow noopener\" target=\"_blank\">Luisa Suareza<\/a>\u00a0w barwach &#8222;Dumy Katalonii&#8221; (lata 2019-2020).<\/p>\n<p class=\"contentpart contentpart--default contentpart--text\" data-position=\"6\">&#8222;Barca ma z Robertem Lewandowskim ten sam problem, kt\u00f3ry mia\u0142a niegdy\u015b z Luisem Suarezem. To pi\u0142karz, kt\u00f3ry straci\u0142 ca\u0142\u0105 swoj\u0105 szybko\u015b\u0107 i moc poza polem karnym i zamiast nap\u0119dza\u0107 dru\u017cyn\u0119, blokuje j\u0105. Wiek nie wybacza&#8221; &#8211; napisa\u0142 bezlito\u015bnie Ortega na platformie X.<\/p>\n<p class=\"contentpart contentpart--default contentpart--text\" data-position=\"7\">Dziennikarze katalo\u0144skiego &#8222;Sportu&#8221; zwr\u00f3cili z kolei uwag\u0119 na niewykorzystane okazje, kt\u00f3re mog\u0142y zmieni\u0107 losy tego spotkania. &#8222;Ale\u017c to by\u0142a szansa Lewandowskiego!&#8221; &#8211; podkre\u015blili eksperci po jednej z akcji, co tylko pot\u0119guje wra\u017cenie, \u017ce kapitan reprezentacji Polski nie by\u0142 w swojej najwy\u017cszej dyspozycji strzeleckiej.<\/p>\n<p>  <img decoding=\"async\" src=\"https:\/\/v.wpimg.pl\/X3dwLnN2d1IFFTpdYUl6R0ZNbgcnEHQREVV2TGEGbUtRT2MdOlZ2RBQUKABgQjQcDRotCStBd1IAAWMeIlM7VgwYIAorQAdEFFk_GCkQJQ\" alt=\"\" width=\"45\" height=\"58\" loading=\"lazy\"\/>  <\/p>\n<p class=\"contentpart contentpart--default contentpart--text\" data-position=\"8\">W dyskusj\u0119 w\u0142\u0105czy\u0142 si\u0119 r\u00f3wnie\u017c Dariusz Maruszczak (fcbarca.com), kt\u00f3ry zauwa\u017cy\u0142, \u017ce cho\u0107 wk\u0142ad Lewandowskiego w gr\u0119 by\u0142 znikomy, to statystycznie i tak wypad\u0142 lepiej od <a href=\"https:\/\/sportowefakty.wp.pl\/pilka-nozna\/ferran-torres\" rel=\"nofollow noopener\" target=\"_blank\">Ferrana Torresa<\/a>.<\/p>\n<p class=\"contentpart contentpart--default contentpart--text\" data-position=\"9\">&#8222;Lewandowski da\u0142 bardzo niewiele, ale przynajmniej ju\u017c podwoi\u0142 dorobek Ferrana w zakresie celnych poda\u0144 z ostatnich dw\u00f3ch mecz\u00f3w Hiszpana&#8221; &#8211; doda\u0142.<\/p>\n<p class=\"contentpart contentpart--default contentpart--text\" data-position=\"10\">Jeszcze dalej w swojej ocenie poszed\u0142 profil BarcaInfo, kt\u00f3ry skrytykowa\u0142 ca\u0142\u0105 postaw\u0119 zespo\u0142u, nazywaj\u0105c j\u0105 wr\u0119cz obraz\u0105 dla kibic\u00f3w.<\/p>\n<p class=\"contentpart contentpart--default contentpart--text\" data-position=\"11\">&#8222;To by\u0142 kompromituj\u0105cy wyst\u0119p i braki kadrowe nie s\u0105 wym\u00f3wk\u0105. Nie mo\u017cna gra\u0107 z takim zaanga\u017cowaniem na tym poziomie rozgrywek. Rozczarowali i wsp\u00f3\u0142czuj\u0119 ka\u017cdemu, kto musia\u0142 to dzi\u015b ogl\u0105da\u0107. To nie jest FC Barcelona, kt\u00f3r\u0105 chcemy widzie\u0107&#8221; &#8211; czytamy w emocjonalnym wpisie.<\/p>\n<p>  <img decoding=\"async\" src=\"https:\/\/v.wpimg.pl\/X3dwLnN2d1IFFTpdYUl6R0ZNbgcnEHQREVV2TGEGbUtRT2MdOlZ2RBQUKABgQjQcDRotCStBd1IAAWMeIlM7VgwYIAorQAdEFFk_GCkQJQ\" alt=\"\" width=\"45\" height=\"58\" loading=\"lazy\"\/>  <\/p>\n<p class=\"contentpart contentpart--default contentpart--text\" data-position=\"12\">&#8222;Mina Yamala po golu najlepiej podsumowa\u0142a ten mecz&#8221; &#8211; to z kolei komentarz Marcina Gazdy (Eleven Sports). Bartosz Domaga\u0142a r\u00f3wnie\u017c podsumowa\u0142 w ostrym tonie: &#8222;Obrzydliwie s\u0142aba jest Barcelona w Lidze Mistrz\u00f3w&#8221;.<\/p>\n","protected":false},"excerpt":{"rendered":"Remis\u00a0FC Barcelony\u00a0z Newcastle United\u00a0na St. James&#8217; Park w pierwszym meczu 1\/8 fina\u0142u Ligi Mistrz\u00f3w (1:1 &#8211;\u00a0RELACJA TUTAJ) pozostawi\u0142&hellip;\n","protected":false},"author":2,"featured_media":299633,"comment_status":"","ping_status":"","sticky":false,"template":"","format":"standard","meta":{"footnotes":"","_share_on_mastodon":"0"},"categories":[5],"tags":[32,33,693,272,36,37,2600,27,267,34,35,270,12738,2601,28,31,271,25,269,42,38,40,39,41,273,29,30,26],"class_list":["post-299632","post","type-post","status-publish","format-standard","has-post-thumbnail","category-naglowki","tag-breaking-news","tag-breakingnews","tag-europejskie-puchary","tag-fc-barcelona","tag-featured-news","tag-featurednews","tag-hansi-flick","tag-headlines","tag-hiszpania","tag-latest-news","tag-latestnews","tag-liga-mistrzow","tag-luis-suarez","tag-marcus-rashford","tag-naglowki","tag-najwazniejsze-artykuly","tag-newcastle-united","tag-news","tag-pilka-nozna","tag-pl","tag-poland","tag-polish","tag-polska","tag-polski","tag-robert-lewandowski","tag-top-stories","tag-topstories","tag-wiadomosci"],"share_on_mastodon":{"url":"https:\/\/pubeurope.com\/@pl\/116209153835522865","error":""},"_links":{"self":[{"href":"https:\/\/www.europesays.com\/pl\/wp-json\/wp\/v2\/posts\/299632","targetHints":{"allow":["GET"]}}],"collection":[{"href":"https:\/\/www.europesays.com\/pl\/wp-json\/wp\/v2\/posts"}],"about":[{"href":"https:\/\/www.europesays.com\/pl\/wp-json\/wp\/v2\/types\/post"}],"author":[{"embeddable":true,"href":"https:\/\/www.europesays.com\/pl\/wp-json\/wp\/v2\/users\/2"}],"replies":[{"embeddable":true,"href":"https:\/\/www.europesays.com\/pl\/wp-json\/wp\/v2\/comments?post=299632"}],"version-history":[{"count":0,"href":"https:\/\/www.europesays.com\/pl\/wp-json\/wp\/v2\/posts\/299632\/revisions"}],"wp:featuredmedia":[{"embeddable":true,"href":"https:\/\/www.europesays.com\/pl\/wp-json\/wp\/v2\/media\/299633"}],"wp:attachment":[{"href":"https:\/\/www.europesays.com\/pl\/wp-json\/wp\/v2\/media?parent=299632"}],"wp:term":[{"taxonomy":"category","embeddable":true,"href":"https:\/\/www.europesays.com\/pl\/wp-json\/wp\/v2\/categories?post=299632"},{"taxonomy":"post_tag","embeddable":true,"href":"https:\/\/www.europesays.com\/pl\/wp-json\/wp\/v2\/tags?post=299632"}],"curies":[{"name":"wp","href":"https:\/\/api.w.org\/{rel}","templated":true}]}}