{"id":300022,"date":"2026-03-11T10:37:09","date_gmt":"2026-03-11T10:37:09","guid":{"rendered":"https:\/\/www.europesays.com\/pl\/300022\/"},"modified":"2026-03-11T10:37:09","modified_gmt":"2026-03-11T10:37:09","slug":"ten-projekt-mial-byc-duma-trumpa-teraz-obraca-sie-w-ruine","status":"publish","type":"post","link":"https:\/\/www.europesays.com\/pl\/300022\/","title":{"rendered":"Ten projekt mia\u0142 by\u0107 dum\u0105 Trumpa. Teraz obraca si\u0119 w ruin\u0119"},"content":{"rendered":"<p><a href=\"https:\/\/wiadomosci.onet.pl\/swiat\/rada-pokoju-donalda-trumpa-wszystko-co-trzeba-wiedziec-po-posiedzeniu\/p9g0bte\" id=\"d5443fd7-7fc0-4f38-9220-eb161a9fca1d\" rel=\"nofollow noopener\" target=\"_blank\">Rada Pokoju<\/a> Donalda Trumpa zderzy\u0142a si\u0119 z wojn\u0105 w Iranie. To spowolni\u0142o niewielkie post\u0119py, jakie osi\u0105gn\u0119\u0142a od czasu, gdy prezydent \u2014 wraz z grup\u0105 \u015bwiatowych przyw\u00f3dc\u00f3w \u2014 og\u0142osi\u0142 utworzenie inicjatywy w zesz\u0142ym miesi\u0105cu.<\/p>\n<p>Jak poinformowa\u0142 we wtorek przedstawiciel administracji Trumpa, Rada Pokoju otworzy\u0142a dotychczas rachunki w Banku \u015awiatowym i JP Morgan Chase. \u2014 Obecnie wsp\u00f3\u0142pracujemy z krajami, kt\u00f3re z\u0142o\u017cy\u0142y zobowi\u0105zania, aby uzyska\u0107 od nich informacje dotycz\u0105ce przelew\u00f3w \u2014 doda\u0142 urz\u0119dnik, kt\u00f3ry poprosi\u0142 o zachowanie anonimowo\u015bci. W lutym cz\u0119\u015b\u0107 kraj\u00f3w cz\u0142onkowskich zobowi\u0105za\u0142a si\u0119 przekaza\u0107 radzie ponad 16 mld dol. (wed\u0142ug aktualnego kursu 58 mld z\u0142), przy czym Stany Zjednoczone obieca\u0142y lwi\u0105 cz\u0119\u015b\u0107 tej kwoty, czyli 10 mld dol. (36 mld z\u0142).<\/p>\n<p>Jednak od tego czasu ameryka\u0144sko-izraelskie ataki na Iran spowodowa\u0142y chaos, kt\u00f3ry zniweczy\u0142 nawet skromne post\u0119py osi\u0105gni\u0119te przez duet negocjacyjny Bia\u0142ego Domu, <a href=\"https:\/\/wiadomosci.onet.pl\/kraj\/wyslannik-donalda-trumpa-o-rosjanach-mozna-im-wierzyc-na-slowo\/xqx1s28\" id=\"f942c224-1912-46c8-8755-7075ce76598e\" rel=\"nofollow noopener\" target=\"_blank\">Steve&#8217;a Witkoffa<\/a> i Jareda Kushnera.Utworzenie Rady Pokoju zosta\u0142o og\u0142oszone w ramach zawieszenia broni, kt\u00f3re USA wynegocjowa\u0142y w pa\u017adzierniku mi\u0119dzy Izraelem a Hamasem. Jej celem by\u0142o ustanowienie ram odbudowy <a href=\"https:\/\/wiadomosci.onet.pl\/politico\/izrael-dokreca-srube-w-strefie-gazy-pomoc-calkowicie-sie-zalamie-pracownicy\/81291gj\" id=\"58798f99-b430-438b-af61-9eaa636b205d\" rel=\"nofollow noopener\" target=\"_blank\">Strefy Gazy <\/a>\u2014 i nie tylko.     <\/p>\n<p>Zgodnie z ujawnion\u0105 kopi\u0105 statutu misj\u0105 rady jest budowanie &#8222;pokoju na obszarach dotkni\u0119tych konfliktem lub zagro\u017conych konfliktem&#8221;. Pod czujnym okiem Witkoffa i Kushnera Izrael i Hamas dokona\u0142y wymiany zak\u0142adnik\u00f3w i wi\u0119\u017ani\u00f3w, a Izrael otworzy\u0142 przej\u015bcie graniczne w Rafah mi\u0119dzy Egiptem a Gaz\u0105.<\/p>\n<p>Obecnie wydaje si\u0119, \u017ce ameryka\u0144sko-izraelskie ataki na Iran stoj\u0105 na przeszkodzie drogi do pokoju. Prezydent Indonezji zagrozi\u0142, \u017ce si\u0119 wycofa, je\u015bli rada nie przyniesie korzy\u015bci Palesty\u0144czykom. Minister spraw zagranicznych tego kraju powiedzia\u0142, \u017ce wszystkie rozmowy na temat rady zosta\u0142y wstrzymane z powodu wojny z Iranem.<\/p>\n<p>Daleko od realizacji celu<\/p>\n<p>Przedstawiciel administracji Trumpa powiedzia\u0142, \u017ce rozmowy z Indonezj\u0105 trwaj\u0105 i \u017ce &#8222;Rada Pokoju jest zaanga\u017cowana w zapewnienie stabilizacji i dobrobytu mieszka\u0144com Strefy Gazy&#8221;. Oczywi\u015bcie inne kraje, na przyk\u0142ad Azerbejd\u017can i Jordania, stwierdzi\u0142y, \u017ce nadal s\u0105 zaanga\u017cowane.<\/p>\n<p>Jednak g\u0142\u00f3wny cel Rady Pokoju \u2014 odbudowa Strefy Gazy \u2014 pozostaje daleki od realizacji. Kluczowym warunkiem odbudowy jest rozbrojenie Hamasu, jednak na tym froncie dzieje si\u0119 niewiele.<\/p>\n<p>      Dalszy ci\u0105g artyku\u0142u pod materia\u0142em wideo <\/p>\n<p>Izrael zamkn\u0105\u0142 r\u00f3wnie\u017c przej\u015bcie graniczne w Rafah, powo\u0142uj\u0105c si\u0119 na wojn\u0119 z Iranem. To krok wstecz w planie zawieszenia broni, co doprowadzi\u0142o do spadku pomocy dostarczanej do enklawy. Przedstawiciel administracji, zapytany o kwesti\u0119 granicy, odes\u0142a\u0142 POLITICO do izraelskiego rz\u0105du.<\/p>\n<p>&#8222;Na tym etapie przej\u015bcie graniczne w Rafah pozostaje tymczasowo zamkni\u0119te ze wzgl\u0119du na zagro\u017cenie rakietowe. Zostanie ono ponownie otwarte, gdy tylko pozwoli na to sytuacja bezpiecze\u0144stwa&#8221; \u2014 o\u015bwiadczy\u0142 Koordynator Dzia\u0142a\u0144 Rz\u0105du na Terytoriach (COGAT), instytucja ministerstwa obrony Izraela.<\/p>\n<p>Wykluczone z agendy<\/p>\n<p>Zaha Hassan, kt\u00f3ra doradza\u0142a palesty\u0144skiemu zespo\u0142owi negocjacyjnemu podczas ubiegania si\u0119 o cz\u0142onkostwo w ONZ, zauwa\u017cy\u0142a, \u017ce mandat Rady Pokoju w Radzie Bezpiecze\u0144stwa wygasa z ko\u0144cem 2027 r.<\/p>\n<p>\u2014 Je\u015bli twierdzisz, \u017ce Rada Pokoju jest jedyn\u0105 drog\u0105, a Rada Pokoju nie jest w stanie wp\u0142yn\u0105\u0107 na Izrael w kwestii jego zobowi\u0105za\u0144, to nie wygl\u0105da to zbyt dobrze dla jej perspektyw, zw\u0142aszcza bior\u0105c pod uwag\u0119 jej wyga\u015bni\u0119cie \u2014 zauwa\u017ca ekspertka, obecnie starsza pracowniczka naukowa w think tanku Carnegie Endowment for International Peace.<\/p>\n<p> <img decoding=\"async\" src=\"https:\/\/www.europesays.com\/pl\/wp-content\/uploads\/2026\/03\/Xqqk9lBaHR0cHM6Ly9vY2RuLmV1L3B1bHNjbXMvTURBXy8zYjhiMzIyY2E2MDM3ZTVmN2ExMzg5MTQ3NWJkYWM3OS5qcGeRlQLNB.jpeg\" height=\"627\" width=\"940\" alt=\"Donald Trump podczas inauguracji Rady Pokoju, Waszyngton, 19 lutego 2026 r.\" loading=\"lazy\" class=\"ods-c-image__img ods-c-image__img--viewport-width\"\/> <\/p>\n<p>Donald Trump podczas inauguracji Rady Pokoju, Waszyngton, 19 lutego 2026 r.Saul Loeb \/ AFP<\/p>\n<p>\u2014 Wyra\u017anie wida\u0107 pewne cofni\u0119cie si\u0119 w niewielkich post\u0119pach, jakie uda\u0142o si\u0119 osi\u0105gn\u0105\u0107 \u2014 m\u00f3wi David Schenker, kt\u00f3ry pe\u0142ni\u0142 funkcj\u0119 zast\u0119pcy sekretarza stanu ds. Bliskiego Wschodu w pierwszej administracji Trumpa, a obecnie jest cz\u0142onkiem proizraelskiego o\u015brodka Washington Institute for Near East Policy.<\/p>\n<p>Schenker dodaje, \u017ce niewielka liczba urz\u0119dnik\u00f3w Trumpa, kt\u00f3rzy s\u0105 uprawnieni do podejmowania decyzji w zakresie polityki zagranicznej, prawdopodobnie pog\u0142\u0119bia ten problem. \u2014 Opr\u00f3cz Gazy istnieje szereg innych kwestii, kt\u00f3re zosta\u0142y tymczasowo wykluczone z agendy ze wzgl\u0119du na priorytetowe znaczenie Iranu i wojny \u2014 zauwa\u017ca.<\/p>\n<p>     Wysoka stawka<\/p>\n<p>Trump nadal pok\u0142ada zaufanie w Witkoffie i Kushnerze, twierdz\u0105c, \u017ce obaj &#8222;wykonuj\u0105 \u015bwietn\u0105 robot\u0119&#8221;. We wtorek mieli oni odwiedzi\u0107 Izrael, ale od\u0142o\u017cyli t\u0119 podr\u00f3\u017c.<\/p>\n<p>Witkoff ze swojej strony przedstawi\u0142 optymistyczn\u0105 wizj\u0119, \u017ce wojna z Iranem mo\u017ce doprowadzi\u0107 do szerszej wsp\u00f3\u0142pracy regionalnej. We wtorkowym wywiadzie dla CNBC powiedzia\u0142, \u017ce kraje <a href=\"https:\/\/wiadomosci.onet.pl\/swiat\/kolejny-skutek-wojny-z-iranem-na-horyzoncie-trwale-zalamanie\/2pbzdeg\" id=\"cb9ad4ff-4743-4238-b634-c4ea96af726b\" rel=\"nofollow noopener\" target=\"_blank\">Zatoki Perskiej<\/a>, kt\u00f3re borykaj\u0105 si\u0119 z ira\u0144skimi dronami i rakietami, &#8222;wychodz\u0105 z ukrycia, dzwoni\u0105 do nas i wielokrotnie zwracaj\u0105 si\u0119 do nas w imieniu kraj\u00f3w, kt\u00f3re chc\u0105 przyst\u0105pi\u0107 do porozumie\u0144 pokojowych Abrahama&#8221;.<\/p>\n<p>Je\u015bli Rada Pokoju nie zrealizuje swojej szerszej misji rozbrojenia Hamasu i odbudowy enklawy, stawka b\u0119dzie wysoka. Palesty\u0144ski dziennikarz Mohammed R. Mhawisz zauwa\u017cy\u0142 w tym tygodniu w magazynie &#8222;The Nation&#8221;, \u017ce regionalne zamieszanie wywo\u0142ane atakami na Iran sprawi\u0142o, \u017ce Gaza jest &#8222;bardziej nara\u017cona na eskalacj\u0119 dzia\u0142a\u0144 Izraela ni\u017c kiedykolwiek wcze\u015bniej od pa\u017adziernika 2023 r.&#8221;.<\/p>\n<p>&#8222;Nie uzna\u0142bym tego obecnie za priorytet. Wszyscy wiedz\u0105, \u017ce Izrael jest gotowy wykona\u0107 to zadanie, je\u015bli zajdzie taka potrzeba, ale pozostawmy to innym. Obecnie mamy rz\u0105d technokrat\u00f3w. To ich sprawdzian&#8221; \u2014 powiedzia\u0142 prezydent Izraela Jicchak Herzog w rozmowie z &#8222;Bildem&#8221;, kt\u00f3ry podobnie jak POLITICO nale\u017cy do Axel Springer Global Reporters Network, kiedy zosta\u0142 zapytany o rozbrojenie Hamasu.<\/p>\n","protected":false},"excerpt":{"rendered":"Rada Pokoju Donalda Trumpa zderzy\u0142a si\u0119 z wojn\u0105 w Iranie. To spowolni\u0142o niewielkie post\u0119py, jakie osi\u0105gn\u0119\u0142a od czasu,&hellip;\n","protected":false},"author":2,"featured_media":300023,"comment_status":"","ping_status":"","sticky":false,"template":"","format":"standard","meta":{"footnotes":"","_share_on_mastodon":"0"},"categories":[14],"tags":[56,32,33,44,27,663,91,34,35,28,31,48,25,46,40,41,40547,47,88,80,29,30,71,26,82,83,84],"class_list":["post-300022","post","type-post","status-publish","format-standard","has-post-thumbnail","category-swiat","tag-article_premium","tag-breaking-news","tag-breakingnews","tag-donald_trump","tag-headlines","tag-iran","tag-izrael","tag-latest-news","tag-latestnews","tag-naglowki","tag-najwazniejsze-artykuly","tag-nat_styl","tag-news","tag-omp","tag-polish","tag-polski","tag-rada_pokoju","tag-screening_general","tag-strefa_gazy","tag-swiat","tag-top-stories","tag-topstories","tag-usa","tag-wiadomosci","tag-world","tag-world-news","tag-worldnews"],"share_on_mastodon":{"url":"https:\/\/pubeurope.com\/@pl\/116210109217361027","error":""},"_links":{"self":[{"href":"https:\/\/www.europesays.com\/pl\/wp-json\/wp\/v2\/posts\/300022","targetHints":{"allow":["GET"]}}],"collection":[{"href":"https:\/\/www.europesays.com\/pl\/wp-json\/wp\/v2\/posts"}],"about":[{"href":"https:\/\/www.europesays.com\/pl\/wp-json\/wp\/v2\/types\/post"}],"author":[{"embeddable":true,"href":"https:\/\/www.europesays.com\/pl\/wp-json\/wp\/v2\/users\/2"}],"replies":[{"embeddable":true,"href":"https:\/\/www.europesays.com\/pl\/wp-json\/wp\/v2\/comments?post=300022"}],"version-history":[{"count":0,"href":"https:\/\/www.europesays.com\/pl\/wp-json\/wp\/v2\/posts\/300022\/revisions"}],"wp:featuredmedia":[{"embeddable":true,"href":"https:\/\/www.europesays.com\/pl\/wp-json\/wp\/v2\/media\/300023"}],"wp:attachment":[{"href":"https:\/\/www.europesays.com\/pl\/wp-json\/wp\/v2\/media?parent=300022"}],"wp:term":[{"taxonomy":"category","embeddable":true,"href":"https:\/\/www.europesays.com\/pl\/wp-json\/wp\/v2\/categories?post=300022"},{"taxonomy":"post_tag","embeddable":true,"href":"https:\/\/www.europesays.com\/pl\/wp-json\/wp\/v2\/tags?post=300022"}],"curies":[{"name":"wp","href":"https:\/\/api.w.org\/{rel}","templated":true}]}}