{"id":300668,"date":"2026-03-11T17:10:18","date_gmt":"2026-03-11T17:10:18","guid":{"rendered":"https:\/\/www.europesays.com\/pl\/300668\/"},"modified":"2026-03-11T17:10:18","modified_gmt":"2026-03-11T17:10:18","slug":"lidl-wybuduje-nowe-wielkie-centrum-dystrybucyjne-w-polsce-znamy-lokalizacje","status":"publish","type":"post","link":"https:\/\/www.europesays.com\/pl\/300668\/","title":{"rendered":"Lidl wybuduje nowe, wielkie centrum dystrybucyjne w Polsce. Znamy lokalizacj\u0119"},"content":{"rendered":"<p class=\"sc-qt42kz-1 jFnKOK\">Sie\u0107 niemieckich sklep\u00f3w Lidl wybuduje nowe, wielkie centrum dystrybucyjne w Polsce. Obiekt powstanie w wojew\u00f3dztwie \u0142\u00f3dzkim, w miejscowo\u015bci Gucin (gmina Buczek, powiat \u0142aski), w centralnej cz\u0119\u015bci naszego kraju.<\/p>\n<p>Du\u017cy pracodawca, du\u017ce korzy\u015bci\u00a0<\/p>\n<p class=\"sc-qt42kz-1 jFnKOK\">Decyzja Lidla to efekt wielomiesi\u0119cznych dzia\u0142a\u0144 samorz\u0105du gminy Buczek, kt\u00f3ry konsekwentnie zabiega\u0142 o przyci\u0105gni\u0119cie du\u017cych inwestor\u00f3w z bran\u017cy handlowo\u2011logistycznej. Wyb\u00f3r tej lokalizacji potwierdza rosn\u0105ce znaczenie powiatu gr\u00f3jeckiego na magazynowej mapie Polski, zw\u0142aszcza w kontek\u015bcie blisko\u015bci kluczowych szlak\u00f3w transportowych Mazowsza.<\/p>\n<p class=\"sc-qt42kz-1 jFnKOK\">Dla mieszka\u0144c\u00f3w regionu pojawienie si\u0119 tak du\u017cego pracodawcy oznacza realn\u0105 szans\u0119 na stabilne zatrudnienie. Nowe centrum logistyczne zaoferuje szeroki wachlarz stanowisk \u2013 od pracy operacyjnej w magazynie, przez logistyk\u0119, a\u017c po specjalistyczne funkcje biurowe.<\/p>\n<p>Wp\u0142ywy z podatk\u00f3w wzmocni\u0105 bud\u017cet gminy<\/p>\n<p class=\"sc-qt42kz-1 jFnKOK\">Samorz\u0105d podkre\u015bla, \u017ce inwestycja Lidla zapewni gminie sta\u0142e i przewidywalne dochody z podatku od nieruchomo\u015bci. To w\u0142a\u015bnie te \u015brodki maj\u0105 pozwoli\u0107 na utrzymanie niskich stawek lokalnych op\u0142at oraz dalsze inwestycje w infrastruktur\u0119 sportow\u0105 i rekreacyjn\u0105.<\/p>\n<p>Nowe miejsca pracy<\/p>\n<p class=\"sc-qt42kz-1 jFnKOK\">Zatrudnienie w nowym centrum dystrybucyjnym, znajdzie ponad 250 os\u00f3b. Ok. 70 stanowisk zostanie utworzonych w pionie administracyjnym centrum..<\/p>\n<p class=\"sc-qt42kz-1 jFnKOK\">Kolejne miejsca pracy powstan\u0105 w tzw. &#8222;otoczeniu inwestycji&#8221; (transport, obs\u0142uga obiektu itp.)<\/p>\n<p>Nowy magazyn ruszy w 2026 roku<\/p>\n<p class=\"sc-qt42kz-1 jFnKOK\">Budowa centrum logistycznego ma rozpocz\u0105\u0107 si\u0119 w czerwcu 2026 roku. Po zako\u0144czeniu inwestycji Gucin stanie si\u0119 jednym z wa\u017cniejszych punkt\u00f3w dystrybucyjnych Lidla w Polsce, obs\u0142uguj\u0105c zar\u00f3wno lokalne sklepy, jak i plac\u00f3wki w innych cz\u0119\u015bciach kraju.<\/p>\n<p class=\"sc-qt42kz-1 jFnKOK\">Podobne, ju\u017c istniej\u0105ce centrum dystrybucyjne na Dolnym \u015al\u0105sku, pod Ole\u015bnic\u0105:<\/p>\n<p>Fot. Budimex S.A., \/ zdj\u0119cie ilustracyjne<\/p>\n","protected":false},"excerpt":{"rendered":"Sie\u0107 niemieckich sklep\u00f3w Lidl wybuduje nowe, wielkie centrum dystrybucyjne w Polsce. Obiekt powstanie w wojew\u00f3dztwie \u0142\u00f3dzkim, w miejscowo\u015bci&hellip;\n","protected":false},"author":2,"featured_media":300669,"comment_status":"","ping_status":"","sticky":false,"template":"","format":"standard","meta":{"footnotes":"","_share_on_mastodon":"0"},"categories":[16],"tags":[113,112,48889,48892,48890,3511,3343,47518,4027,47287,15565,42,38,40,39,41,48891,48893],"class_list":["post-300668","post","type-post","status-publish","format-standard","has-post-thumbnail","category-biznes","tag-biznes","tag-business","tag-centrum-dystrybucyjne-lidl-polska-gucin","tag-gmina-buczek","tag-gucin","tag-inwestycje","tag-lidl","tag-lidl-polska","tag-logistyka","tag-magazyny","tag-nowe-miejsca-pracy","tag-pl","tag-poland","tag-polish","tag-polska","tag-polski","tag-powiat-laski","tag-praca-lidl-buczek"],"share_on_mastodon":{"url":"https:\/\/pubeurope.com\/@pl\/116211654553481745","error":""},"_links":{"self":[{"href":"https:\/\/www.europesays.com\/pl\/wp-json\/wp\/v2\/posts\/300668","targetHints":{"allow":["GET"]}}],"collection":[{"href":"https:\/\/www.europesays.com\/pl\/wp-json\/wp\/v2\/posts"}],"about":[{"href":"https:\/\/www.europesays.com\/pl\/wp-json\/wp\/v2\/types\/post"}],"author":[{"embeddable":true,"href":"https:\/\/www.europesays.com\/pl\/wp-json\/wp\/v2\/users\/2"}],"replies":[{"embeddable":true,"href":"https:\/\/www.europesays.com\/pl\/wp-json\/wp\/v2\/comments?post=300668"}],"version-history":[{"count":0,"href":"https:\/\/www.europesays.com\/pl\/wp-json\/wp\/v2\/posts\/300668\/revisions"}],"wp:featuredmedia":[{"embeddable":true,"href":"https:\/\/www.europesays.com\/pl\/wp-json\/wp\/v2\/media\/300669"}],"wp:attachment":[{"href":"https:\/\/www.europesays.com\/pl\/wp-json\/wp\/v2\/media?parent=300668"}],"wp:term":[{"taxonomy":"category","embeddable":true,"href":"https:\/\/www.europesays.com\/pl\/wp-json\/wp\/v2\/categories?post=300668"},{"taxonomy":"post_tag","embeddable":true,"href":"https:\/\/www.europesays.com\/pl\/wp-json\/wp\/v2\/tags?post=300668"}],"curies":[{"name":"wp","href":"https:\/\/api.w.org\/{rel}","templated":true}]}}