{"id":301162,"date":"2026-03-11T22:42:07","date_gmt":"2026-03-11T22:42:07","guid":{"rendered":"https:\/\/www.europesays.com\/pl\/301162\/"},"modified":"2026-03-11T22:42:07","modified_gmt":"2026-03-11T22:42:07","slug":"wyciekl-alert-fbi-sluzby-obawialy-sie-ataku-iranu-na-wybrzeze-usa","status":"publish","type":"post","link":"https:\/\/www.europesays.com\/pl\/301162\/","title":{"rendered":"Wyciek\u0142 alert FBI. S\u0142u\u017cby obawia\u0142y si\u0119 ataku Iranu na wybrze\u017ce USA"},"content":{"rendered":"<p>W pi\u015bmie, do kt\u00f3rego dotar\u0142o ABC News, podkre\u015blono, \u017ce na pocz\u0105tku lutego 2026 r. Iran mia\u0142 rozwa\u017ca\u0107 przeprowadzenie niespodziewanego ataku z u\u017cyciem bezza\u0142ogowych statk\u00f3w powietrznych z niezidentyfikowanej jednostki p\u0142ywaj\u0105cej u wybrze\u017cy Stan\u00f3w Zjednoczonych. Celem mia\u0142yby by\u0107 nieokre\u015blone obiekty w Kalifornii.<\/p>\n<p>Ostrze\u017cenie FBI nie zawiera\u0142o informacji na temat sposobu ani terminu, w jakim jednostki z dronami bojowymi mog\u0142yby zbli\u017cy\u0107 si\u0119 do wybrze\u017cy Stan\u00f3w Zjednoczonych. Ameryka\u0144ski wywiad od d\u0142u\u017cszego czasu wyra\u017ca\u0142 jednak obawy, \u017ce tego typu sprz\u0119t m\u00f3g\u0142by zosta\u0107 rozmieszczony, zar\u00f3wno na l\u0105dzie, jak i na morzu.<\/p>\n<p>      Dalszy ci\u0105g artyku\u0142u pod materia\u0142em wideo Alert FBI pojawi\u0142 si\u0119 w momencie, gdy administracja prezydenta Donalda Trumpa rozpocz\u0119\u0142a dzia\u0142ania przeciwko Iranowi. <a href=\"https:\/\/wiadomosci.onet.pl\/swiat\/atak-dronow-na-amerykanski-kompleks-w-bagdadzie-wladze-wskazuja-winnych\/2dz6j9v\" id=\"944bd47d-e9bf-4248-9916-badaa745de0d\" rel=\"nofollow noopener\" target=\"_blank\">W odpowiedzi na ameryka\u0144sk\u0105 ofensyw\u0119, re\u017cim w Teheranie wykorzystuje drony do atak\u00f3w na cele w regionie Bliskiego Wschodu<\/a>.    <\/p>\n<p> Jakie by\u0142o ostrze\u017cenie FBI dotycz\u0105ce Iranu? <\/p>\n<p> Kiedy pojawi\u0142o si\u0119 ostrze\u017cenie FBI? <\/p>\n<p> Co mia\u0142o by\u0107 celem atak\u00f3w dron\u00f3w w Kalifornii? <\/p>\n<p> Jakie dzia\u0142ania podj\u0119\u0142a administracja Donalda Trumpa wzgl\u0119dem Iranu? <\/p>\n<p>Rzeczniczka biura FBI w Los Angeles odm\u00f3wi\u0142a komentarza w tej sprawie, a Bia\u0142y Dom nie udzieli\u0142 natychmiastowej odpowiedzi na pro\u015bb\u0119 o stanowisko.<\/p>\n","protected":false},"excerpt":{"rendered":"W pi\u015bmie, do kt\u00f3rego dotar\u0142o ABC News, podkre\u015blono, \u017ce na pocz\u0105tku lutego 2026 r. Iran mia\u0142 rozwa\u017ca\u0107 przeprowadzenie&hellip;\n","protected":false},"author":2,"featured_media":301163,"comment_status":"","ping_status":"","sticky":false,"template":"","format":"standard","meta":{"footnotes":"","_share_on_mastodon":"0"},"categories":[5],"tags":[32,33,5406,36,37,27,663,1340,34,35,28,31,48,25,46,42,38,40,39,41,47,80,29,30,48835,71,26],"class_list":["post-301162","post","type-post","status-publish","format-standard","has-post-thumbnail","category-naglowki","tag-breaking-news","tag-breakingnews","tag-fbi","tag-featured-news","tag-featurednews","tag-headlines","tag-iran","tag-kalifornia","tag-latest-news","tag-latestnews","tag-naglowki","tag-najwazniejsze-artykuly","tag-nat_styl","tag-news","tag-omp","tag-pl","tag-poland","tag-polish","tag-polska","tag-polski","tag-screening_general","tag-swiat","tag-top-stories","tag-topstories","tag-tst_floating_paywall","tag-usa","tag-wiadomosci"],"share_on_mastodon":{"url":"https:\/\/pubeurope.com\/@pl\/116212960121447771","error":""},"_links":{"self":[{"href":"https:\/\/www.europesays.com\/pl\/wp-json\/wp\/v2\/posts\/301162","targetHints":{"allow":["GET"]}}],"collection":[{"href":"https:\/\/www.europesays.com\/pl\/wp-json\/wp\/v2\/posts"}],"about":[{"href":"https:\/\/www.europesays.com\/pl\/wp-json\/wp\/v2\/types\/post"}],"author":[{"embeddable":true,"href":"https:\/\/www.europesays.com\/pl\/wp-json\/wp\/v2\/users\/2"}],"replies":[{"embeddable":true,"href":"https:\/\/www.europesays.com\/pl\/wp-json\/wp\/v2\/comments?post=301162"}],"version-history":[{"count":0,"href":"https:\/\/www.europesays.com\/pl\/wp-json\/wp\/v2\/posts\/301162\/revisions"}],"wp:featuredmedia":[{"embeddable":true,"href":"https:\/\/www.europesays.com\/pl\/wp-json\/wp\/v2\/media\/301163"}],"wp:attachment":[{"href":"https:\/\/www.europesays.com\/pl\/wp-json\/wp\/v2\/media?parent=301162"}],"wp:term":[{"taxonomy":"category","embeddable":true,"href":"https:\/\/www.europesays.com\/pl\/wp-json\/wp\/v2\/categories?post=301162"},{"taxonomy":"post_tag","embeddable":true,"href":"https:\/\/www.europesays.com\/pl\/wp-json\/wp\/v2\/tags?post=301162"}],"curies":[{"name":"wp","href":"https:\/\/api.w.org\/{rel}","templated":true}]}}