{"id":301553,"date":"2026-03-12T07:25:15","date_gmt":"2026-03-12T07:25:15","guid":{"rendered":"https:\/\/www.europesays.com\/pl\/301553\/"},"modified":"2026-03-12T07:25:15","modified_gmt":"2026-03-12T07:25:15","slug":"spotkanie-przedstawicieli-usa-i-rosji-lakoniczny-wpis-stevea-witkoffa","status":"publish","type":"post","link":"https:\/\/www.europesays.com\/pl\/301553\/","title":{"rendered":"Spotkanie przedstawicieli USA i Rosji. Lakoniczny wpis Steve&#8217;a Witkoffa"},"content":{"rendered":"<p>Witkoff napisa\u0142 w serwisie X, \u017ce na czele rosyjskiej delegacji sta\u0142 Kiri\u0142\u0142 Dmitrijew, specjalny przedstawiciel przyw\u00f3dcy Rosji W\u0142adimira Putina do spraw inwestycji.<\/p>\n<p> Dalszy ci\u0105g artyku\u0142u pod materia\u0142em wideo Lakoniczny wpis wys\u0142annika USA<\/p>\n<p>W sk\u0142ad ameryka\u0144skiej delegacji opr\u00f3cz Witkoffa weszli zi\u0119\u0107 i doradca Trumpa Jared Kushner i doradca Bia\u0142ego Domu Josh Gruenbaum. &#8222;Delegacje om\u00f3wi\u0142y r\u00f3\u017cne tematy i uzgodni\u0142y, \u017ce pozostan\u0105 w kontakcie&#8221; \u2014 doda\u0142 Witkoff.<\/p>\n<p>Dmitrijew we wpisie na X podzi\u0119kowa\u0142 cz\u0142onkom ameryka\u0144skiej delegacji za &#8222;produktywne spotkanie&#8221;.<\/p>\n<p> Kto by\u0142 na czele rosyjskiej delegacji? <\/p>\n<p> Gdzie odby\u0142o si\u0119 spotkanie delegacji USA i Rosji? <\/p>\n<p> Jaky temat poruszano podczas spotkania? <\/p>\n<p> Kto jeszcze by\u0142 w ameryka\u0144skiej delegacji opr\u00f3cz Witkoffa? <\/p>\n<p>  Wcze\u015bniej o <a href=\"https:\/\/www.onet.pl\/informacje\/onetwiadomosci\/wyslannik-kremla-przybyl-do-usa-zamiescil-ostry-wpis-zaklamane-media\/mch7z74,79cfc278\" id=\"5cb62985-8808-4d30-bc2c-f0cdaceb2060\" rel=\"nofollow noopener\" target=\"_blank\">wizycie Dmitrijewa na Florydzie<\/a> poinformowa\u0142y m.in. CNN, Reuters i Interfax.     Rosyjski serwis podkre\u015bli\u0142, \u017ce <a href=\"https:\/\/www.onet.pl\/informacje\/belsatpl\/witkoff-i-dmitrijew-ocenili-rozmowy-w-miami-jako-konstruktywne\/njmyz24,0666d3f1\" id=\"21d22873-c637-444a-a2b9-53b60dab9607\" rel=\"nofollow noopener\" target=\"_blank\">Dmitrijew spotka\u0142 si\u0119 w Miami z przedstawicielami administracji Trumpa<\/a> w ramach negocjacji gospodarczych. Interfax przypomnia\u0142, \u017ce pod koniec lutego Rosjanin prowadzi\u0142 analogiczne spotkania z Amerykanami w Genewie.<\/p>\n<p>Wi\u0119cej szczeg\u00f3\u0142\u00f3w dotycz\u0105cych \u015brodowych rozm\u00f3w nie zosta\u0142o ujawnionych.<\/p>\n","protected":false},"excerpt":{"rendered":"Witkoff napisa\u0142 w serwisie X, \u017ce na czele rosyjskiej delegacji sta\u0142 Kiri\u0142\u0142 Dmitrijew, specjalny przedstawiciel przyw\u00f3dcy Rosji W\u0142adimira&hellip;\n","protected":false},"author":2,"featured_media":301554,"comment_status":"","ping_status":"","sticky":false,"template":"","format":"standard","meta":{"footnotes":"","_share_on_mastodon":"0"},"categories":[14],"tags":[32,33,27,34,35,28,31,48,25,46,40,41,48836,87,47,11050,80,29,30,71,26,82,83,84],"class_list":["post-301553","post","type-post","status-publish","format-standard","has-post-thumbnail","category-swiat","tag-breaking-news","tag-breakingnews","tag-headlines","tag-latest-news","tag-latestnews","tag-naglowki","tag-najwazniejsze-artykuly","tag-nat_styl","tag-news","tag-omp","tag-polish","tag-polski","tag-ref_floating_paywall_tst0","tag-rosja","tag-screening_general","tag-steve_witkoff","tag-swiat","tag-top-stories","tag-topstories","tag-usa","tag-wiadomosci","tag-world","tag-world-news","tag-worldnews"],"share_on_mastodon":{"url":"https:\/\/pubeurope.com\/@pl\/116215016479216713","error":""},"_links":{"self":[{"href":"https:\/\/www.europesays.com\/pl\/wp-json\/wp\/v2\/posts\/301553","targetHints":{"allow":["GET"]}}],"collection":[{"href":"https:\/\/www.europesays.com\/pl\/wp-json\/wp\/v2\/posts"}],"about":[{"href":"https:\/\/www.europesays.com\/pl\/wp-json\/wp\/v2\/types\/post"}],"author":[{"embeddable":true,"href":"https:\/\/www.europesays.com\/pl\/wp-json\/wp\/v2\/users\/2"}],"replies":[{"embeddable":true,"href":"https:\/\/www.europesays.com\/pl\/wp-json\/wp\/v2\/comments?post=301553"}],"version-history":[{"count":0,"href":"https:\/\/www.europesays.com\/pl\/wp-json\/wp\/v2\/posts\/301553\/revisions"}],"wp:featuredmedia":[{"embeddable":true,"href":"https:\/\/www.europesays.com\/pl\/wp-json\/wp\/v2\/media\/301554"}],"wp:attachment":[{"href":"https:\/\/www.europesays.com\/pl\/wp-json\/wp\/v2\/media?parent=301553"}],"wp:term":[{"taxonomy":"category","embeddable":true,"href":"https:\/\/www.europesays.com\/pl\/wp-json\/wp\/v2\/categories?post=301553"},{"taxonomy":"post_tag","embeddable":true,"href":"https:\/\/www.europesays.com\/pl\/wp-json\/wp\/v2\/tags?post=301553"}],"curies":[{"name":"wp","href":"https:\/\/api.w.org\/{rel}","templated":true}]}}