{"id":301671,"date":"2026-03-12T08:33:12","date_gmt":"2026-03-12T08:33:12","guid":{"rendered":"https:\/\/www.europesays.com\/pl\/301671\/"},"modified":"2026-03-12T08:33:12","modified_gmt":"2026-03-12T08:33:12","slug":"orange-zmienil-zasady-to-duze-korzysci-dla-klientow","status":"publish","type":"post","link":"https:\/\/www.europesays.com\/pl\/301671\/","title":{"rendered":"Orange zmieni\u0142 zasady. To du\u017ce korzy\u015bci dla klient\u00f3w"},"content":{"rendered":"<p>W Orange na kart\u0119 obowi\u0105zuj\u0105 ju\u017c nowe zasady dotycz\u0105ce sposobu aktywacji i odnowienia us\u0142ugi \u201eRozmowy, SMS-y i MMS-y bez limitu do wszystkich + pakiet GB\u201d. Operator upro\u015bci\u0142 tak\u017ce jej nazw\u0119, zmieniaj\u0105c j\u0105 na \u201eBez limitu do wszystkich + pakiet GB\u201d.\u00a0<\/p>\n<p>    Dalsza cz\u0119\u015b\u0107 tekstu pod wideo<\/p>\n<p>\n                                Zabrak\u0142o \u015brodk\u00f3w na koncie? Jest na to spos\u00f3b\n            <\/p>\n<p>Co si\u0119 wi\u0119c zmieni\u0142o? Od teraz, nawet je\u015bli u\u017cytkownicy Orange na kart\u0119 nie b\u0119d\u0105 mieli wystarczaj\u0105cych \u015brodk\u00f3w na koncie, us\u0142uga w wersji cyklicznej w\u0142\u0105czy lub odnowi si\u0119 samoistnie, ale na kr\u00f3tszy czas i z mniejsz\u0105, adekwatn\u0105 liczb\u0105 gigabajt\u00f3w \u2013 za wszystkie dost\u0119pne na koncie \u015brodki. W przypadku wariantu jednorazowego mechanizm proporcjonalnego przeliczenia zadzia\u0142a tylko wtedy, gdy u\u017cytkownik sam zleci aktywacj\u0119 us\u0142ugi, a system wykryje, \u017ce brakuje mu pe\u0142nej kwoty.<\/p>\n<p>        <img loading=\"lazy\" decoding=\"async\" src=\"https:\/\/www.europesays.com\/pl\/wp-content\/uploads\/2026\/03\/1773280028_181_B32963402.414688363;dc_trk_aid=607216972;dc_trk_cid=228291445;ord=[timestamp];dc_lat=;dc_rdid=;tag_f.gif\" attributionsrc=\"\" border=\"0\" height=\"1\" width=\"1\" alt=\"Advertisement\"\/><\/p>\n<p>Ponadto Orange pierwszy raz spr\u00f3buje odnowi\u0107 us\u0142ug\u0119 w ostatnim dniu jej wa\u017cno\u015bci, a nie 3 dni wcze\u015bniej, jak dotychczas. Operator wyja\u015bnia, jak to wszystko ma dok\u0142adnie dzia\u0142a\u0107:<\/p>\n<blockquote><p>&#13;<\/p>\n<p>Na przyk\u0142ad pr\u00f3bujecie w\u0142\u0105czy\u0107 us\u0142ug\u0119 jednorazow\u0105 w wariancie za 35 z\u0142 z pakietem 25 GB na 30 dni, ale na koncie macie tylko 11,17 z\u0142. Us\u0142ug\u0119 w\u0142\u0105czymy za 11,17 z\u0142 na 10 dni z proporcjonalnym pakietem 8 GB. Niepe\u0142ne z\u0142ote zaokr\u0105glamy w g\u00f3r\u0119 do 1 z\u0142, a gigabajty do 1 GB.<\/p>\n<p>&#13;\n<\/p><\/blockquote>\n<p>W ten spos\u00f3b Orange umo\u017cliwi u\u017cytkownikom wykorzystanie zgromadzonych \u015brodk\u00f3w na koncie, nie debetuj\u0105c konta kredytem na zakup czy odnowienie us\u0142ugi. Jednocze\u015bnie chroni to klient\u00f3w przed nieplanowanym zu\u017cyciem \u015brodk\u00f3w na ruch wychodz\u0105cy \u2013 po stawkach cennikowych, a nie promocyjno-pakietowych.\u00a0<\/p>\n<p>A co w sytuacji, gdy na koncie jest r\u00f3wne 0 z\u0142? Wtedy us\u0142uga cykliczna nie odnowi si\u0119 od razu, ale Orange b\u0119dzie ponawia\u0107 pr\u00f3by pobrania op\u0142aty przez 31 dni od zako\u0144czenia ostatniego cyklu. Je\u015bli w tym czasie klient do\u0142aduje konto, us\u0142uga w\u0142\u0105czy si\u0119 ponownie, a operator przywr\u00f3ci mu wszystkie niewykorzystane wcze\u015bniej gigabajty. W wariancie jednorazowym klient r\u00f3wnie\u017c ma 31 dni od zako\u0144czenia wa\u017cno\u015bci na ponown\u0105 aktywacj\u0119 us\u0142ugi, aby odzyska\u0107 i zsumowa\u0107 niewykorzystany transfer.<\/p>\n<p>W\u0142\u0105czenie lub odnowienie us\u0142ugi w wariancie proporcjonalnym na kr\u00f3tszy czas nie kasuje dotychczas zgromadzonych gigabajt\u00f3w. Zgodnie z regulaminami, \u015brodki z nowego (mniejszego) pakietu GB po prostu zsumuj\u0105 si\u0119 z transferem, kt\u00f3ry klient zgromadzi\u0142 podczas wcze\u015bniejszych aktywacji lub odnowie\u0144.<\/p>\n<p>W\u015br\u00f3d zmian dotycz\u0105cych us\u0142ug bez limitu jest jeszcze jedna \u2013 Orange zamyka promocyjn\u0105 wersj\u0119 us\u0142ugi \u201eRozmowy, SMS-y i MMS-y bez limitu + 15 GB na pr\u00f3b\u0119\u201d.<\/p>\n<p>Szczeg\u00f3\u0142y dotycz\u0105ce wprowadzonych zasad znajduj\u0105 si\u0119 w nowym regulaminie \u201eBez limitu do wszystkich + pakiet GB\u201d \u2013 w wersji <a href=\"https:\/\/pliki.telepolis.pl\/file\/248787\/original.pdf\" rel=\"nofollow noopener\" target=\"_blank\">cyklicznej<\/a> i <a href=\"https:\/\/pliki.telepolis.pl\/file\/248788\/original.pdf\" target=\"_blank\" rel=\"noopener nofollow\">jednorazowej<\/a>.<\/p>\n","protected":false},"excerpt":{"rendered":"W Orange na kart\u0119 obowi\u0105zuj\u0105 ju\u017c nowe zasady dotycz\u0105ce sposobu aktywacji i odnowienia us\u0142ugi \u201eRozmowy, SMS-y i MMS-y&hellip;\n","protected":false},"author":2,"featured_media":301672,"comment_status":"","ping_status":"","sticky":false,"template":"","format":"standard","meta":{"footnotes":"","_share_on_mastodon":"0"},"categories":[20],"tags":[48990,120,118,119,2711,8193,42,38,40,39,41,116,114,115,121,117],"class_list":["post-301671","post","type-post","status-publish","format-standard","has-post-thumbnail","category-nauka-i-technika","tag-bez-limitu-do-wszystkich-pakiet-gb","tag-nauka","tag-nauka-i-technika","tag-naukatechnika","tag-orange","tag-orange-na-karte","tag-pl","tag-poland","tag-polish","tag-polska","tag-polski","tag-science","tag-science-and-technology","tag-sciencetechnology","tag-technika","tag-technology"],"share_on_mastodon":{"url":"https:\/\/pubeurope.com\/@pl\/116215284047859318","error":""},"_links":{"self":[{"href":"https:\/\/www.europesays.com\/pl\/wp-json\/wp\/v2\/posts\/301671","targetHints":{"allow":["GET"]}}],"collection":[{"href":"https:\/\/www.europesays.com\/pl\/wp-json\/wp\/v2\/posts"}],"about":[{"href":"https:\/\/www.europesays.com\/pl\/wp-json\/wp\/v2\/types\/post"}],"author":[{"embeddable":true,"href":"https:\/\/www.europesays.com\/pl\/wp-json\/wp\/v2\/users\/2"}],"replies":[{"embeddable":true,"href":"https:\/\/www.europesays.com\/pl\/wp-json\/wp\/v2\/comments?post=301671"}],"version-history":[{"count":0,"href":"https:\/\/www.europesays.com\/pl\/wp-json\/wp\/v2\/posts\/301671\/revisions"}],"wp:featuredmedia":[{"embeddable":true,"href":"https:\/\/www.europesays.com\/pl\/wp-json\/wp\/v2\/media\/301672"}],"wp:attachment":[{"href":"https:\/\/www.europesays.com\/pl\/wp-json\/wp\/v2\/media?parent=301671"}],"wp:term":[{"taxonomy":"category","embeddable":true,"href":"https:\/\/www.europesays.com\/pl\/wp-json\/wp\/v2\/categories?post=301671"},{"taxonomy":"post_tag","embeddable":true,"href":"https:\/\/www.europesays.com\/pl\/wp-json\/wp\/v2\/tags?post=301671"}],"curies":[{"name":"wp","href":"https:\/\/api.w.org\/{rel}","templated":true}]}}