{"id":301786,"date":"2026-03-12T09:35:14","date_gmt":"2026-03-12T09:35:14","guid":{"rendered":"https:\/\/www.europesays.com\/pl\/301786\/"},"modified":"2026-03-12T09:35:14","modified_gmt":"2026-03-12T09:35:14","slug":"maja-rutkowski-zdobyla-sie-na-osobiste-wyznanie-bardzo-delikatny-temat","status":"publish","type":"post","link":"https:\/\/www.europesays.com\/pl\/301786\/","title":{"rendered":"Maja Rutkowski zdoby\u0142a si\u0119 na osobiste wyznanie. &#8222;Bardzo delikatny temat&#8221;"},"content":{"rendered":"<p class=\"Paragraph_desktopParagraph__U31Gm\"><a href=\"https:\/\/plejada.pl\/temat\/maja-rutkowski\/e2xprts\" id=\"60ac97e3-9483-4516-9ee5-cf18b7366751\" rel=\"nofollow noopener\" target=\"_blank\">Maja Rutkowski<\/a> ju\u017c od siedmiu lat pozostaje w zwi\u0105zku ma\u0142\u017ce\u0144skim z najpopularniejszym samozwa\u0144czym detektywem w Polsce \u2014 Krzysztofem Rutkowskim. Para doczeka\u0142a si\u0119 syna, a tak\u017ce wychowuj\u0105 c\u00f3rk\u0119 Mai z poprzedniego zwi\u0105zku. Celebrytka ch\u0119tnie pokazuje w mediach spo\u0142eczno\u015bciowych, jak wygl\u0105da jej codzienno\u015b\u0107, kt\u00f3ra ocieka luksusem i bogactwem \u2014 to w\u0142a\u015bnie relacja ze s\u0142ynnym detektywem zagwarantowa\u0142a Mai Rutkowski rozpoznawalno\u015b\u0107, kt\u00f3r\u0105 ta wykorzysta\u0142a do budowania dzia\u0142alno\u015bci influencerskiej.<\/p>\n<ul class=\"OchatFollowUps_wrapper__1ry7X\">\n<li class=\"OchatFollowUps_item__Dhyly OchatFollowUps_itemDesktop__R6aBv\">Co Maja Rutkowski powiedzia\u0142a o swoim staraniu si\u0119 o dzieci?<\/li>\n<li class=\"OchatFollowUps_item__Dhyly OchatFollowUps_itemDesktop__R6aBv\">Jak d\u0142ugo Maja Rutkowski jest w zwi\u0105zku ma\u0142\u017ce\u0144skim?<\/li>\n<li class=\"OchatFollowUps_item__Dhyly OchatFollowUps_itemDesktop__R6aBv\">Jakie trudno\u015bci napotka\u0142a Maja Rutkowski podczas stara\u0144 o potomstwo?<\/li>\n<li class=\"OchatFollowUps_item__Dhyly OchatFollowUps_itemDesktop__R6aBv\">Dlaczego temat dzieci jest dla Mai delikatny?<\/li>\n<\/ul>\n<p>Maja Rutkowski zdoby\u0142a si\u0119 na osobiste wyznanie. Nie zabrak\u0142o \u0142ez <\/p>\n<p class=\"Paragraph_desktopParagraph__U31Gm\">Teraz Maja Rutkowski postanowi\u0142a spr\u00f3bowa\u0107 swoich si\u0142 na szklanym ekranie i pojawi\u0142a si\u0119 w trzeciej edycji &#8222;<a href=\"https:\/\/plejada.pl\/temat\/krolowa-przetrwania\/gd8l96z\" id=\"0e2ef0f6-8ae4-49d7-b50f-a7f5e16d1112\" rel=\"nofollow noopener\" target=\"_blank\">Kr\u00f3lowej przetrwania<\/a>&#8222;. W drugim odcinku jedna z uczestniczek spyta\u0142a celebrytk\u0119, dlaczego nie maj\u0105 z Krzysztofem wi\u0119cej dzieci. Ten temat okaza\u0142 si\u0119 dla Mai niezwykle trudny.<\/p>\n<blockquote>\n<p class=\"Paragraph_desktopParagraph__U31Gm\">To jest dla mnie bardzo delikatny temat. Ze stratami zwi\u0105zany. Dlatego 100 kilogram\u00f3w wa\u017cy\u0142am dwa lata temu, to si\u0119 domy\u015bl, dlaczego&#8230; Hormonalnie si\u0119 leczy\u0142am. Zawsze jest to jaka\u015b tragedia. Wierz\u0119, \u017ce dla ka\u017cdego jest jaka\u015b droga<\/p>\n<\/blockquote>\n<p class=\"Paragraph_desktopParagraph__U31Gm\">\u2014 wyzna\u0142a wyra\u017anie poruszona.<\/p>\n<p><img decoding=\"async\" class=\"Image_image__0tuHp Image_autoHeight__f2n87 \" height=\"587\" width=\"335\" src=\"https:\/\/www.europesays.com\/pl\/wp-content\/uploads\/2026\/03\/UOYk9kpTURBXy83ZjM1ZDdhYTJjMDNhNTZkMGM3MTIwNzk4MGY2Y2I2ZC5wbmeTlQPNAcrM2s0BnM0C0JUCzQOsAMLDlQIAzQJLw.jpeg\" alt=\"Kadr z &quot;Kr\u00f3lowej przetrwania&quot;\" loading=\"lazy\" \/>HBO Max<\/p>\n<p>Kadr z &#8222;Kr\u00f3lowej przetrwania&#8221;<\/p>\n<p class=\"Paragraph_desktopParagraph__U31Gm\">Gdy jaki\u015b czas temu Maja Rutkowski przybra\u0142a na wadze, w sieci pojawi\u0142o si\u0119 mn\u00f3stwo negatywnych komentarzy, a wiele os\u00f3b zastanawia\u0142o si\u0119, czy przypadkiem nie jest w ci\u0105\u017cy. <\/p>\n<p class=\"Paragraph_desktopParagraph__U31Gm\">Celebrytka wyjawi\u0142a w &#8222;Kr\u00f3lowej przetrwania&#8221;, \u017ce w\u0142a\u015bnie wtedy starali si\u0119 z m\u0119\u017cem o dziecko, jednak wszelkie pr\u00f3by ko\u0144czy\u0142y si\u0119 niepowodzeniem, a terapia hormonalna, kt\u00f3r\u0105 w\u00f3wczas przechodzi\u0142a, sprawi\u0142a, \u017ce przyby\u0142o jej kilka kilogram\u00f3w.<\/p>\n<p><img decoding=\"async\" class=\"Image_image__0tuHp Image_autoHeight__f2n87 \" height=\"587\" width=\"391\" src=\"https:\/\/www.europesays.com\/pl\/wp-content\/uploads\/2026\/03\/w0Vk9kpTURBXy9kOWJmNjEzZTM4ZTU4MGI5ZjAyZDEyOGYzNTdmYWU0Mi5qcGeSlQLNA6wAwsOVAgDNAkvCw94AA6EwAaExAaEzw.jpeg\" alt=\"Maja Rutkowski\" loading=\"lazy\" \/>mwmedia \/ MW Media<\/p>\n<p>Maja Rutkowski<\/p>\n<p><img decoding=\"async\" class=\"Image_image__0tuHp Image_autoHeight__f2n87 \" height=\"587\" width=\"391\" src=\"https:\/\/www.europesays.com\/pl\/wp-content\/uploads\/2026\/03\/xGEk9kpTURBXy8wODlmYTliMmU0MTRmMDNmYmQ0NTAxNmVjY2FkMGRmMC5qcGeSlQLNA6wAwsOVAgDNAkvCw94AA6EwAaExAaEzw.jpeg\" alt=\"Maja Rutkowski\" loading=\"lazy\" \/>Andras Szilagyi \/ MW Media<\/p>\n<p>Maja Rutkowski<\/p>\n<p class=\"Paragraph_desktopParagraph__U31Gm\">Dzi\u0119kujemy, \u017ce przeczyta\u0142a\u015b\/e\u015b nasz artyku\u0142 do ko\u0144ca. W serwisie Plejada.pl ka\u017cdego dnia piszemy o najwa\u017cniejszych wydarzeniach show-biznesowych. B\u0105d\u017a na bie\u017c\u0105co!<a rel=\"nofollow noopener\" href=\"https:\/\/profile.google.com\/cp\/Cg0vZy8xMWJ6X19wdHBx\" id=\"f11c75ba-2f94-46b6-8c35-d175c164aeec\" target=\"_blank\"> Obserwuj<\/a> Plejad\u0119 w Google. Odwied\u017a nas tak\u017ce na<a rel=\"nofollow noopener\" href=\"https:\/\/www.facebook.com\/plejadapl\" id=\"cacab1f1-45ad-4bd6-aace-c65cf6528cda\" target=\"_blank\"> Facebooku<\/a>,<a rel=\"nofollow noopener\" href=\"https:\/\/www.instagram.com\/plejadapl\/\" id=\"8c41920c-4fa3-447e-8289-5b43ef33cfb6\" target=\"_blank\"> Instagramie<\/a>,<a rel=\"nofollow noopener\" href=\"https:\/\/www.youtube.com\/c\/plejada\" id=\"0154575e-9093-454b-af4c-0c356950ff51\" target=\"_blank\"> YouTubie<\/a> oraz<a rel=\"nofollow noopener\" href=\"https:\/\/www.tiktok.com\/@plejada_pl\" id=\"06506344-ea01-4c78-a6ec-b33fe43a957c\" target=\"_blank\"> TikToku<\/a>.<\/p>\n<p class=\"Paragraph_desktopParagraph__U31Gm\">Chcesz podzieli\u0107 si\u0119 ciekawym newsem lub zaproponowa\u0107 temat? Skontaktuj si\u0119 z nami, pisz\u0105c maila na adres: <a href=\"https:\/\/www.onet.pl\/styl-zycia\/plejada\/maja-rutkowski-zdobyla-sie-na-osobiste-wyznanie-bardzo-delikatny-temat\/mailto:plejada@redakcjaonet.pl\" id=\"2ae8f514-5fcc-48d5-91dd-2a128cb70628\" rel=\"nofollow noopener\" target=\"_blank\">plejada@redakcjaonet.pl<\/a>.<\/p>\n<p><script async src=\"\/\/www.instagram.com\/embed.js\"><\/script><script async src=\"\/\/www.tiktok.com\/embed.js\"><\/script><\/p>\n","protected":false},"excerpt":{"rendered":"Maja Rutkowski ju\u017c od siedmiu lat pozostaje w zwi\u0105zku ma\u0142\u017ce\u0144skim z najpopularniejszym samozwa\u0144czym detektywem w Polsce \u2014 Krzysztofem&hellip;\n","protected":false},"author":2,"featured_media":301787,"comment_status":"","ping_status":"","sticky":false,"template":"","format":"standard","meta":{"footnotes":"","_share_on_mastodon":"0"},"categories":[22],"tags":[48994,122,67,1858,5628,5866,53,52,68,51,55,42,38,40,39,41,3285,123,47,196,65,50],"class_list":["post-301786","post","type-post","status-publish","format-standard","has-post-thumbnail","category-rozrywka","tag-ciaza_gwiazd","tag-entertainment","tag-intextvideo_splayer","tag-krolowa_przetrwania","tag-krzysztof_rutkowski_detektyw_rutkowski_patrol","tag-maja_rutkowski","tag-new_header","tag-onet3","tag-onet3d","tag-onet3d_2i","tag-phx","tag-pl","tag-poland","tag-polish","tag-polska","tag-polski","tag-poronienie","tag-rozrywka","tag-screening_general","tag-styl_zycia","tag-update_me","tag-v2021"],"share_on_mastodon":{"url":"https:\/\/pubeurope.com\/@pl\/116215527770415421","error":""},"_links":{"self":[{"href":"https:\/\/www.europesays.com\/pl\/wp-json\/wp\/v2\/posts\/301786","targetHints":{"allow":["GET"]}}],"collection":[{"href":"https:\/\/www.europesays.com\/pl\/wp-json\/wp\/v2\/posts"}],"about":[{"href":"https:\/\/www.europesays.com\/pl\/wp-json\/wp\/v2\/types\/post"}],"author":[{"embeddable":true,"href":"https:\/\/www.europesays.com\/pl\/wp-json\/wp\/v2\/users\/2"}],"replies":[{"embeddable":true,"href":"https:\/\/www.europesays.com\/pl\/wp-json\/wp\/v2\/comments?post=301786"}],"version-history":[{"count":0,"href":"https:\/\/www.europesays.com\/pl\/wp-json\/wp\/v2\/posts\/301786\/revisions"}],"wp:featuredmedia":[{"embeddable":true,"href":"https:\/\/www.europesays.com\/pl\/wp-json\/wp\/v2\/media\/301787"}],"wp:attachment":[{"href":"https:\/\/www.europesays.com\/pl\/wp-json\/wp\/v2\/media?parent=301786"}],"wp:term":[{"taxonomy":"category","embeddable":true,"href":"https:\/\/www.europesays.com\/pl\/wp-json\/wp\/v2\/categories?post=301786"},{"taxonomy":"post_tag","embeddable":true,"href":"https:\/\/www.europesays.com\/pl\/wp-json\/wp\/v2\/tags?post=301786"}],"curies":[{"name":"wp","href":"https:\/\/api.w.org\/{rel}","templated":true}]}}