{"id":301993,"date":"2026-03-12T11:43:46","date_gmt":"2026-03-12T11:43:46","guid":{"rendered":"https:\/\/www.europesays.com\/pl\/301993\/"},"modified":"2026-03-12T11:43:46","modified_gmt":"2026-03-12T11:43:46","slug":"mercedes-benz-vle-zastapi-wysluzona-klase-v-na-razie-nie-dostal-diesla","status":"publish","type":"post","link":"https:\/\/www.europesays.com\/pl\/301993\/","title":{"rendered":"Mercedes-Benz VLE zast\u0105pi wys\u0142u\u017con\u0105 Klas\u0119 V. Na razie nie dosta\u0142 diesla"},"content":{"rendered":"\n<p class=\"ods-o-frame-in-text__paragraph\">W skr\u00f3cie: <\/p>\n<ul class=\"ods-m-bullet-list\">\n<li class=\"ods-a-bullet ods-a-bullet--normal\"> Nowy elektryczny Mercedes VLE nie od razu zast\u0105pi star\u0105 Klas\u0119 V. Na razie spalinowy poprzednik i elektryczny nast\u0119pca b\u0119d\u0105 r\u00f3wnolegle w sprzeda\u017cy <\/li>\n<li class=\"ods-a-bullet ods-a-bullet--normal\"> VLE to model w pe\u0142ni elektryczny zbudowany na 800-woltowej architekturze. Zasi\u0119g to a\u017c 700 km, a 15 minut \u0142adowania pozwala na uzupe\u0142nienie 355 km zasi\u0119gu <\/li>\n<li class=\"ods-a-bullet ods-a-bullet--normal\"> Mercedes nazywa VLE &#8222;wielk\u0105 limuzyn\u0105&#8221;. To kr\u00f3lestwo gad\u017cet\u00f3w i b\u0142yskotek, takich jak o\u015bwietlenie ambientowe, ekrany (w tym wysuwany z podsufitki) czy 22-g\u0142o\u015bnikowy system audio Burmester 3D <\/li>\n<\/ul>\n<p>   By\u0142o dobrze, b\u0119dzie&#8230; lepiej? Bazuj\u0105ca na modelu zaprezentowanym w 2003 r. wys\u0142u\u017cona Klasa V wreszcie doczeka\u0142a si\u0119 nast\u0119pcy z prawdziwego zdarzenia \u2014 powitajcie Mercedesa VLE, czyli nowego kr\u00f3la w segmencie luksusowych van\u00f3w. Producent okre\u015bla go mianem &#8222;wielkiej limuzyny&#8221;, sugeruj\u0105c, \u017ce dostaniemy w nim to, co w Klasie S, tyle \u017ce w du\u017co wi\u0119kszym formacie. I zupe\u0142nie nowej formie, bo na pocz\u0105tku Mercedes VLE b\u0119dzie wy\u0142\u0105cznie elektrykiem. Ale spokojnie \u2014 <a href=\"https:\/\/www.auto-swiat.pl\/testy\/testy-nowych-samochodow\/mercedes-v-300d-4matic-luksusowy-van-test\/mqdb6yh\" id=\"705a859a-2e62-45b8-8089-bab4927427c6\" rel=\"nofollow noopener\" target=\"_blank\">poprzednia Klasa V z dieslem<\/a> i benzyniakiem nie zostanie od razu wys\u0142ana na emerytur\u0119. Dalszy ci\u0105g artyku\u0142u pod materia\u0142em wideo Jakie silniki ma Mercedes VLE?<\/p>\n<p>Mercedes VLE nie dzieli z poprzednikiem ani jednej cz\u0119\u015bci. To zupe\u0142nie nowa konstrukcja zbudowana na platformie Van Architecture wykorzystuj\u0105cej 800-woltow\u0105 instalacj\u0119 elektryczn\u0105. Martwicie si\u0119 o zasi\u0119g? Mercedes ukry\u0142 w podwoziu VLE akumulator o pojemno\u015bci u\u017cytkowej wynosz\u0105cej a\u017c 115 kWh (!), dzi\u0119ki kt\u00f3remu b\u0119dzie mo\u017cna przejecha\u0107 nawet 700 km bez szukania \u017ar\u00f3d\u0142a pr\u0105du. \u0141adowanie w trasie ma by\u0107 bezbolesne \u2014 na odpowiedniej stacji uzupe\u0142nienie energii na kolejne 355 km zasi\u0119gu zajmuje pono\u0107 15 minut.<\/p>\n<p>Na pocz\u0105tku sprzeda\u017cy klienci b\u0119d\u0105 mieli do wyboru dwie wersje:<\/p>\n<p> Jakie s\u0105 dost\u0119pne wersje Mercedesa VLE? <\/p>\n<p> Jaka jest moc silnik\u00f3w w Mercedesie VLE? <\/p>\n<p> Jak d\u0142ugo trwa \u0142adowanie Mercedesa VLE? <\/p>\n<p> Jakie nowo\u015bci pojawi\u0142y si\u0119 w kabinie Mercedesa VLE? <\/p>\n<ul class=\"ods-m-bullet-list\">\n<li class=\"ods-a-bullet ods-a-bullet--normal\"> VLE 300 z jednym silnikiem o mocy 276 KM i nap\u0119dem na prz\u00f3d, <\/li>\n<li class=\"ods-a-bullet ods-a-bullet--normal\"> VLE 400 4MATIC z dwoma silnikami generuj\u0105cymi 415 KM i zapewniaj\u0105cymi nap\u0119d 4&#215;4. <\/li>\n<\/ul>\n<p> <img decoding=\"async\" src=\"https:\/\/www.europesays.com\/pl\/wp-content\/uploads\/2026\/03\/Cspk9lBaHR0cHM6Ly9vY2RuLmV1L3B1bHNjbXMvTURBXy8xYzAxZDEzZjVlY2Q3ZTJhODgwZmMxODE5ZDAzMmJkMi5qcGeSlQMAA.jpeg\" height=\"626\" width=\"940\" alt=\"Mercedes-Benz VLE na razie b\u0119dzie oferowany wy\u0142\u0105cznie jako elektryk\" loading=\"lazy\" class=\"ods-c-image__img ods-c-image__img--viewport-width\"\/> <\/p>\n<p>Mercedes-Benz VLE na razie b\u0119dzie oferowany wy\u0142\u0105cznie jako elektrykMercedes-Benz Polska<\/p>\n<p> Mercedes zaznacza, \u017ce VLE 400 4MATIC jest najmocniejszym autem w swojej klasie i przyspiesza od 0 do 100 km na godz. w zaledwie 6,5 s, co stawia go na r\u00f3wni z&#8230; hot hatchami! W przysz\u0142o\u015bci pojawi\u0105 si\u0119 wersje z akumulatorem 80 kWh, kt\u00f3re b\u0119d\u0105 ta\u0144sze, ale przejad\u0105 mniej kilometr\u00f3w na jednym \u0142adowaniu. Od samego pocz\u0105tku za to dost\u0119pne b\u0119dzie pneumatyczne zawieszenie AIRMATIC z regulacj\u0105 wysoko\u015bci i skr\u0119tna tylna o\u015b (o 7 st.), dzi\u0119ki czemu VLE ma <a href=\"https:\/\/www.auto-swiat.pl\/ev\/testy\/mercedes-cla-250-test-ceny-sprawdzamy-jaki-jest-nowy-kompakt-z-niemiec\/879sxe4\" id=\"890e9acb-e1a7-4c9a-8064-359b1b00774c\" rel=\"nofollow noopener\" target=\"_blank\">zawraca\u0107 w tych samych miejscach, co CLA<\/a>.     Mercedes VLE wygl\u0105da jak napompowana limuzynaNowa gwiazda segmentu MPV wyr\u00f3\u017cnia si\u0119 na tle konkurent\u00f3w jeszcze jedn\u0105 rzecz\u0105 \u2014 bardzo niskim jak na auto z takim nadwoziem wsp\u00f3\u0142czynnikiem oporu powietrza (to zaledwie 0,25 Cx). Projektantom uda\u0142o si\u0119 to osi\u0105gn\u0105\u0107 dzi\u0119ki wyd\u0142u\u017ceniu linii dachu i zaokr\u0105gleniu ty\u0142u. Te starania wida\u0107 w sylwetce, kt\u00f3ra zdaje si\u0119&#8230; nieco rozlewa\u0107. Wygl\u0105d tego auta jest dyskusyjny, ale \u2014 na szcz\u0119\u015bcie \u2013 daleko mu do <a href=\"https:\/\/www.auto-swiat.pl\/testy\/testy-nowych-samochodow\/mercedes-eqs-jakby-spod-innej-gwiazdy-test-pierwsza-jazda\/jsjmlnw\" id=\"302678b9-994e-4235-b24d-2c9b986e3211\" rel=\"nofollow noopener\" target=\"_blank\">jajowatych potwork\u00f3w z rodziny EQ<\/a>, o kt\u00f3rej Mercedes stara si\u0119 zapomnie\u0107. <\/p>\n<p>Naturalnie w nadwoziu VLE odnajdziemy wiele nowych motyw\u00f3w stylistycznych, kt\u00f3rych trzyma si\u0119 teraz marka ze Stuttgartu. Najja\u015bniejszym przyk\u0142adem jest nowy znak rozpoznawczy Mercedesa, czyli ogromny pod\u015bwietlany grill. Nad nim znajdziecie listw\u0119 \u015bwietln\u0105 \u0142\u0105cz\u0105c\u0105 reflektory, w kt\u00f3rych nie zabrak\u0142o \u015bwiate\u0142 do jazdy dziennej w kszta\u0142cie gwiazdy. Co wa\u017cne, na masce jest klasyczna stoj\u0105ca gwiazda \u2014 uff, jednak s\u0105 jeszcze jakie\u015b \u015bwi\u0119to\u015bci! Ty\u0142 jest bardzo prosty i podyktowany aerodynamice \u2014 ma pionowe lampy po\u0142\u0105czone spojlerem i funkcj\u0119 u\u0142atwiaj\u0105c\u0105 szybki za\u0142adunek, czyli otwieran\u0105 szyb\u0119 w klapie baga\u017cnika.<\/p>\n<p>Fotele Mercedesa VLE mog\u0105 wykona\u0107 taniec baletowy<\/p>\n<p>Nowo\u015bci nie zabrak\u0142o te\u017c w kabinie Mercedesa VLE, kt\u00f3ra ma by\u0107 jeszcze \u0142atwiejsza w aran\u017cacji w zale\u017cno\u015bci od potrzeb podr\u00f3\u017cnych. Przyk\u0142ad? Opcjonalne elektryczne siedzenia mog\u0105 by\u0107 sterowane za pomoc\u0105 aplikacji lub na wy\u015bwietlaczu centralnym (funkcja Remote Variable Rear Space), co Niemcy por\u00f3wnuj\u0105 do&#8230; ta\u0144ca baletowego. Klienci mog\u0105 te\u017c zdecydowa\u0107 si\u0119 na tradycyjne, manualnie przesuwane fotele z k\u00f3\u0142kami, do kt\u00f3rych nie potrzeba \u017cadnej aplikacji.<\/p>\n<p> <img decoding=\"async\" src=\"https:\/\/www.europesays.com\/pl\/wp-content\/uploads\/2026\/03\/hoWk9lBaHR0cHM6Ly9vY2RuLmV1L3B1bHNjbXMvTURBXy9lMGQ1YmZiZTUxYzllNGExNjRmYjI1YWVhNGQ3ZWQ0MC5qcGeSlQMAA.jpeg\" height=\"529\" width=\"940\" alt=\"Ci\u0119\u017ckie, ale \u0142atwe w transportowaniu fotele na k\u00f3\u0142kach\" loading=\"lazy\" class=\"ods-c-image__img ods-c-image__img--viewport-width\"\/> <\/p>\n<p>Ci\u0119\u017ckie, ale \u0142atwe w transportowaniu fotele na k\u00f3\u0142kachMercedes-Benz Polska<\/p>\n<p>Mercedes przygotowa\u0142 cztery fabryczne konfiguracje wn\u0119trza, w ramach kt\u00f3rych mo\u017cemy przewie\u017a\u0107 maksymalnie osiem os\u00f3b. Mamy wszystko, czego tylko mo\u017cemy zapragn\u0105\u0107 \u2014 od maksymalnej przestrzeni baga\u017cowej po niezwykle komfortow\u0105 limuzyn\u0119 dla pasa\u017cer\u00f3w drugiego rz\u0119du. Opcjonalne fotele Grand Comfort Seat oferuj\u0105 masa\u017c, podparcie l\u0119d\u017awiowe, podparcie \u0142ydek i maj\u0105 wbudowan\u0105 \u0142adowark\u0119 indukcyjn\u0105.<\/p>\n<p>     Ile ekran\u00f3w ma Mercedes VLE? TAK!Oczywi\u015bcie, skoro to limuzyna w\u015br\u00f3d van\u00f3w, to nie mog\u0142o zabrakn\u0105\u0107 luksusowego wyposa\u017cenia. O tym, \u017ce system operacyjny MB.OS i asystent g\u0142osowy s\u0105 wyposa\u017cone w AI i rozumiej\u0105 rozbudowane komunikaty, naprawd\u0119 ju\u017c nie trzeba wspomina\u0107. Zaskoczeniem nie b\u0119dzie te\u017c fakt, \u017ce <a href=\"https:\/\/www.auto-swiat.pl\/wiadomosci\/aktualnosci\/mercedes-eqs-z-kosmicznym-kokpitem-megawyswietlacz-o-szerokosci-141-cm\/zxw81sp\" id=\"15da12a9-de8f-4395-b8f4-5c2e2ad4959b\" rel=\"nofollow noopener\" target=\"_blank\">deska rozdzielcza sk\u0142ada si\u0119 w\u0142a\u015bciwie tylko z ekran\u00f3w<\/a> (trzech: 10,25-calowego dla kierowcy, 14-calowego \u015brodkowego oraz 14-calowego dla pasa\u017cera) i otwor\u00f3w wentylacyjnych. Dodatkowo dzi\u0119ki wy\u015bwietlaczowi przeziernemu (HUD) kierowca mo\u017ce skorzysta\u0107 jeszcze z 23,1-calowego obrazu z funkcj\u0105 rozszerzonej rzeczywisto\u015bci.<\/p>\n<p>Tyle \u017ce to rzeczy, kt\u00f3re znamy ju\u017c z innych modeli. Gdzie ten luksus godzien &#8222;wielkiej limuzyny&#8221;? Z ty\u0142u. Mercedes VLE ma tam zamieniaj\u0105cy auto w mobiln\u0105 sal\u0119 kinow\u0105, wysuwany z podsufitki 31,3-calowy ekran panoramiczny o rozdzielczo\u015bci 8K. Dodajcie do tego 22-g\u0142o\u015bnikowy system audio Burmester 3D Surround z technologi\u0105 Dolby Atmos i mo\u017cecie zacz\u0105\u0107 sprzedawa\u0107 s\u0105siadom bilety na transmisje koncert\u00f3w. Albo denerwowa\u0107 si\u0119 nawet na najmniejszy szelest us\u0142yszany podczas wideokonferencji mo\u017cliwej do przeprowadzenia dzi\u0119ki wbudowanej kamerze o rozdzielczo\u015bci 8 MPx.<\/p>\n<p>Czy te wszystkie bajery skusz\u0105 klient\u00f3w na przesiadk\u0119 do elektryka? By\u0107 mo\u017ce nie b\u0119d\u0105 musia\u0142y, bo w kuluarach m\u00f3wi si\u0119 o tym, \u017ce ostatecznie w gamie silnik\u00f3w VLE pojawi\u0105 si\u0119 te\u017c jednostki spalinowe. Czy znajdzie si\u0119 w\u015br\u00f3d nich silnik Diesla? Niewykluczone, ale na ten temat nie ma na razie \u017cadnych informacji.<\/p>\n<p>        1\/45 Mercedes-Benz VLE       <img class=\"ods-a-photo ods-a-photo--background\" src=\"https:\/\/www.europesays.com\/pl\/wp-content\/uploads\/2026\/03\/-nJk9lBaHR0cHM6Ly9vY2RuLmV1L3B1bHNjbXMvTURBXy80NDZkNDNiZGZhNjNjYjY2ODZjMjEyNTcwMzQzNGE5MC5qcGeRkwXNB.jpeg\" height=\"627\" width=\"940\" alt=\"Mercedes-Benz VLE\" loading=\"lazy\" fetchpriority=\"auto\" decoding=\"auto\"\/>    <\/p>\n<p>Mercedes-Benz Polska<\/p>\n<p>         2\/45 Mercedes-Benz VLE       <img class=\"ods-a-photo ods-a-photo--background\" src=\"https:\/\/www.europesays.com\/pl\/wp-content\/uploads\/2026\/03\/-Tbk9lBaHR0cHM6Ly9vY2RuLmV1L3B1bHNjbXMvTURBXy81OTY5NmI4MzZkNTMyYjIzYzJhOWJmMzNiNDVlODhhOS5qcGeRkwXNB.jpeg\" height=\"627\" width=\"940\" alt=\"Mercedes-Benz VLE\" loading=\"lazy\" fetchpriority=\"auto\" decoding=\"auto\"\/>    <\/p>\n<p>Mercedes-Benz Polska<\/p>\n<p>                3\/45 Mercedes-Benz VLE       <img class=\"ods-a-photo ods-a-photo--background\" src=\"https:\/\/www.europesays.com\/pl\/wp-content\/uploads\/2026\/03\/KgMk9lBaHR0cHM6Ly9vY2RuLmV1L3B1bHNjbXMvTURBXy82OGYxNTNkODk5ZGUyMTM1MDNjZGUzNjZkZGUwMzc5NC5qcGeRkwXNB.jpeg\" height=\"627\" width=\"940\" alt=\"Mercedes-Benz VLE\" loading=\"lazy\" fetchpriority=\"auto\" decoding=\"auto\"\/>    <\/p>\n<p>Mercedes-Benz Polska<\/p>\n<p>         4\/45 Mercedes-Benz VLE       <img class=\"ods-a-photo ods-a-photo--background\" src=\"https:\/\/www.europesays.com\/pl\/wp-content\/uploads\/2026\/03\/48ak9lBaHR0cHM6Ly9vY2RuLmV1L3B1bHNjbXMvTURBXy8zNTRhZmQ4NWEwZTA3ZDJmZDM4OWVmYmRmOTE0ZGJkMy5qcGeRkwXNB.jpeg\" height=\"627\" width=\"940\" alt=\"Mercedes-Benz VLE\" loading=\"lazy\" fetchpriority=\"auto\" decoding=\"auto\"\/>    <\/p>\n<p>Mercedes-Benz Polska<\/p>\n<p>                5\/45 Mercedes-Benz VLE       <img class=\"ods-a-photo ods-a-photo--background\" src=\"https:\/\/www.europesays.com\/pl\/wp-content\/uploads\/2026\/03\/suHk9lBaHR0cHM6Ly9vY2RuLmV1L3B1bHNjbXMvTURBXy85MmJiNWI2ZDRjNDFjZGE3NzUzNWY0ZTVhOWNhNDQyYy5qcGeRkwXNB.jpeg\" height=\"627\" width=\"940\" alt=\"Mercedes-Benz VLE\" loading=\"lazy\" fetchpriority=\"auto\" decoding=\"auto\"\/>    <\/p>\n<p>Mercedes-Benz Polska<\/p>\n<p>         6\/45 Mercedes-Benz VLE       <img class=\"ods-a-photo ods-a-photo--background\" src=\"https:\/\/www.europesays.com\/pl\/wp-content\/uploads\/2026\/03\/05_k9lBaHR0cHM6Ly9vY2RuLmV1L3B1bHNjbXMvTURBXy85M2ExYmViMDcyOTJlZjZkYjdhZDg5MTZkMTI3MmFjYy5qcGeRkwXNB.jpeg\" height=\"627\" width=\"940\" alt=\"Mercedes-Benz VLE\" loading=\"lazy\" fetchpriority=\"auto\" decoding=\"auto\"\/>    <\/p>\n<p>Mercedes-Benz Polska<\/p>\n<p>                7\/45 Mercedes-Benz VLE       <img class=\"ods-a-photo ods-a-photo--background\" src=\"https:\/\/www.europesays.com\/pl\/wp-content\/uploads\/2026\/03\/mcKk9lBaHR0cHM6Ly9vY2RuLmV1L3B1bHNjbXMvTURBXy8xYjE4ZDc2NDkxNjgxNzg4OWU5OTAxNDNlODE5YmRjNC5qcGeRkwXNB.jpeg\" height=\"627\" width=\"940\" alt=\"Mercedes-Benz VLE\" loading=\"lazy\" fetchpriority=\"auto\" decoding=\"auto\"\/>    <\/p>\n<p>Mercedes-Benz Polska<\/p>\n<p>         8\/45 Mercedes-Benz VLE       <img class=\"ods-a-photo ods-a-photo--background\" src=\"https:\/\/www.europesays.com\/pl\/wp-content\/uploads\/2026\/03\/oyjk9lBaHR0cHM6Ly9vY2RuLmV1L3B1bHNjbXMvTURBXy9kYWNmYjU5NGNiMGY3MTJkNGFjN2EwMWI1ZmFiYmZhMi5qcGeRkwXNB.jpeg\" height=\"627\" width=\"940\" alt=\"Mercedes-Benz VLE\" loading=\"lazy\" fetchpriority=\"auto\" decoding=\"auto\"\/>    <\/p>\n<p>Mercedes-Benz Polska<\/p>\n<p>                9\/45 Mercedes-Benz VLE       <img class=\"ods-a-photo ods-a-photo--background\" src=\"https:\/\/www.europesays.com\/pl\/wp-content\/uploads\/2026\/03\/xQlk9lBaHR0cHM6Ly9vY2RuLmV1L3B1bHNjbXMvTURBXy84MjFiZmMwMjRlNDRjMzQzMThiYWVjMGUyOGUwM2JhNi5qcGeRkwXNB.jpeg\" height=\"627\" width=\"940\" alt=\"Mercedes-Benz VLE\" loading=\"lazy\" fetchpriority=\"auto\" decoding=\"auto\"\/>    <\/p>\n<p>Mercedes-Benz Polska<\/p>\n<p>         10\/45 Mercedes-Benz VLE       <img class=\"ods-a-photo ods-a-photo--background\" src=\"https:\/\/www.europesays.com\/pl\/wp-content\/uploads\/2026\/03\/qTNk9lBaHR0cHM6Ly9vY2RuLmV1L3B1bHNjbXMvTURBXy8wNzE1MDE5YTM1Y2YzYmYwZjgxNTJhYjE4MjRiMDljYS5qcGeRkwXNB.jpeg\" height=\"627\" width=\"940\" alt=\"Mercedes-Benz VLE\" loading=\"lazy\" fetchpriority=\"auto\" decoding=\"auto\"\/>    <\/p>\n<p>Mercedes-Benz Polska<\/p>\n<p>                11\/45 Mercedes-Benz VLE       <img class=\"ods-a-photo ods-a-photo--background\" src=\"https:\/\/www.europesays.com\/pl\/wp-content\/uploads\/2026\/03\/Q5pk9lBaHR0cHM6Ly9vY2RuLmV1L3B1bHNjbXMvTURBXy83YjczYzEyMTA5MzVkNzAwZDgzZDgyNzU0Y2EyNmMwNy5qcGeRkwXNB.jpeg\" height=\"627\" width=\"940\" alt=\"Mercedes-Benz VLE\" loading=\"lazy\" fetchpriority=\"auto\" decoding=\"auto\"\/>    <\/p>\n<p>Mercedes-Benz Polska<\/p>\n<p>         12\/45 Mercedes-Benz VLE       <img class=\"ods-a-photo ods-a-photo--background\" src=\"https:\/\/www.europesays.com\/pl\/wp-content\/uploads\/2026\/03\/8Pck9lBaHR0cHM6Ly9vY2RuLmV1L3B1bHNjbXMvTURBXy9mMzAyN2E4ZDc1ODY4MTE0YzM2N2NkYTQ2MzUzYTVhMi5qcGeRkwXNB.jpeg\" height=\"627\" width=\"940\" alt=\"Mercedes-Benz VLE\" loading=\"lazy\" fetchpriority=\"auto\" decoding=\"auto\"\/>    <\/p>\n<p>Mercedes-Benz Polska<\/p>\n<p>                13\/45 Mercedes-Benz VLE       <img class=\"ods-a-photo ods-a-photo--background\" src=\"https:\/\/www.europesays.com\/pl\/wp-content\/uploads\/2026\/03\/Ov5k9lBaHR0cHM6Ly9vY2RuLmV1L3B1bHNjbXMvTURBXy8yZjk2OGUwM2Q0MTUyM2VlOWM3NjBlY2IwMGI2ZTk0Ni5qcGeRkwXNB.jpeg\" height=\"627\" width=\"940\" alt=\"Mercedes-Benz VLE\" loading=\"lazy\" fetchpriority=\"auto\" decoding=\"auto\"\/>    <\/p>\n<p>Mercedes-Benz Polska<\/p>\n<p>         14\/45 Mercedes-Benz VLE       <img class=\"ods-a-photo ods-a-photo--background\" src=\"https:\/\/www.europesays.com\/pl\/wp-content\/uploads\/2026\/03\/9MPk9lBaHR0cHM6Ly9vY2RuLmV1L3B1bHNjbXMvTURBXy8zZjI5MGQxZmVjMWZlYmY4OTc4ZDZiNTE3MDAxMzQ0My5qcGeRkwXNB.jpeg\" height=\"627\" width=\"940\" alt=\"Mercedes-Benz VLE\" loading=\"lazy\" fetchpriority=\"auto\" decoding=\"auto\"\/>    <\/p>\n<p>Mercedes-Benz Polska<\/p>\n<p>                15\/45 Mercedes-Benz VLE       <img class=\"ods-a-photo ods-a-photo--background\" src=\"https:\/\/www.europesays.com\/pl\/wp-content\/uploads\/2026\/03\/1FHk9lBaHR0cHM6Ly9vY2RuLmV1L3B1bHNjbXMvTURBXy80YzMzZTljZjhmZjhjYzkzNzQxMzkwOTgwNDRhYTkwZS5qcGeRkwXNB.jpeg\" height=\"627\" width=\"940\" alt=\"Mercedes-Benz VLE\" loading=\"lazy\" fetchpriority=\"auto\" decoding=\"auto\"\/>    <\/p>\n<p>Mercedes-Benz Polska<\/p>\n<p>         16\/45 Mercedes-Benz VLE       <img class=\"ods-a-photo ods-a-photo--background\" src=\"https:\/\/www.europesays.com\/pl\/wp-content\/uploads\/2026\/03\/ce6k9lBaHR0cHM6Ly9vY2RuLmV1L3B1bHNjbXMvTURBXy8wMTY2NjBjZWJkNWYxOGRhZDU4MzY3YWI1YTIyMTZiOC5qcGeRkwXNB.jpeg\" height=\"627\" width=\"940\" alt=\"Mercedes-Benz VLE\" loading=\"lazy\" fetchpriority=\"auto\" decoding=\"auto\"\/>    <\/p>\n<p>Mercedes-Benz Polska<\/p>\n<p>                17\/45 Mercedes-Benz VLE       <img class=\"ods-a-photo ods-a-photo--background\" src=\"https:\/\/www.europesays.com\/pl\/wp-content\/uploads\/2026\/03\/qork9lBaHR0cHM6Ly9vY2RuLmV1L3B1bHNjbXMvTURBXy9hMjNmZDI3OTMzNjdlYzhmZDI2Y2Y1OGFmNzY0OTE1Zi5qcGeRkwXNB.jpeg\" height=\"627\" width=\"940\" alt=\"Mercedes-Benz VLE\" loading=\"lazy\" fetchpriority=\"auto\" decoding=\"auto\"\/>    <\/p>\n<p>Mercedes-Benz Polska<\/p>\n<p>         18\/45 Mercedes-Benz VLE       <img class=\"ods-a-photo ods-a-photo--background\" src=\"https:\/\/www.europesays.com\/pl\/wp-content\/uploads\/2026\/03\/Vc9k9lBaHR0cHM6Ly9vY2RuLmV1L3B1bHNjbXMvTURBXy9iMjRhOGZkYzA1ZGFiMmRiZjE4OGNkOWM1MmM0MGNiNi5qcGeRkwXNB.jpeg\" height=\"627\" width=\"940\" alt=\"Mercedes-Benz VLE\" loading=\"lazy\" fetchpriority=\"auto\" decoding=\"auto\"\/>    <\/p>\n<p>Mercedes-Benz Polska<\/p>\n<p>                19\/45 Mercedes-Benz VLE       <img class=\"ods-a-photo ods-a-photo--background\" src=\"https:\/\/www.europesays.com\/pl\/wp-content\/uploads\/2026\/03\/L_Yk9lBaHR0cHM6Ly9vY2RuLmV1L3B1bHNjbXMvTURBXy9iZWQxNjM0NjUzZDNlODk0NDBmMzE4MDM5YzIxOThkMS5qcGeRkwXNB.jpeg\" height=\"627\" width=\"940\" alt=\"Mercedes-Benz VLE\" loading=\"lazy\" fetchpriority=\"auto\" decoding=\"auto\"\/>    <\/p>\n<p>Mercedes-Benz Polska<\/p>\n<p>         20\/45 Mercedes-Benz VLE       <img class=\"ods-a-photo ods-a-photo--background\" src=\"https:\/\/www.europesays.com\/pl\/wp-content\/uploads\/2026\/03\/b-gk9lBaHR0cHM6Ly9vY2RuLmV1L3B1bHNjbXMvTURBXy9hOWRjODQzMmE3N2NlYzBlYWNkZmNkOGMxOWZmYTgxZi5qcGeRkwXNB.jpeg\" height=\"627\" width=\"940\" alt=\"Mercedes-Benz VLE\" loading=\"lazy\" fetchpriority=\"auto\" decoding=\"auto\"\/>    <\/p>\n<p>Mercedes-Benz Polska<\/p>\n<p>                21\/45 Mercedes-Benz VLE       <img class=\"ods-a-photo ods-a-photo--background\" src=\"https:\/\/www.europesays.com\/pl\/wp-content\/uploads\/2026\/03\/JP5k9lBaHR0cHM6Ly9vY2RuLmV1L3B1bHNjbXMvTURBXy8wMmIyNzk0MDlhNGMxMjdlNTI5MmU0ZjI0YjdkNDVhMC5qcGeRkwXNB.jpeg\" height=\"627\" width=\"940\" alt=\"Mercedes-Benz VLE\" loading=\"lazy\" fetchpriority=\"auto\" decoding=\"auto\"\/>    <\/p>\n<p>Mercedes-Benz Polska<\/p>\n<p>         22\/45 Mercedes-Benz VLE       <img class=\"ods-a-photo ods-a-photo--background\" src=\"https:\/\/www.europesays.com\/pl\/wp-content\/uploads\/2026\/03\/2eOk9lBaHR0cHM6Ly9vY2RuLmV1L3B1bHNjbXMvTURBXy9hMjc3NTAzZDIwMTBhOWViNjM4ZDY3YjRkZTQzNzBiZi5qcGeRkwXNB.jpeg\" height=\"627\" width=\"940\" alt=\"Mercedes-Benz VLE\" loading=\"lazy\" fetchpriority=\"auto\" decoding=\"auto\"\/>    <\/p>\n<p>Mercedes-Benz Polska<\/p>\n<p>                23\/45 Mercedes-Benz VLE       <img class=\"ods-a-photo ods-a-photo--background\" src=\"https:\/\/www.europesays.com\/pl\/wp-content\/uploads\/2026\/03\/t6ak9lBaHR0cHM6Ly9vY2RuLmV1L3B1bHNjbXMvTURBXy85M2FmYWVhZTQzYjQ4YWIwZWRlZDQ5NjJjNTI2YzcxMy5qcGeRkwXNB.jpeg\" height=\"627\" width=\"940\" alt=\"Mercedes-Benz VLE\" loading=\"lazy\" fetchpriority=\"auto\" decoding=\"auto\"\/>    <\/p>\n<p>Mercedes-Benz Polska<\/p>\n<p>         24\/45 Mercedes-Benz VLE       <img class=\"ods-a-photo ods-a-photo--background\" src=\"https:\/\/www.europesays.com\/pl\/wp-content\/uploads\/2026\/03\/ZAZk9lBaHR0cHM6Ly9vY2RuLmV1L3B1bHNjbXMvTURBXy80YjQyOGJhYzE0NzAwNjAzZjUzNDJjZDlkZmIxY2JkMy5qcGeRkwXNB.jpeg\" height=\"627\" width=\"940\" alt=\"Mercedes-Benz VLE\" loading=\"lazy\" fetchpriority=\"auto\" decoding=\"auto\"\/>    <\/p>\n<p>Mercedes-Benz Polska<\/p>\n<p>                25\/45 Mercedes-Benz VLE       <img class=\"ods-a-photo ods-a-photo--background\" src=\"https:\/\/www.europesays.com\/pl\/wp-content\/uploads\/2026\/03\/XN2k9lBaHR0cHM6Ly9vY2RuLmV1L3B1bHNjbXMvTURBXy84YzE5OWFlNWI2YmVkOTVlZTE3MzcxMmRkZWZhZTk3Mi5qcGeRkwXNB.jpeg\" height=\"627\" width=\"940\" alt=\"Mercedes-Benz VLE\" loading=\"lazy\" fetchpriority=\"auto\" decoding=\"auto\"\/>    <\/p>\n<p>Mercedes-Benz Polska<\/p>\n<p>         26\/45 Mercedes-Benz VLE       <img class=\"ods-a-photo ods-a-photo--background\" src=\"https:\/\/www.europesays.com\/pl\/wp-content\/uploads\/2026\/03\/1eGk9lBaHR0cHM6Ly9vY2RuLmV1L3B1bHNjbXMvTURBXy81ZjBhYTcxMzNiNDU2MTc4NWFmOGY3ODA4MDhjNzM5Yy5qcGeRkwXNB.jpeg\" height=\"627\" width=\"940\" alt=\"Mercedes-Benz VLE\" loading=\"lazy\" fetchpriority=\"auto\" decoding=\"auto\"\/>    <\/p>\n<p>Mercedes-Benz Polska<\/p>\n<p>                27\/45 Mercedes-Benz VLE       <img class=\"ods-a-photo ods-a-photo--background\" src=\"https:\/\/www.europesays.com\/pl\/wp-content\/uploads\/2026\/03\/WKAk9lBaHR0cHM6Ly9vY2RuLmV1L3B1bHNjbXMvTURBXy9jYmYwOTFiMjQwNGRjMmY3MjI4ODAyODdmYTIzMmQxOS5qcGeRkwXNB.jpeg\" height=\"627\" width=\"940\" alt=\"Mercedes-Benz VLE\" loading=\"lazy\" fetchpriority=\"auto\" decoding=\"auto\"\/>    <\/p>\n<p>Mercedes-Benz Polska<\/p>\n<p>         28\/45 Mercedes-Benz VLE       <img class=\"ods-a-photo ods-a-photo--background\" src=\"https:\/\/www.europesays.com\/pl\/wp-content\/uploads\/2026\/03\/Ws8k9lBaHR0cHM6Ly9vY2RuLmV1L3B1bHNjbXMvTURBXy8zMjM5N2FmZDU1ODYzNjZlNjYwZTVjNjU5OTQ2ZWRkZi5qcGeRkwXNB.jpeg\" height=\"627\" width=\"940\" alt=\"Mercedes-Benz VLE\" loading=\"lazy\" fetchpriority=\"auto\" decoding=\"auto\"\/>    <\/p>\n<p>Mercedes-Benz Polska<\/p>\n<p>                29\/45 Mercedes-Benz VLE       <img class=\"ods-a-photo ods-a-photo--background\" src=\"https:\/\/www.europesays.com\/pl\/wp-content\/uploads\/2026\/03\/gm6k9lBaHR0cHM6Ly9vY2RuLmV1L3B1bHNjbXMvTURBXy85MzJkMWRmYWQ5YzA0NzRhNjQ4ZDMxMmQ3NjkxMGIxOS5qcGeRkwXNB.jpeg\" height=\"627\" width=\"940\" alt=\"Mercedes-Benz VLE\" loading=\"lazy\" fetchpriority=\"auto\" decoding=\"auto\"\/>    <\/p>\n<p>Mercedes-Benz Polska<\/p>\n<p>         30\/45 Mercedes-Benz VLE       <img class=\"ods-a-photo ods-a-photo--background\" src=\"https:\/\/www.europesays.com\/pl\/wp-content\/uploads\/2026\/03\/37Nk9lBaHR0cHM6Ly9vY2RuLmV1L3B1bHNjbXMvTURBXy82ZGNkMTQwMDBjYzgxNjc2YTRjNDY2NGE0NzJkMWJkMy5qcGeRkwXNB.jpeg\" height=\"626\" width=\"940\" alt=\"Mercedes-Benz VLE\" loading=\"lazy\" fetchpriority=\"auto\" decoding=\"auto\"\/>    <\/p>\n<p>Mercedes-Benz Polska<\/p>\n<p>                31\/45 Mercedes-Benz VLE       <img class=\"ods-a-photo ods-a-photo--background\" src=\"https:\/\/www.europesays.com\/pl\/wp-content\/uploads\/2026\/03\/AMfk9lBaHR0cHM6Ly9vY2RuLmV1L3B1bHNjbXMvTURBXy83OGE4ZTgyZGZkN2E5OGRiMTgzNmQ1ZjlmZTA3MzU4MC5qcGeRkwXNB.jpeg\" height=\"626\" width=\"940\" alt=\"Mercedes-Benz VLE\" loading=\"lazy\" fetchpriority=\"auto\" decoding=\"auto\"\/>    <\/p>\n<p>Mercedes-Benz Polska<\/p>\n<p>         32\/45 Mercedes-Benz VLE       <img class=\"ods-a-photo ods-a-photo--background\" src=\"https:\/\/www.europesays.com\/pl\/wp-content\/uploads\/2026\/03\/Bumk9lBaHR0cHM6Ly9vY2RuLmV1L3B1bHNjbXMvTURBXy8zNTdlOTg3YzZiOWNmMDQ5Y2Y2NjI2ZDVhOTgyOGU0MS5qcGeRkwXNB.jpeg\" height=\"626\" width=\"940\" alt=\"Mercedes-Benz VLE\" loading=\"lazy\" fetchpriority=\"auto\" decoding=\"auto\"\/>    <\/p>\n<p>Mercedes-Benz Polska<\/p>\n<p>                33\/45 Mercedes-Benz VLE       <img class=\"ods-a-photo ods-a-photo--background\" src=\"https:\/\/www.europesays.com\/pl\/wp-content\/uploads\/2026\/03\/D0qk9lBaHR0cHM6Ly9vY2RuLmV1L3B1bHNjbXMvTURBXy83NmNhN2FiNWNjZTc3YjkyODBkNjdmMDI2YzZlYjRkMC5qcGeRkwXNB.jpeg\" height=\"627\" width=\"940\" alt=\"Mercedes-Benz VLE\" loading=\"lazy\" fetchpriority=\"auto\" decoding=\"auto\"\/>    <\/p>\n<p>Mercedes-Benz Polska<\/p>\n<p>         34\/45 Mercedes-Benz VLE       <img class=\"ods-a-photo ods-a-photo--background\" src=\"https:\/\/www.europesays.com\/pl\/wp-content\/uploads\/2026\/03\/0MPk9lBaHR0cHM6Ly9vY2RuLmV1L3B1bHNjbXMvTURBXy9lMGQ1YmZiZTUxYzllNGExNjRmYjI1YWVhNGQ3ZWQ0MC5qcGeRkwXNB.jpeg\" height=\"529\" width=\"940\" alt=\"Mercedes-Benz VLE\" loading=\"lazy\" fetchpriority=\"auto\" decoding=\"auto\"\/>    <\/p>\n<p>Mercedes-Benz Polska<\/p>\n<p>                35\/45 Mercedes-Benz VLE       <img class=\"ods-a-photo ods-a-photo--background\" src=\"https:\/\/www.europesays.com\/pl\/wp-content\/uploads\/2026\/03\/W7Rk9lBaHR0cHM6Ly9vY2RuLmV1L3B1bHNjbXMvTURBXy9mOWUxMDZhNDdhNDAxMzgyNDFjNmUyNTUzODNiZDZjMi5qcGeRkwXNB.jpeg\" height=\"626\" width=\"940\" alt=\"Mercedes-Benz VLE\" loading=\"lazy\" fetchpriority=\"auto\" decoding=\"auto\"\/>    <\/p>\n<p>Mercedes-Benz Polska<\/p>\n<p>         36\/45 Mercedes-Benz VLE       <img class=\"ods-a-photo ods-a-photo--background\" src=\"https:\/\/www.europesays.com\/pl\/wp-content\/uploads\/2026\/03\/gcYk9lBaHR0cHM6Ly9vY2RuLmV1L3B1bHNjbXMvTURBXy8xYzAxZDEzZjVlY2Q3ZTJhODgwZmMxODE5ZDAzMmJkMi5qcGeRkwXNB.jpeg\" height=\"626\" width=\"940\" alt=\"Mercedes-Benz VLE\" loading=\"lazy\" fetchpriority=\"auto\" decoding=\"auto\"\/>    <\/p>\n<p>Mercedes-Benz Polska<\/p>\n<p>                37\/45 Mercedes-Benz VLE       <img class=\"ods-a-photo ods-a-photo--background\" src=\"https:\/\/www.europesays.com\/pl\/wp-content\/uploads\/2026\/03\/pFsk9lBaHR0cHM6Ly9vY2RuLmV1L3B1bHNjbXMvTURBXy82YmJjYWNmZTlmNTA5ZTIxMGUzNTY0MmE1YjBhMjMwYS5qcGeRkwXNB.jpeg\" height=\"626\" width=\"940\" alt=\"Mercedes-Benz VLE\" loading=\"lazy\" fetchpriority=\"auto\" decoding=\"auto\"\/>    <\/p>\n<p>Mercedes-Benz Polska<\/p>\n<p>         38\/45 Mercedes-Benz VLE       <img class=\"ods-a-photo ods-a-photo--background\" src=\"https:\/\/www.europesays.com\/pl\/wp-content\/uploads\/2026\/03\/BrNk9lBaHR0cHM6Ly9vY2RuLmV1L3B1bHNjbXMvTURBXy9hMzg4NzVkYTEwYTI1NGZlNmY4MDBjOTIzMjhkNzY0Mi5qcGeRkwXNB.jpeg\" height=\"626\" width=\"940\" alt=\"Mercedes-Benz VLE\" loading=\"lazy\" fetchpriority=\"auto\" decoding=\"auto\"\/>    <\/p>\n<p>Mercedes-Benz Polska<\/p>\n<p>                39\/45 Mercedes-Benz VLE       <img class=\"ods-a-photo ods-a-photo--background\" src=\"https:\/\/www.europesays.com\/pl\/wp-content\/uploads\/2026\/03\/5Wjk9lBaHR0cHM6Ly9vY2RuLmV1L3B1bHNjbXMvTURBXy80MTE1NmEwYWRkNTI0YmI2NzNjNDA0MGFiMDBmODFlZi5qcGeRkwXNB.jpeg\" height=\"627\" width=\"940\" alt=\"Mercedes-Benz VLE\" loading=\"lazy\" fetchpriority=\"auto\" decoding=\"auto\"\/>    <\/p>\n<p>Mercedes-Benz Polska<\/p>\n<p>         40\/45 Mercedes-Benz VLE       <img class=\"ods-a-photo ods-a-photo--background\" src=\"https:\/\/www.europesays.com\/pl\/wp-content\/uploads\/2026\/03\/9Tik9lBaHR0cHM6Ly9vY2RuLmV1L3B1bHNjbXMvTURBXy80ZDNkZTE5MWRiMzFmZjMxMDZlYTUwYjRiMDY4ZmFiMS5qcGeRkwXNB.jpeg\" height=\"627\" width=\"940\" alt=\"Mercedes-Benz VLE\" loading=\"lazy\" fetchpriority=\"auto\" decoding=\"auto\"\/>    <\/p>\n<p>Mercedes-Benz Polska<\/p>\n<p>                41\/45 Mercedes-Benz VLE       <img class=\"ods-a-photo ods-a-photo--background\" src=\"https:\/\/www.europesays.com\/pl\/wp-content\/uploads\/2026\/03\/LDyk9lBaHR0cHM6Ly9vY2RuLmV1L3B1bHNjbXMvTURBXy8xMTk5Mzg3OWMzNjc0MjE2MTIyMWU3M2ZiNWNlNTk3MS5qcGeRkwXNB.jpeg\" height=\"626\" width=\"940\" alt=\"Mercedes-Benz VLE\" loading=\"lazy\" fetchpriority=\"auto\" decoding=\"auto\"\/>    <\/p>\n<p>Mercedes-Benz Polska<\/p>\n<p>         42\/45 Mercedes-Benz VLE       <img class=\"ods-a-photo ods-a-photo--background\" src=\"https:\/\/www.europesays.com\/pl\/wp-content\/uploads\/2026\/03\/eldk9lBaHR0cHM6Ly9vY2RuLmV1L3B1bHNjbXMvTURBXy9kYTE2MWVkN2M4MDZjZDAyZTgzYmRlZjVhYjUyN2RkYS5qcGeRkwXNB.jpeg\" height=\"626\" width=\"940\" alt=\"Mercedes-Benz VLE\" loading=\"lazy\" fetchpriority=\"auto\" decoding=\"auto\"\/>    <\/p>\n<p>Mercedes-Benz Polska<\/p>\n<p>                43\/45 Mercedes-Benz VLE       <img class=\"ods-a-photo ods-a-photo--background\" src=\"https:\/\/www.europesays.com\/pl\/wp-content\/uploads\/2026\/03\/qS8k9lBaHR0cHM6Ly9vY2RuLmV1L3B1bHNjbXMvTURBXy9hMTQyMmI2NjhkMjU4MjBkMDJiMzNlMjgwMTEwOWQ0MC5qcGeRkwXNB.jpeg\" height=\"626\" width=\"940\" alt=\"Mercedes-Benz VLE\" loading=\"lazy\" fetchpriority=\"auto\" decoding=\"auto\"\/>    <\/p>\n<p>Mercedes-Benz Polska<\/p>\n<p>         44\/45 Mercedes-Benz VLE       <img class=\"ods-a-photo ods-a-photo--background\" src=\"https:\/\/www.europesays.com\/pl\/wp-content\/uploads\/2026\/03\/W0ik9lBaHR0cHM6Ly9vY2RuLmV1L3B1bHNjbXMvTURBXy84YThmMjMwOTMxOGEzMjNmNWFjMTkwNjMzMTU2ZDZkZi5qcGeRkwXNB.jpeg\" height=\"626\" width=\"940\" alt=\"Mercedes-Benz VLE\" loading=\"lazy\" fetchpriority=\"auto\" decoding=\"auto\"\/>    <\/p>\n<p>Mercedes-Benz Polska<\/p>\n<p>                45\/45 Mercedes-Benz VLE       <img class=\"ods-a-photo ods-a-photo--background\" src=\"https:\/\/www.europesays.com\/pl\/wp-content\/uploads\/2026\/03\/9hvk9lBaHR0cHM6Ly9vY2RuLmV1L3B1bHNjbXMvTURBXy9kZDBmMTgyODc3NGI1ODA0NzQ4MzlkZDU4MGIzZTRjYy5qcGeRkwXNB.jpeg\" height=\"627\" width=\"940\" alt=\"Mercedes-Benz VLE\" loading=\"lazy\" fetchpriority=\"auto\" decoding=\"auto\"\/>    <\/p>\n<p>Mercedes-Benz Polska<\/p>\n","protected":false},"excerpt":{"rendered":"W skr\u00f3cie: Nowy elektryczny Mercedes VLE nie od razu zast\u0105pi star\u0105 Klas\u0119 V. Na razie spalinowy poprzednik i&hellip;\n","protected":false},"author":2,"featured_media":301994,"comment_status":"","ping_status":"","sticky":false,"template":"","format":"standard","meta":{"footnotes":"","_share_on_mastodon":"0"},"categories":[16],"tags":[210,113,112,49001,15999,8752,6880,48,46,42,38,40,39,41,47,49002,26],"class_list":["post-301993","post","type-post","status-publish","format-standard","has-post-thumbnail","category-biznes","tag-aktualnosci","tag-biznes","tag-business","tag-klasa_v","tag-limuzyny","tag-luksus","tag-mercedes","tag-nat_styl","tag-omp","tag-pl","tag-poland","tag-polish","tag-polska","tag-polski","tag-screening_general","tag-vany","tag-wiadomosci"],"share_on_mastodon":{"url":"https:\/\/pubeurope.com\/@pl\/116216035997533129","error":""},"_links":{"self":[{"href":"https:\/\/www.europesays.com\/pl\/wp-json\/wp\/v2\/posts\/301993","targetHints":{"allow":["GET"]}}],"collection":[{"href":"https:\/\/www.europesays.com\/pl\/wp-json\/wp\/v2\/posts"}],"about":[{"href":"https:\/\/www.europesays.com\/pl\/wp-json\/wp\/v2\/types\/post"}],"author":[{"embeddable":true,"href":"https:\/\/www.europesays.com\/pl\/wp-json\/wp\/v2\/users\/2"}],"replies":[{"embeddable":true,"href":"https:\/\/www.europesays.com\/pl\/wp-json\/wp\/v2\/comments?post=301993"}],"version-history":[{"count":0,"href":"https:\/\/www.europesays.com\/pl\/wp-json\/wp\/v2\/posts\/301993\/revisions"}],"wp:featuredmedia":[{"embeddable":true,"href":"https:\/\/www.europesays.com\/pl\/wp-json\/wp\/v2\/media\/301994"}],"wp:attachment":[{"href":"https:\/\/www.europesays.com\/pl\/wp-json\/wp\/v2\/media?parent=301993"}],"wp:term":[{"taxonomy":"category","embeddable":true,"href":"https:\/\/www.europesays.com\/pl\/wp-json\/wp\/v2\/categories?post=301993"},{"taxonomy":"post_tag","embeddable":true,"href":"https:\/\/www.europesays.com\/pl\/wp-json\/wp\/v2\/tags?post=301993"}],"curies":[{"name":"wp","href":"https:\/\/api.w.org\/{rel}","templated":true}]}}