{"id":302035,"date":"2026-03-12T12:06:10","date_gmt":"2026-03-12T12:06:10","guid":{"rendered":"https:\/\/www.europesays.com\/pl\/302035\/"},"modified":"2026-03-12T12:06:10","modified_gmt":"2026-03-12T12:06:10","slug":"papiez-wybral-nastepce-kard-rysia-jest-nowy-metropolita-lodzki-onet","status":"publish","type":"post","link":"https:\/\/www.europesays.com\/pl\/302035\/","title":{"rendered":"Papie\u017c wybra\u0142 nast\u0119pc\u0119 kard. Rysia. Jest nowy metropolita \u0142\u00f3dzki &#8211; Onet"},"content":{"rendered":"<ol>\n<li><a href=\"https:\/\/news.google.com\/rss\/articles\/CBMiuwFBVV95cUxPd0REQ0pkcnZGeGRpT0VoeDRYQkxMRng2RlJEanY5b1hYYS1QNFVROTc5bElZYktUMFh2eUE3cFQ0ZzNIMUVzRGJaUU9CNjRnWG1md2FERHgyQXRmaS1BLXZPSE42UV9ldkpwT1FUbExYUExGYjF6Q1JSaUhFTXVuY2pTS0ZvRi1kb1lNZFlIWGx2aU1EMWZBMTItaXhQQ3hjVXFDUU9mcVN5bUF1aWNUSXdXaTQxaFhZZEE0?oc=5\" target=\"_blank\" rel=\"nofollow noopener\">Papie\u017c wybra\u0142 nast\u0119pc\u0119 kard. Rysia. Jest nowy metropolita \u0142\u00f3dzki<\/a>&nbsp;&nbsp;Onet<\/li>\n<li><a href=\"https:\/\/news.google.com\/rss\/articles\/CBMilgFBVV95cUxNVTV4ZW1yUmdVN2poeHVrU3VfMTc1WDdHUmwxMWNOWmlQZjhTU09nU2VoeTRKNmhyZWxIQWE4SmdWdHY2c2ZOLXRXX2hOZXhHOHdWN2x5UmVzR2dOUXVvYy1BajRKa1l5M1M5NkRZRjdPSXZVU0ozdGFHUWVobnVKeGczZUV0ZnE3UlN2UWszajJQeEZHZ0E?oc=5\" target=\"_blank\" rel=\"nofollow noopener\">Nazywano go &#8222;Robin Hoodem papie\u017ca&#8221;, zosta\u0142 metropolit\u0105 \u0142\u00f3dzkim<\/a>&nbsp;&nbsp;TVN24<\/li>\n<li><a href=\"https:\/\/news.google.com\/rss\/articles\/CBMisAFBVV95cUxOM01VSVdzOTZjc0tHcDR4bjV2cnBYYVJJdkNaa3hCR0wzcnpmVVR2VzROYjU0MlplbHlXa05ZZFdYQ0VVS2RBSlctT1JiTVYxOVdrUEJTVzJ4aHdDRGxXUVVIMjdrYW1HQ1hqUHp1a3JDQ3dCdnIxdXpXZzVpUjdHQllYbkhUQnB3QjIzRWhvLUt3cUFOeGZMOGZuZEVDLVFnakFlWkJUcXJ5OW1UejRHOQ?oc=5\" target=\"_blank\" rel=\"nofollow noopener\">\u0141\u00f3dzkim metropolit\u0105 zosta\u0142 &#8222;papieski Robin Hood&#8221;<\/a>&nbsp;&nbsp;lodz.wyborcza.pl<\/li>\n<li><a href=\"https:\/\/news.google.com\/rss\/articles\/CBMinAFBVV95cUxNYUY5MUJYOUlYeTNQal8tR3lybEdFZmM5TzNVZldnLXNXR0dmVlJ0dllFNmc3OFlqdWc5cjhrTXJFa01QdmFpSW10bk9meVpZbk5iWXR1aEpQYW14MndzQ25hcjZUZWNhWGo4NHRDY1dvYXRqdEZtUk1IbXdhM1U3WF9PTEhrdGE2WC1odGQ1b29RTVBJZjFfcnZ0aFM?oc=5\" target=\"_blank\" rel=\"nofollow noopener\">Papie\u017c wyznaczy\u0142 nowego metropolit\u0119 \u0142\u00f3dzkiego<\/a>&nbsp;&nbsp;RMF24<\/li>\n<li><a href=\"https:\/\/news.google.com\/rss\/articles\/CBMinwFBVV95cUxPdGlEUkpGV0hQX2NUNDAxQVFxQUY4TXBTRnp5NThzNWE4dS1ZWXNlZGRQNGpqalhkU3pjMGRzWDktSXk4M05lRHh0ZFJIdUYzejFYQ2JFVXlWTFAxQy1jUkxfdzdxVmN2WV81c3lCWEtOLXFJUzRMUTg1TEZoSTQ1NmlIRzJxM2Z0R19kZG1SRjlQZDBHQ2M2c20wbnQ1dnM?oc=5\" target=\"_blank\" rel=\"nofollow noopener\">Nowy metropolita \u0142\u00f3dzki. Papie\u017c podj\u0105\u0142 decyzj\u0119<\/a>&nbsp;&nbsp;Wydarzenia w INTERIA.PL<\/li>\n<\/ol>\n","protected":false},"excerpt":{"rendered":"Papie\u017c wybra\u0142 nast\u0119pc\u0119 kard. Rysia. Jest nowy metropolita \u0142\u00f3dzki&nbsp;&nbsp;Onet Nazywano go &#8222;Robin Hoodem papie\u017ca&#8221;, zosta\u0142 metropolit\u0105 \u0142\u00f3dzkim&nbsp;&nbsp;TVN24 \u0141\u00f3dzkim&hellip;\n","protected":false},"author":2,"featured_media":302036,"comment_status":"","ping_status":"","sticky":false,"template":"","format":"standard","meta":{"footnotes":"","_share_on_mastodon":"0"},"categories":[12],"tags":[32,33,244,36,37,27,67,16005,1269,34,35,2765,28,31,53,25,52,68,51,25158,10216,55,42,38,40,39,41,47,29,30,65,50,4010,26],"class_list":["post-302035","post","type-post","status-publish","format-standard","has-post-thumbnail","category-polska","tag-breaking-news","tag-breakingnews","tag-ctr_tst","tag-featured-news","tag-featurednews","tag-headlines","tag-intextvideo_splayer","tag-konrad_krajewski","tag-kosciol_katolicki_duchowienstwo_duchowni_zakonnicy","tag-latest-news","tag-latestnews","tag-lodz_miasto","tag-naglowki","tag-najwazniejsze-artykuly","tag-new_header","tag-news","tag-onet3","tag-onet3d","tag-onet3d_2i","tag-papiez_franciszek_jorge_mario_bergoglio","tag-papiez_leon_xiv_bp_robert_prevost","tag-phx","tag-pl","tag-poland","tag-polish","tag-polska","tag-polski","tag-screening_general","tag-top-stories","tag-topstories","tag-update_me","tag-v2021","tag-watykan_panstwo_stolica_apostolska","tag-wiadomosci"],"share_on_mastodon":{"url":"","error":"Validation failed: Text character limit of 500 exceeded"},"_links":{"self":[{"href":"https:\/\/www.europesays.com\/pl\/wp-json\/wp\/v2\/posts\/302035","targetHints":{"allow":["GET"]}}],"collection":[{"href":"https:\/\/www.europesays.com\/pl\/wp-json\/wp\/v2\/posts"}],"about":[{"href":"https:\/\/www.europesays.com\/pl\/wp-json\/wp\/v2\/types\/post"}],"author":[{"embeddable":true,"href":"https:\/\/www.europesays.com\/pl\/wp-json\/wp\/v2\/users\/2"}],"replies":[{"embeddable":true,"href":"https:\/\/www.europesays.com\/pl\/wp-json\/wp\/v2\/comments?post=302035"}],"version-history":[{"count":0,"href":"https:\/\/www.europesays.com\/pl\/wp-json\/wp\/v2\/posts\/302035\/revisions"}],"wp:featuredmedia":[{"embeddable":true,"href":"https:\/\/www.europesays.com\/pl\/wp-json\/wp\/v2\/media\/302036"}],"wp:attachment":[{"href":"https:\/\/www.europesays.com\/pl\/wp-json\/wp\/v2\/media?parent=302035"}],"wp:term":[{"taxonomy":"category","embeddable":true,"href":"https:\/\/www.europesays.com\/pl\/wp-json\/wp\/v2\/categories?post=302035"},{"taxonomy":"post_tag","embeddable":true,"href":"https:\/\/www.europesays.com\/pl\/wp-json\/wp\/v2\/tags?post=302035"}],"curies":[{"name":"wp","href":"https:\/\/api.w.org\/{rel}","templated":true}]}}