{"id":302282,"date":"2026-03-12T15:18:20","date_gmt":"2026-03-12T15:18:20","guid":{"rendered":"https:\/\/www.europesays.com\/pl\/302282\/"},"modified":"2026-03-12T15:18:20","modified_gmt":"2026-03-12T15:18:20","slug":"maja-rutkowski-zdobyla-sie-na-osobiste-wyznanie-bardzo-delikatny-temat-2","status":"publish","type":"post","link":"https:\/\/www.europesays.com\/pl\/302282\/","title":{"rendered":"Maja Rutkowski zdoby\u0142a si\u0119 na osobiste wyznanie. &#8222;Bardzo delikatny temat&#8221;"},"content":{"rendered":"<p><a href=\"https:\/\/plejada.pl\/temat\/maja-rutkowski\/e2xprts\" id=\"60ac97e3-9483-4516-9ee5-cf18b7366751\" rel=\"nofollow noopener\" target=\"_blank\">Maja Rutkowski<\/a> ju\u017c od siedmiu lat pozostaje w zwi\u0105zku ma\u0142\u017ce\u0144skim z najpopularniejszym samozwa\u0144czym detektywem w Polsce \u2014 Krzysztofem Rutkowskim. Para doczeka\u0142a si\u0119 syna, a tak\u017ce wychowuj\u0105 c\u00f3rk\u0119 Mai z poprzedniego zwi\u0105zku. Celebrytka ch\u0119tnie pokazuje w mediach spo\u0142eczno\u015bciowych, jak wygl\u0105da jej codzienno\u015b\u0107, kt\u00f3ra ocieka luksusem i bogactwem \u2014 to w\u0142a\u015bnie relacja ze s\u0142ynnym detektywem zagwarantowa\u0142a Mai Rutkowski rozpoznawalno\u015b\u0107, kt\u00f3r\u0105 ta wykorzysta\u0142a do budowania dzia\u0142alno\u015bci influencerskiej. Dalszy ci\u0105g artyku\u0142u pod materia\u0142em wideo      Maja Rutkowski zdoby\u0142a si\u0119 na osobiste wyznanie. Nie zabrak\u0142o \u0142ezTeraz Maja Rutkowski postanowi\u0142a spr\u00f3bowa\u0107 swoich si\u0142 na szklanym ekranie i pojawi\u0142a si\u0119 w trzeciej edycji &#8222;<a href=\"https:\/\/plejada.pl\/temat\/krolowa-przetrwania\/gd8l96z\" id=\"0e2ef0f6-8ae4-49d7-b50f-a7f5e16d1112\" rel=\"nofollow noopener\" target=\"_blank\">Kr\u00f3lowej przetrwania<\/a>&#8222;. W drugim odcinku jedna z uczestniczek spyta\u0142a celebrytk\u0119, dlaczego nie maj\u0105 z Krzysztofem wi\u0119cej dzieci. Ten temat okaza\u0142 si\u0119 dla Mai niezwykle trudny.     <\/p>\n<blockquote class=\"ods-o-quote\">\n<p class=\"ods-o-quote__paragraph\">To jest dla mnie bardzo delikatny temat. Ze stratami zwi\u0105zany. Dlatego 100 kilogram\u00f3w wa\u017cy\u0142am dwa lata temu, to si\u0119 domy\u015bl, dlaczego&#8230; Hormonalnie si\u0119 leczy\u0142am. Zawsze jest to jaka\u015b tragedia. Wierz\u0119, \u017ce dla ka\u017cdego jest jaka\u015b droga<\/p>\n<\/blockquote>\n<p>\u2014 wyzna\u0142a wyra\u017anie poruszona.<\/p>\n<p> Co Maja Rutkowski powiedzia\u0142a o swoim staraniu si\u0119 o dzieci? <\/p>\n<p> Jak d\u0142ugo Maja Rutkowski jest w zwi\u0105zku ma\u0142\u017ce\u0144skim? <\/p>\n<p> Jakie trudno\u015bci napotka\u0142a Maja Rutkowski podczas stara\u0144 o potomstwo? <\/p>\n<p> Dlaczego temat dzieci jest dla Mai delikatny? <\/p>\n<p>   <img decoding=\"async\" src=\"https:\/\/www.europesays.com\/pl\/wp-content\/uploads\/2026\/03\/w11k9lBaHR0cHM6Ly9vY2RuLmV1L3B1bHNjbXMvTURBXy83ZjM1ZDdhYTJjMDNhNTZkMGM3MTIwNzk4MGY2Y2I2ZC5wbmeSlQPNA.jpeg\" height=\"360\" width=\"206\" alt=\"Kadr z &quot;Kr\u00f3lowej przetrwania&quot;\" loading=\"lazy\" class=\"ods-c-image__img ods-c-image__img--viewport-width\"\/> <\/p>\n<p>Kadr z &#8222;Kr\u00f3lowej przetrwania&#8221;HBO Max<\/p>\n<p>Gdy jaki\u015b czas temu Maja Rutkowski przybra\u0142a na wadze, w sieci pojawi\u0142o si\u0119 mn\u00f3stwo negatywnych komentarzy, a wiele os\u00f3b zastanawia\u0142o si\u0119, czy przypadkiem nie jest w ci\u0105\u017cy. <\/p>\n<p>Celebrytka wyjawi\u0142a w &#8222;Kr\u00f3lowej przetrwania&#8221;, \u017ce w\u0142a\u015bnie wtedy starali si\u0119 z m\u0119\u017cem o dziecko, jednak wszelkie pr\u00f3by ko\u0144czy\u0142y si\u0119 niepowodzeniem, a terapia hormonalna, kt\u00f3r\u0105 w\u00f3wczas przechodzi\u0142a, sprawi\u0142a, \u017ce przyby\u0142o jej kilka kilogram\u00f3w.<\/p>\n<p> <img decoding=\"async\" src=\"https:\/\/www.europesays.com\/pl\/wp-content\/uploads\/2026\/03\/SNnk9lBaHR0cHM6Ly9vY2RuLmV1L3B1bHNjbXMvTURBXy9kOWJmNjEzZTM4ZTU4MGI5ZjAyZDEyOGYzNTdmYWU0Mi5qcGeRlQLNB.jpeg\" height=\"800\" width=\"533\" alt=\"Maja Rutkowski\" loading=\"lazy\" class=\"ods-c-image__img ods-c-image__img--vertical\"\/> <\/p>\n<p>Maja Rutkowskimwmedia \/ MW Media<\/p>\n<p>  <img decoding=\"async\" src=\"https:\/\/www.europesays.com\/pl\/wp-content\/uploads\/2026\/03\/PQlk9lBaHR0cHM6Ly9vY2RuLmV1L3B1bHNjbXMvTURBXy8wODlmYTliMmU0MTRmMDNmYmQ0NTAxNmVjY2FkMGRmMC5qcGeRlQLNB.jpeg\" height=\"800\" width=\"533\" alt=\"Maja Rutkowski\" loading=\"lazy\" class=\"ods-c-image__img ods-c-image__img--vertical\"\/> <\/p>\n<p>Maja RutkowskiAndras Szilagyi \/ MW Media<\/p>\n<p>  Dzi\u0119kujemy, \u017ce przeczyta\u0142a\u015b\/e\u015b nasz artyku\u0142 do ko\u0144ca. W serwisie Plejada.pl ka\u017cdego dnia piszemy o najwa\u017cniejszych wydarzeniach show-biznesowych. B\u0105d\u017a na bie\u017c\u0105co!<a rel=\"nofollow noopener\" href=\"https:\/\/profile.google.com\/cp\/Cg0vZy8xMWJ6X19wdHBx\" id=\"f11c75ba-2f94-46b6-8c35-d175c164aeec\" target=\"_blank\"> Obserwuj<\/a> Plejad\u0119 w Google. Odwied\u017a nas tak\u017ce na<a rel=\"nofollow noopener\" href=\"https:\/\/www.facebook.com\/plejadapl\" id=\"cacab1f1-45ad-4bd6-aace-c65cf6528cda\" target=\"_blank\"> Facebooku<\/a>,<a rel=\"nofollow noopener\" href=\"https:\/\/www.instagram.com\/plejadapl\/\" id=\"8c41920c-4fa3-447e-8289-5b43ef33cfb6\" target=\"_blank\"> Instagramie<\/a>,<a rel=\"nofollow noopener\" href=\"https:\/\/www.youtube.com\/c\/plejada\" id=\"0154575e-9093-454b-af4c-0c356950ff51\" target=\"_blank\"> YouTubie<\/a> oraz<a rel=\"nofollow noopener\" href=\"https:\/\/www.tiktok.com\/@plejada_pl\" id=\"06506344-ea01-4c78-a6ec-b33fe43a957c\" target=\"_blank\"> TikToku<\/a>.Chcesz podzieli\u0107 si\u0119 ciekawym newsem lub zaproponowa\u0107 temat? Skontaktuj si\u0119 z nami, pisz\u0105c maila na adres: <a rel=\"nofollow noopener\" href=\"https:\/\/plejada.pl\/newsy\/maja-rutkowski-zdobyla-sie-na-osobiste-wyznanie-bardzo-delikatny-temat\/mailto:plejada@redakcjaonet.pl\" id=\"2ae8f514-5fcc-48d5-91dd-2a128cb70628\" target=\"_blank\">plejada@redakcjaonet.pl<\/a>.<script async src=\"\/\/www.instagram.com\/embed.js\"><\/script><script async src=\"\/\/www.tiktok.com\/embed.js\"><\/script><\/p>\n","protected":false},"excerpt":{"rendered":"Maja Rutkowski ju\u017c od siedmiu lat pozostaje w zwi\u0105zku ma\u0142\u017ce\u0144skim z najpopularniejszym samozwa\u0144czym detektywem w Polsce \u2014 Krzysztofem&hellip;\n","protected":false},"author":2,"featured_media":302283,"comment_status":"","ping_status":"","sticky":false,"template":"","format":"standard","meta":{"footnotes":"","_share_on_mastodon":"0"},"categories":[22],"tags":[48994,122,1858,5611,5866,48,125,46,42,38,40,39,41,3285,123,47],"class_list":["post-302282","post","type-post","status-publish","format-standard","has-post-thumbnail","category-rozrywka","tag-ciaza_gwiazd","tag-entertainment","tag-krolowa_przetrwania","tag-krzysztof_rutkowski_detektyw","tag-maja_rutkowski","tag-nat_styl","tag-newsy","tag-omp","tag-pl","tag-poland","tag-polish","tag-polska","tag-polski","tag-poronienie","tag-rozrywka","tag-screening_general"],"share_on_mastodon":{"url":"https:\/\/pubeurope.com\/@pl\/116216876474641447","error":""},"_links":{"self":[{"href":"https:\/\/www.europesays.com\/pl\/wp-json\/wp\/v2\/posts\/302282","targetHints":{"allow":["GET"]}}],"collection":[{"href":"https:\/\/www.europesays.com\/pl\/wp-json\/wp\/v2\/posts"}],"about":[{"href":"https:\/\/www.europesays.com\/pl\/wp-json\/wp\/v2\/types\/post"}],"author":[{"embeddable":true,"href":"https:\/\/www.europesays.com\/pl\/wp-json\/wp\/v2\/users\/2"}],"replies":[{"embeddable":true,"href":"https:\/\/www.europesays.com\/pl\/wp-json\/wp\/v2\/comments?post=302282"}],"version-history":[{"count":0,"href":"https:\/\/www.europesays.com\/pl\/wp-json\/wp\/v2\/posts\/302282\/revisions"}],"wp:featuredmedia":[{"embeddable":true,"href":"https:\/\/www.europesays.com\/pl\/wp-json\/wp\/v2\/media\/302283"}],"wp:attachment":[{"href":"https:\/\/www.europesays.com\/pl\/wp-json\/wp\/v2\/media?parent=302282"}],"wp:term":[{"taxonomy":"category","embeddable":true,"href":"https:\/\/www.europesays.com\/pl\/wp-json\/wp\/v2\/categories?post=302282"},{"taxonomy":"post_tag","embeddable":true,"href":"https:\/\/www.europesays.com\/pl\/wp-json\/wp\/v2\/tags?post=302282"}],"curies":[{"name":"wp","href":"https:\/\/api.w.org\/{rel}","templated":true}]}}