{"id":302296,"date":"2026-03-12T15:30:07","date_gmt":"2026-03-12T15:30:07","guid":{"rendered":"https:\/\/www.europesays.com\/pl\/302296\/"},"modified":"2026-03-12T15:30:07","modified_gmt":"2026-03-12T15:30:07","slug":"kard-konrad-krajewski-nowym-metropolita-lodzkim-to-czesc-wiekszej-zmiany","status":"publish","type":"post","link":"https:\/\/www.europesays.com\/pl\/302296\/","title":{"rendered":"Kard. Konrad Krajewski nowym metropolit\u0105 \u0142\u00f3dzkim. To cz\u0119\u015b\u0107 wi\u0119kszej zmiany"},"content":{"rendered":"<p>&#8222;Papie\u017c Leon XIV mianowa\u0142 arcybiskupem metropolit\u0105 \u0142\u00f3dzkim kard. Konrada Krajewskiego&#8221; \u2014 <a href=\"https:\/\/www.onet.pl\/informacje\/onetlodz\/papiez-wybral-nastepce-kard-rysia-jest-nowy-metropolita-lodzki\/xvjr13w,79cfc278\" id=\"79e96c03-d575-4cb6-9bb7-d0e2188d2bd5\" rel=\"nofollow noopener\" target=\"_blank\">poinformowa\u0142a dzi\u015b w po\u0142udnie Nuncjatura Apostolska.<\/a>Kilka godzin przed obwieszczeniem tej wiadomo\u015bci \u0142\u00f3dzcy ksi\u0119\u017ca dostali niespodziewane zaproszenie do kurii na wa\u017cne spotkanie. Od razu wiadomo by\u0142o, \u017ce b\u0119dzie naprawd\u0119 wa\u017cne, poniewa\u017c zaproszenie do duchownych skierowa\u0142 sam administrator archidiecezji, biskup Zbigniew Wo\u0142kowicz. A to po odej\u015bciu <a href=\"https:\/\/wiadomosci.onet.pl\/krakow\/kardynal-rys-robi-porzadki-rusza-audyt-finansowy-ale-to-nie-koniec-planow-hierarchy\/p8jjls5\" id=\"cc286ec1-4857-4507-8dc7-d0d33ccac8e9\" rel=\"nofollow noopener\" target=\"_blank\">kard. Grzegorza Rysia<\/a> najwa\u017cniejsza osoba w \u0142\u00f3dzkim Ko\u015bciele.<\/p>\n<p>Nie wiadomo by\u0142o tylko, kto zostanie nowym metropolit\u0105, cho\u0107 i tutaj spekulacji nie brakowa\u0142o. Jedno jest pewne: nazwisko Konrada Krajewskiego by\u0142o bardzo wysoko na li\u015bcie, bo wielu spodziewa\u0142o si\u0119, \u017ce po niespe\u0142na 30 latach pracy w Watykanie b\u0119dzie on w ko\u0144cu chcia\u0142 wr\u00f3ci\u0107 do swojej macierzystej diecezji.<\/p>\n<p>Dok\u0142adnie o to zapyta\u0142em p\u00f3\u0142 roku temu kardyna\u0142a podczas naszego spotkania w budynku Elemonsineria Apostolica, czyli urz\u0119du Dobroczynno\u015bci Apostolskiej w Watykanie. Wtedy nie potrafi\u0142 na nie odpowiedzie\u0107, daj\u0105c do zrozumienia, \u017ce naprawd\u0119 nie wie, jakie decyzje szykuje nowy papie\u017c w jego sprawie.<\/p>\n<p>Wtedy kard. Krajewski prawdopodobnie nie wiedzia\u0142 jednak, \u017ce \u0141\u00f3d\u017a nie b\u0119dzie mia\u0142a przyw\u00f3dcy i \u017ce dotychczasowy metropolita, kard. Grzegorz Ry\u015b, zgodzi si\u0119 obj\u0105\u0107 pastersk\u0105 opiek\u0119 nad Krakowem.<\/p>\n<p>Wobec tego, kiedy b\u0119dzie lepszy moment na powr\u00f3t kard. Krajewskiego do rodzinnej \u0141odzi, je\u015bli nie teraz? Nast\u0119pna taka okazja mog\u0142aby pojawi\u0107 si\u0119 dopiero za kilkana\u015bcie lat, ale wtedy papieski ja\u0142mu\u017cnik by\u0142by ju\u017c na emeryturze.<\/p>\n<p>Kard. Konrad Krajewski nowym metropolit\u0105 \u0142\u00f3dzkim. To cz\u0119\u015b\u0107 wi\u0119kszej zmiany w polskim Ko\u015bciele     Ale ta zmiana pokazuje wi\u0119ksze zjawisko, z kt\u00f3rym w ostatnim czasie mamy do czynienia w polskim Ko\u015bciele. Nowe stanowiska dla kard. Rysia,<a href=\"https:\/\/wiadomosci.onet.pl\/szczecin\/znamy-decyzje-papieza-leona-xiv-w-sprawie-polskiego-biskupa\/ej1lygt\" id=\"c7680c98-abbd-4fce-afc6-354e7166c5f7\" rel=\"nofollow noopener\" target=\"_blank\"> biskupa Krzysztofa Zadarko<\/a>, kt\u00f3ry miesi\u0105c temu zosta\u0142 og\u0142oszony biskupem koszali\u0144sko-ko\u0142obrzeskim i kard. Krajewskiego bynajmniej nie s\u0105 przypadkiem.Te kilka decyzji Stolicy Apostolskiej uk\u0142ada si\u0119 w jeden logiczny ci\u0105g. Przej\u015bcie kard. Rysia z \u0141odzi do Krakowa by\u0142o wyra\u017anym sygna\u0142em konieczno\u015bci odnowy miasta, kt\u00f3re kiedy\u015b by\u0142o jednym z najwa\u017cniejszych na katolickiej mapie Polski. Status Krakowa zdecydowanie zmarginalizowa\u0142 poprzedni <a href=\"https:\/\/wiadomosci.onet.pl\/krakow\/kardynal-rys-i-arcybiskup-jedraszewski-na-kursie-kolizyjnym\/0rqw0q6\" id=\"7a0a52f0-ad36-42c5-9130-64a58a933008\" rel=\"nofollow noopener\" target=\"_blank\">metropolita Marek J\u0119draszewski<\/a>, bo przez to, co g\u0142osi\u0142, w Watykanie mia\u0142 wyj\u0105tkowo niskie notowania. Z kuluarowych doniesie\u0144 wiadomo, \u017ce kard. Ry\u015b d\u0142ugo nie wiedzia\u0142, co ma zrobi\u0107, ale w ko\u0144cu zwyci\u0119\u017cy\u0142 pragmatyzm. Drugim kandydatem do tego stanowiska mia\u0142 by\u0107 biskup S\u0142awomir Oder, kt\u00f3ry reprezentuje lini\u0119 zdecydowanie bli\u017csz\u0105 J\u0119draszewskiemu.     <\/p>\n<p>Przesz\u0142o miesi\u0105c po kard. Rysiu Nuncjatura Apostolska og\u0142osi\u0142a kolejn\u0105 wa\u017cn\u0105 zmian\u0119 w polskim Ko\u015bciele. Stanowisko biskupa koszali\u0144sko-ko\u0142obrzeskiego dosta\u0142 dotychczasowy pomocnik w tej diecezji, czyli Krzysztof Zadarko. Hierarcha od lat jest przewodnicz\u0105cym Rady Episkopatu ds. Migrant\u00f3w i Uchod\u017ac\u00f3w i jako jeden z niewielu polskich biskup\u00f3w g\u0142\u0119boko rozumie s\u0142owa Jezusa: &#8222;by\u0142em przybyszem, a przyj\u0119li\u015bcie Mnie&#8221;.<\/p>\n<p>Kard. Krajewski nowym metropolit\u0105 \u0142\u00f3dzkim. Czy to rewolucja?<\/p>\n<p>W ten sam schemat idealnie wpisuje si\u0119 tak\u017ce kard. Krajewski. To jego w 2013 r. wyr\u00f3\u017cni\u0142 sam papie\u017c Franciszek i mianowa\u0142 swoim ja\u0142mu\u017cnikiem. To jemu nakaza\u0142 pomaganie osobom biednym, bezdomnym, wykluczonym i tym, kt\u00f3re s\u0105 na obrze\u017cach Ko\u015bcio\u0142a. W ko\u0144cu \u2014 to jego 5 czerwca 2022 r. powo\u0142a\u0142 na szefa nowopowsta\u0142ej Dykasterii ds. Pos\u0142ugi Mi\u0142osierdzia. W ostatnich latach kard. Krajewski wiele razy dociera\u0142 z konwojami humanitarnymi na Bliski Wsch\u00f3d czy do Ukrainy, gdzie prze\u017cy\u0142 ostrza\u0142 samochodu.<\/p>\n<p>Sygna\u0142, kt\u00f3ry dzi\u015b po raz kolejny dotar\u0142 do Polski, pokazuje dobitnie, \u017ce nawet sama Stolica Apostolska oraz Ojciec \u015awi\u0119ty s\u0105 przekonani, \u017ce nasz rodzimy Episkopat wymaga zasadniczych zmian. A by\u0107 mo\u017ce nawet rewolucji.<\/p>\n<p>Czy to b\u0119dzie rewolucja? Odpowied\u017a na to pytanie poznamy pewnie dopiero za kilka lub kilkana\u015bcie miesi\u0119cy. Na pewno po kard. Krajewskim mo\u017cna spodziewa\u0107 si\u0119 kontynuacji nauczania papie\u017ca Franciszka i papie\u017ca Leona XIV oraz zwrotu wobec os\u00f3b potrzebuj\u0105cych. A ju\u017c to by\u0142oby dla polskiego Episkopatu rewolucj\u0105 wra\u017cliwo\u015bci i mi\u0142osierdzia, kt\u00f3rej ta instytucja niew\u0105tpliwie potrzebuje.<\/p>\n<p>Chcesz porozmawia\u0107 z autorem? Napisz: <a rel=\"nofollow noopener\" href=\"https:\/\/wiadomosci.onet.pl\/kraj\/kard-konrad-krajewski-nowym-metropolita-lodzkim-to-czesc-wiekszej-zmiany\/mailto:szymon.piegza@redakcjaonet.pl\" id=\"85b4615d-b609-40f5-ad32-3654d2d6d761\" target=\"_blank\">szymon.piegza@redakcjaonet.pl<\/a>Czytaj inne artyku\u0142y tego autora <a href=\"https:\/\/wiadomosci.onet.pl\/autorzy\/szymon-piegza\" id=\"55566c9c-9a44-4bb1-a675-576d72d60b43\" rel=\"nofollow noopener\" target=\"_blank\">tutaj.<\/a><\/p>\n","protected":false},"excerpt":{"rendered":"&#8222;Papie\u017c Leon XIV mianowa\u0142 arcybiskupem metropolit\u0105 \u0142\u00f3dzkim kard. Konrada Krajewskiego&#8221; \u2014 poinformowa\u0142a dzi\u015b w po\u0142udnie Nuncjatura Apostolska.Kilka godzin&hellip;\n","protected":false},"author":2,"featured_media":302297,"comment_status":"","ping_status":"","sticky":false,"template":"","format":"standard","meta":{"footnotes":"","_share_on_mastodon":"0"},"categories":[5],"tags":[56,32,33,36,37,27,16005,49,34,35,2765,28,31,48,25,46,42,38,40,39,41,48836,47,29,30,4317,26],"class_list":["post-302296","post","type-post","status-publish","format-standard","has-post-thumbnail","category-naglowki","tag-article_premium","tag-breaking-news","tag-breakingnews","tag-featured-news","tag-featurednews","tag-headlines","tag-konrad_krajewski","tag-kraj","tag-latest-news","tag-latestnews","tag-lodz_miasto","tag-naglowki","tag-najwazniejsze-artykuly","tag-nat_styl","tag-news","tag-omp","tag-pl","tag-poland","tag-polish","tag-polska","tag-polski","tag-ref_floating_paywall_tst0","tag-screening_general","tag-top-stories","tag-topstories","tag-watykan","tag-wiadomosci"],"share_on_mastodon":{"url":"https:\/\/pubeurope.com\/@pl\/116216923900731765","error":""},"_links":{"self":[{"href":"https:\/\/www.europesays.com\/pl\/wp-json\/wp\/v2\/posts\/302296","targetHints":{"allow":["GET"]}}],"collection":[{"href":"https:\/\/www.europesays.com\/pl\/wp-json\/wp\/v2\/posts"}],"about":[{"href":"https:\/\/www.europesays.com\/pl\/wp-json\/wp\/v2\/types\/post"}],"author":[{"embeddable":true,"href":"https:\/\/www.europesays.com\/pl\/wp-json\/wp\/v2\/users\/2"}],"replies":[{"embeddable":true,"href":"https:\/\/www.europesays.com\/pl\/wp-json\/wp\/v2\/comments?post=302296"}],"version-history":[{"count":0,"href":"https:\/\/www.europesays.com\/pl\/wp-json\/wp\/v2\/posts\/302296\/revisions"}],"wp:featuredmedia":[{"embeddable":true,"href":"https:\/\/www.europesays.com\/pl\/wp-json\/wp\/v2\/media\/302297"}],"wp:attachment":[{"href":"https:\/\/www.europesays.com\/pl\/wp-json\/wp\/v2\/media?parent=302296"}],"wp:term":[{"taxonomy":"category","embeddable":true,"href":"https:\/\/www.europesays.com\/pl\/wp-json\/wp\/v2\/categories?post=302296"},{"taxonomy":"post_tag","embeddable":true,"href":"https:\/\/www.europesays.com\/pl\/wp-json\/wp\/v2\/tags?post=302296"}],"curies":[{"name":"wp","href":"https:\/\/api.w.org\/{rel}","templated":true}]}}