{"id":302336,"date":"2026-03-12T15:58:08","date_gmt":"2026-03-12T15:58:08","guid":{"rendered":"https:\/\/www.europesays.com\/pl\/302336\/"},"modified":"2026-03-12T15:58:08","modified_gmt":"2026-03-12T15:58:08","slug":"wielki-powrot-romana-giertycha-odzyskal-funkcje-w-sejmie","status":"publish","type":"post","link":"https:\/\/www.europesays.com\/pl\/302336\/","title":{"rendered":"Wielki powr\u00f3t Romana Giertycha. Odzyska\u0142 funkcj\u0119 w Sejmie"},"content":{"rendered":"<p>Roman Giertych straci\u0142 funkcj\u0119 wiceprzewodnicz\u0105cego w lipcu 2024 r. Sejm odrzuci\u0142 wtedy projekt ustawy depenalizuj\u0105cej aborcj\u0119. <a href=\"https:\/\/wiadomosci.onet.pl\/kraj\/fala-komentarzy-po-zawieszeniu-romana-giertycha-i-tak-powinno-byc\/d0g5nfc\" id=\"2c636a2c-a413-4983-870e-33a70e33da61\" rel=\"nofollow noopener\" target=\"_blank\">Za jego przyj\u0119ciem g\u0142osowa\u0142o 215 pos\u0142\u00f3w, 218 by\u0142o przeciw, a dwoje si\u0119 wstrzyma\u0142o. W g\u0142osowaniu<\/a> udzia\u0142u nie wzi\u0119\u0142o trzech pos\u0142\u00f3w KO: Roman Giertych (kt\u00f3ry w trakcie g\u0142osowania by\u0142 w Sejmie), nieobecny na posiedzeniu ze wzgl\u0119d\u00f3w zdrowotnych Krzysztof Grabczuk, a tak\u017ce Waldemar S\u0142ugocki (kt\u00f3ry jest w trakcie podr\u00f3\u017cy s\u0142u\u017cbowej do USA).<a href=\"https:\/\/wiadomosci.onet.pl\/kraj\/burza-po-glosowaniu-w-sejmie-tusk-wyciaga-konsekwencje-wobec-giertycha\/yy1rfsn?utm_source=detal&amp;utm_medium=synergy&amp;utm_campaign=allonet_detal_popularne\" id=\"622de08c-39f3-4bb9-a894-c1f86eb210fc\" rel=\"nofollow noopener\" target=\"_blank\">Konsekwencje wobec pos\u0142a, kt\u00f3ry z\u0142ama\u0142 partyjn\u0105 dyscyplin\u0119, wyci\u0105gn\u0105\u0142 szef partii<\/a>:<\/p>\n<p>&#8222;To nie by\u0142o zwyk\u0142e g\u0142osowanie. Pose\u0142 Grabczuk w szpitalu \u2014 jest usprawiedliwiony. Pos\u0142owie Giertych i S\u0142ugocki zostan\u0105 zawieszeni w klubie poselskim i pozbawieni funkcji (wiceprzewodnicz\u0105cego klubu i wiceministra)&#8221; \u2014 napisa\u0142 na platformie X Donald Tusk.<\/p>\n<p>      Dalszy ci\u0105g artyku\u0142u pod materia\u0142em wideo    <\/p>\n<p> Kiedy Roman Giertych zosta\u0142 ponownie wybrany na wiceprzewodnicz\u0105cego klubu KO? <\/p>\n<p> Dlaczego Roman Giertych straci\u0142 wcze\u015bniej swoj\u0105 funkcj\u0119? <\/p>\n<p> Co proponowa\u0142 Roman Giertych w zwi\u0105zku z mediami spo\u0142eczno\u015bciowymi? <\/p>\n<p> Kto poinformowa\u0142 o pracach nad nowym projektem ustawy? <\/p>\n<p>Okres zawieszenia jednak min\u0105\u0142, a w czerwcu ub. r. Roman Giertych przyst\u0105pi\u0142 nawet do Platformy Obywatelskiej. Teraz wraca na dawne stanowisko. Z informacji Onetu wynika, \u017ce na dzisiejszym posiedzeniu klubu KO zosta\u0142 ponownie wybrany na funkcj\u0119 wiceprzewodnicz\u0105cego tego cia\u0142a.<\/p>\n<p>Jak s\u0142yszymy, jego powr\u00f3t ma zwi\u0105zek z pracami nad projektem ustawy, kt\u00f3ry zakazywa\u0142by korzystanie z platform spo\u0142eczno\u015bciowych dzieciom poni\u017cej 15. roku \u017cycia. O tym, \u017ce takie prace b\u0119d\u0105 si\u0119 toczy\u0107, \u015bwi\u0119tokrzyski pose\u0142 Koalicji Obywatelskiej poinformowa\u0142 w styczniu na &#8222;X&#8221;:<\/p>\n<p>&#8222;Na posiedzeniu klubu KO zaproponowa\u0142em wprowadzenie (na wz\u00f3r Australii), aby platformy medi\u00f3w spo\u0142eczno\u015bciowych mia\u0142y zakaz udost\u0119pniania swoich us\u0142ug dzieciom do 15 roku \u017cycia. Po rozmowie z pani\u0105 pose\u0142 Monik\u0105 Ros\u0105 \u2014 przewodnicz\u0105c\u0105 Komisji ds. Dzieci i M\u0142odzie\u017cy uda\u0142em si\u0119 do MEN i porozmawia\u0142em z pani\u0105 pose\u0142 Barbar\u0105 Nowack\u0105 (jako b. MEN z obecnym) i ustalili\u015bmy, \u017ce b\u0119dzie to nasza wsp\u00f3lna inicjatywa poselska. Kolegium Klubu KO zaakceptowa\u0142o ide\u0119 projektu wi\u0119c pracujemy&#8221;.<\/p>\n","protected":false},"excerpt":{"rendered":"Roman Giertych straci\u0142 funkcj\u0119 wiceprzewodnicz\u0105cego w lipcu 2024 r. Sejm odrzuci\u0142 wtedy projekt ustawy depenalizuj\u0105cej aborcj\u0119. Za jego&hellip;\n","protected":false},"author":2,"featured_media":302337,"comment_status":"","ping_status":"","sticky":false,"template":"","format":"standard","meta":{"footnotes":"","_share_on_mastodon":"0"},"categories":[5],"tags":[4434,32,33,212,36,37,27,7210,34,35,28,31,48,25,46,42,8926,38,40,39,41,48836,4412,47,29,30,341,49032,26],"class_list":["post-302336","post","type-post","status-publish","format-standard","has-post-thumbnail","category-naglowki","tag-aborcja","tag-breaking-news","tag-breakingnews","tag-donald_tusk","tag-featured-news","tag-featurednews","tag-headlines","tag-koalicja_obywatelska","tag-latest-news","tag-latestnews","tag-naglowki","tag-najwazniejsze-artykuly","tag-nat_styl","tag-news","tag-omp","tag-pl","tag-platforma_obywatelska","tag-poland","tag-polish","tag-polska","tag-polski","tag-ref_floating_paywall_tst0","tag-roman_giertych","tag-screening_general","tag-top-stories","tag-topstories","tag-tylko_w_onecie","tag-waldemar_slugocki","tag-wiadomosci"],"share_on_mastodon":{"url":"https:\/\/pubeurope.com\/@pl\/116217036623279414","error":""},"_links":{"self":[{"href":"https:\/\/www.europesays.com\/pl\/wp-json\/wp\/v2\/posts\/302336","targetHints":{"allow":["GET"]}}],"collection":[{"href":"https:\/\/www.europesays.com\/pl\/wp-json\/wp\/v2\/posts"}],"about":[{"href":"https:\/\/www.europesays.com\/pl\/wp-json\/wp\/v2\/types\/post"}],"author":[{"embeddable":true,"href":"https:\/\/www.europesays.com\/pl\/wp-json\/wp\/v2\/users\/2"}],"replies":[{"embeddable":true,"href":"https:\/\/www.europesays.com\/pl\/wp-json\/wp\/v2\/comments?post=302336"}],"version-history":[{"count":0,"href":"https:\/\/www.europesays.com\/pl\/wp-json\/wp\/v2\/posts\/302336\/revisions"}],"wp:featuredmedia":[{"embeddable":true,"href":"https:\/\/www.europesays.com\/pl\/wp-json\/wp\/v2\/media\/302337"}],"wp:attachment":[{"href":"https:\/\/www.europesays.com\/pl\/wp-json\/wp\/v2\/media?parent=302336"}],"wp:term":[{"taxonomy":"category","embeddable":true,"href":"https:\/\/www.europesays.com\/pl\/wp-json\/wp\/v2\/categories?post=302336"},{"taxonomy":"post_tag","embeddable":true,"href":"https:\/\/www.europesays.com\/pl\/wp-json\/wp\/v2\/tags?post=302336"}],"curies":[{"name":"wp","href":"https:\/\/api.w.org\/{rel}","templated":true}]}}