{"id":302421,"date":"2026-03-12T16:55:08","date_gmt":"2026-03-12T16:55:08","guid":{"rendered":"https:\/\/www.europesays.com\/pl\/302421\/"},"modified":"2026-03-12T16:55:08","modified_gmt":"2026-03-12T16:55:08","slug":"trener-cracovii-odniosl-sie-do-plotek-klub-poprosil-mnie-zebym-zostal","status":"publish","type":"post","link":"https:\/\/www.europesays.com\/pl\/302421\/","title":{"rendered":"Trener Cracovii odni\u00f3s\u0142 si\u0119 do plotek. &#8222;Klub poprosi\u0142 mnie, \u017cebym zosta\u0142&#8221;"},"content":{"rendered":"\n<p class=\"contentpart contentpart--default contentpart--text\" data-position=\"0\">Po dobrym starcie sezonu kibice Cracovii zacz\u0119li wierzy\u0107, \u017ce ich dru\u017cyna mo\u017ce zagra\u0107 o co\u015b wi\u0119cej ni\u017c tylko \u015brodek tabeli (lub utrzymanie). Przyszed\u0142 trener Luka Elsner, a Filip Stojilkovi\u0107 zanotowa\u0142 piorunuj\u0105ce wej\u015bcie do Ekstraklasy i kibice szybko zapomnieli o Benjaminie Kallmanie.<\/p>\n<p class=\"contentpart contentpart--default contentpart--text\" data-position=\"1\">Jednak w pewnym momencie co\u015b si\u0119 zaci\u0119\u0142o.\u00a0Ostatnie siedemna\u015bcie mecz\u00f3w Cracovii (w Ekstraklasie i Pucharze Polski) to &#8211; uwaga &#8211; zaledwie trzy wygrane.<\/p>\n<p>  <img decoding=\"async\" src=\"https:\/\/v.wpimg.pl\/X3dwLnN2d1IFFTpdYUl6R0ZNbgcnEHQREVV2TGEGbUtRT2MdOlZ2RBQUKABgQjQcDRotCStBd1IAAWMeIlM7VgwYIAorQAdEFFk_GCkQJQ\" alt=\"\" width=\"45\" height=\"58\" loading=\"lazy\"\/>  <\/p>\n<p class=\"contentpart contentpart--default contentpart--text\" data-position=\"2\">Elsner w przesz\u0142o\u015bci pracowa\u0142 w Ligue 1. To trener z imponuj\u0105cym (jak na polskie warunki) CV. I ju\u017c w grudniu pojawi\u0142y si\u0119 informacje, \u017ce jest jednym z kandydat\u00f3w na selekcjonera reprezentacji S\u0142owenii. Mia\u0142 te\u017c odrzuci\u0107 atrakcyjn\u0105 finansowo propozycj\u0119 z MLS.<\/p>\n<p class=\"contentpart contentpart--default contentpart--text\" data-position=\"3\">Temat jego odej\u015bcia wr\u00f3ci\u0142 w \u015brod\u0119. <a href=\"https:\/\/sportowefakty.wp.pl\/pilka-nozna\/1239047\/media-cracovia-zostanie-bez-trenera-elsner-zlozyl-rezygnacje\" rel=\"nofollow noopener\" target=\"_blank\">Wtedy lokalny dziennikarz poinformowa\u0142, \u017ce Elsner mia\u0142 z\u0142o\u017cy\u0107 rezygnacj\u0119 z pe\u0142nionej funkcji, ale nie zosta\u0142a ona przyj\u0119ta przez klub<\/a>.<\/p>\n<p class=\"contentpart contentpart--default contentpart--text\" data-position=\"4\">ZOBACZ WIDEO: Prawdziwy pocisk! Hukn\u0105\u0142 z dystansu w samo &#8222;okienko&#8221;<\/p>\n<p class=\"contentpart contentpart--default contentpart--text\" data-position=\"6\">G\u0142\u00f3wne argumenty? Sprzeda\u017c Stojilkovicia oraz Mikkela Maigaarda w zimowym oknie transferowym.<\/p>\n<p class=\"contentpart contentpart--default contentpart--text\" data-position=\"7\">Tego tematu nie mog\u0142o zabrakn\u0105\u0107 przy okazji czwartkowej konferencji prasowej.<\/p>\n<p class=\"contentpart contentpart--default contentpart--text\" data-position=\"8\">I trener Elsner wszystko potwierdzi\u0142. Nie by\u0142o uciekania, chowania si\u0119. S\u0142oweniec powiedzia\u0142 wprost, jak wygl\u0105da sytuacja.<\/p>\n<p>  <img decoding=\"async\" src=\"https:\/\/v.wpimg.pl\/X3dwLnN2d1IFFTpdYUl6R0ZNbgcnEHQREVV2TGEGbUtRT2MdOlZ2RBQUKABgQjQcDRotCStBd1IAAWMeIlM7VgwYIAorQAdEFFk_GCkQJQ\" alt=\"\" width=\"45\" height=\"58\" loading=\"lazy\"\/>  <\/p>\n<p class=\"contentpart contentpart--default contentpart--text\" data-position=\"9\">&#8211; Chc\u0119 uci\u0105\u0107 wszelkie spekulacje. W poniedzia\u0142ek odby\u0142em d\u0142ug\u0105 rozmow\u0119 z w\u0142a\u015bcicielem, podczas kt\u00f3rej przedstawi\u0142em swoje obawy. Mieli\u015bmy \u017cywio\u0142ow\u0105 dyskusj\u0119 o obecnej sytuacji w klubie i zmianach, kt\u00f3re zachodz\u0105. W trakcie rozmowy zaoferowa\u0142em swoj\u0105 rezygnacj\u0119, oczywi\u015bcie bez \u017cadnego odszkodowania. Po chwili namys\u0142u klub poprosi\u0142 mnie o kontynuowanie misji. Zaakceptowa\u0142em to. Jestem w pe\u0142ni zmotywowany do dalszej pracy. To tyle, nie b\u0119d\u0119 ujawnia\u0142 \u017cadnych prywatnych rozm\u00f3w z w\u0142a\u015bcicielem. Niech to zostanie mi\u0119dzy nami &#8211; powiedzia\u0142 trener Elsner.<\/p>\n","protected":false},"excerpt":{"rendered":"Po dobrym starcie sezonu kibice Cracovii zacz\u0119li wierzy\u0107, \u017ce ich dru\u017cyna mo\u017ce zagra\u0107 o co\u015b wi\u0119cej ni\u017c tylko&hellip;\n","protected":false},"author":2,"featured_media":302422,"comment_status":"","ping_status":"","sticky":false,"template":"","format":"standard","meta":{"footnotes":"","_share_on_mastodon":"0"},"categories":[24],"tags":[2398,1304,2572,269,1724,42,38,40,39,41,127,126,13105],"class_list":["post-302421","post","type-post","status-publish","format-standard","has-post-thumbnail","category-sport","tag-cracovia","tag-krakow","tag-luka-elsner","tag-pilka-nozna","tag-pko-ekstraklasa","tag-pl","tag-poland","tag-polish","tag-polska","tag-polski","tag-sport","tag-sports","tag-stadion-cracovii-im-jozefa-pilsudskiego-w-krakowie"],"share_on_mastodon":{"url":"https:\/\/pubeurope.com\/@pl\/116217258070397901","error":""},"_links":{"self":[{"href":"https:\/\/www.europesays.com\/pl\/wp-json\/wp\/v2\/posts\/302421","targetHints":{"allow":["GET"]}}],"collection":[{"href":"https:\/\/www.europesays.com\/pl\/wp-json\/wp\/v2\/posts"}],"about":[{"href":"https:\/\/www.europesays.com\/pl\/wp-json\/wp\/v2\/types\/post"}],"author":[{"embeddable":true,"href":"https:\/\/www.europesays.com\/pl\/wp-json\/wp\/v2\/users\/2"}],"replies":[{"embeddable":true,"href":"https:\/\/www.europesays.com\/pl\/wp-json\/wp\/v2\/comments?post=302421"}],"version-history":[{"count":0,"href":"https:\/\/www.europesays.com\/pl\/wp-json\/wp\/v2\/posts\/302421\/revisions"}],"wp:featuredmedia":[{"embeddable":true,"href":"https:\/\/www.europesays.com\/pl\/wp-json\/wp\/v2\/media\/302422"}],"wp:attachment":[{"href":"https:\/\/www.europesays.com\/pl\/wp-json\/wp\/v2\/media?parent=302421"}],"wp:term":[{"taxonomy":"category","embeddable":true,"href":"https:\/\/www.europesays.com\/pl\/wp-json\/wp\/v2\/categories?post=302421"},{"taxonomy":"post_tag","embeddable":true,"href":"https:\/\/www.europesays.com\/pl\/wp-json\/wp\/v2\/tags?post=302421"}],"curies":[{"name":"wp","href":"https:\/\/api.w.org\/{rel}","templated":true}]}}