{"id":302791,"date":"2026-03-12T21:12:03","date_gmt":"2026-03-12T21:12:03","guid":{"rendered":"https:\/\/www.europesays.com\/pl\/302791\/"},"modified":"2026-03-12T21:12:03","modified_gmt":"2026-03-12T21:12:03","slug":"konfederacja-i-korona-z-niemal-identycznym-poparciem","status":"publish","type":"post","link":"https:\/\/www.europesays.com\/pl\/302791\/","title":{"rendered":"Konfederacja i Korona z niemal identycznym poparciem"},"content":{"rendered":"\n<p>&#13;<br \/>\nJak wynika z\u00a0badania CBOS, gdyby wybory parlamentarne odby\u0142y si\u0119 w\u00a0pierwszej po\u0142owie marca, Koalicja Obywatelska mog\u0142aby liczy\u0107 na\u00a029,2 proc. g\u0142os\u00f3w, o\u00a00,4 pkt proc. mniej ni\u017c\u00a0w\u00a0poprzednim sonda\u017cu tej pracowni z\u00a0ko\u0144ca lutego. &#13;\n<\/p>\n<p>&#13;<br \/>\nNa drugim miejscu uplasowa\u0142o si\u0119 Prawo i\u00a0Sprawiedliwo\u015b\u0107 z\u00a0wynikiem 21,1 proc., co\u00a0oznacza wzrost o\u00a02,8 pkt proc. Wed\u0142ug CBOS, notowania najwi\u0119kszej partii opozycyjnej s\u0105 zbli\u017cone do\u00a0poziomu z\u00a0ko\u0144ca ubieg\u0142ego roku. &#13;\n<\/p>\n<p>&#13;<br \/>\n&#8222;Mo\u017ce by\u0107 to\u00a0efektem zwi\u0119kszonej aktywno\u015bci tej partii na\u00a0scenie politycznej w\u00a0ostatnim czasie, zw\u0142aszcza niedawnej konwencji, na\u00a0kt\u00f3rej oficjalnie <a href=\"https:\/\/dorzeczy.pl\/kraj\/856163\/oto-kandydat-pis-na-premiera-kaczynski-oglosil-decyzje.html\" rel=\"nofollow noopener\" target=\"_blank\">og\u0142oszono Przemys\u0142awa Czarnka kandydatem na\u00a0premiera<\/a>&#8221; \u2013\u00a0napisali autorzy badania. &#13;\n<\/p>\n<p>Konfederacja i\u00a0Korona z\u00a0niemal identycznym poparciem <\/p>\n<p>&#13;<br \/>\nTrzecie miejsce zaj\u0119\u0142a Konfederacja Wolno\u015b\u0107 i\u00a0Niepodleg\u0142o\u015b\u0107 z\u00a0poparciem 11,1 proc. (spadek o\u00a02,3 pkt proc.). Tu\u017c za\u00a0ni\u0105 uplasowa\u0142a si\u0119 Konfederacja Korony Polskiej Grzegorza Brauna, kt\u00f3r\u0105 wskaza\u0142o 11 proc. respondent\u00f3w (wzrost o\u00a01,1 pkt proc.). &#13;\n<\/p>\n<p>&#13;<br \/>\nPozosta\u0142e formacje znalaz\u0142y si\u0119 poni\u017cej progu wyborczego. Na\u00a0Parti\u0119 Razem chce g\u0142osowa\u0107 3,8 proc. badanych, na\u00a0Now\u0105 Lewic\u0119 \u2013\u00a03,5 proc., a\u00a0na PSL \u2013\u00a03,2 proc. Polska 2050 Szymona Ho\u0142owni cieszy si\u0119 poparciem mniej ni\u017c\u00a0jednego na\u00a0stu zdeklarowanych uczestnik\u00f3w wybor\u00f3w (0,7 proc.). &#13;\n<\/p>\n<p>&#13;<br \/>\nInne ugrupowania wskaza\u0142o 0,7 proc. respondent\u00f3w, 12,5 proc. wybra\u0142o opcj\u0119 &#8222;trudno powiedzie\u0107&#8221;, a\u00a03,1 proc. odm\u00f3wi\u0142o odpowiedzi. &#13;\n<\/p>\n<p>&#13;<br \/>\ntwitter&#13;\n<\/p>\n<p> Wyniki sonda\u017cu po\u00a0imputacji i\u00a0frekwencja wyborcza <\/p>\n<p>&#13;<br \/>\nCBOS opublikowa\u0142 r\u00f3wnie\u017c wyniki po\u00a0tzw. imputacji, czyli bez uwzgl\u0119dniania odpowiedzi &#8222;trudno powiedzie\u0107&#8221; i\u00a0odm\u00f3w. &#13;\n<\/p>\n<p>&#13;<br \/>\nW tym wariancie KO mog\u0142aby liczy\u0107 na\u00a035,2 proc. poparcia, PiS \u2013\u00a0na\u00a025,5 proc., Konfederacja \u2013\u00a0na\u00a013,4 proc., a\u00a0Korona Brauna \u2013\u00a0na\u00a011,7 proc. Autorzy badania zwracaj\u0105 uwag\u0119, \u017ce\u00a0w\u00a0takim uk\u0142adzie KO umacnia swoj\u0105 przewag\u0119 nad PiS. &#13;\n<\/p>\n<p>&#13;<br \/>\nSonda\u017c wykaza\u0142 te\u017c, \u017ce\u00a0w\u00a0wyborach parlamentarnych wzi\u0119\u0142oby udzia\u0142 75,2 proc. uprawnionych do\u00a0g\u0142osowania. &#13;\n<\/p>\n<p>&#13;<br \/>\nCzytaj te\u017c:<br \/><a href=\"https:\/\/dorzeczy.pl\/kraj\/858736\/ponad-polowa-polakow-prezydent-powinien-podpisac-safe.html\" rel=\"follow nofollow noopener\" data-schema=\"DORZECZY\" data-image=\"https:\/\/img.dorzeczy.pl\/_thumb\/b3\/ec\/a50c21ca2b4c7b931da1ef45baf5.jpeg\" target=\"_blank\">Czy prezydent powinien podpisa\u0107 ustaw\u0119 o\u00a0SAFE? Jest sonda\u017c<\/a>&#13;<\/p>\n","protected":false},"excerpt":{"rendered":"&#13; Jak wynika z\u00a0badania CBOS, gdyby wybory parlamentarne odby\u0142y si\u0119 w\u00a0pierwszej po\u0142owie marca, Koalicja Obywatelska mog\u0142aby liczy\u0107 na\u00a029,2&hellip;\n","protected":false},"author":2,"featured_media":302792,"comment_status":"","ping_status":"","sticky":false,"template":"","format":"standard","meta":{"footnotes":"","_share_on_mastodon":"0"},"categories":[12],"tags":[32,33,1347,98,36,37,27,3940,1006,13518,49,34,35,28,31,25,529,42,38,40,39,41,366,29,30,26],"class_list":["post-302791","post","type-post","status-publish","format-standard","has-post-thumbnail","category-polska","tag-breaking-news","tag-breakingnews","tag-damian-cygan","tag-dorzeczy","tag-featured-news","tag-featurednews","tag-headlines","tag-ko","tag-konfederacja","tag-korona","tag-kraj","tag-latest-news","tag-latestnews","tag-naglowki","tag-najwazniejsze-artykuly","tag-news","tag-pis","tag-pl","tag-poland","tag-polish","tag-polska","tag-polski","tag-sondaz","tag-top-stories","tag-topstories","tag-wiadomosci"],"share_on_mastodon":{"url":"https:\/\/pubeurope.com\/@pl\/116218268612519910","error":""},"_links":{"self":[{"href":"https:\/\/www.europesays.com\/pl\/wp-json\/wp\/v2\/posts\/302791","targetHints":{"allow":["GET"]}}],"collection":[{"href":"https:\/\/www.europesays.com\/pl\/wp-json\/wp\/v2\/posts"}],"about":[{"href":"https:\/\/www.europesays.com\/pl\/wp-json\/wp\/v2\/types\/post"}],"author":[{"embeddable":true,"href":"https:\/\/www.europesays.com\/pl\/wp-json\/wp\/v2\/users\/2"}],"replies":[{"embeddable":true,"href":"https:\/\/www.europesays.com\/pl\/wp-json\/wp\/v2\/comments?post=302791"}],"version-history":[{"count":0,"href":"https:\/\/www.europesays.com\/pl\/wp-json\/wp\/v2\/posts\/302791\/revisions"}],"wp:featuredmedia":[{"embeddable":true,"href":"https:\/\/www.europesays.com\/pl\/wp-json\/wp\/v2\/media\/302792"}],"wp:attachment":[{"href":"https:\/\/www.europesays.com\/pl\/wp-json\/wp\/v2\/media?parent=302791"}],"wp:term":[{"taxonomy":"category","embeddable":true,"href":"https:\/\/www.europesays.com\/pl\/wp-json\/wp\/v2\/categories?post=302791"},{"taxonomy":"post_tag","embeddable":true,"href":"https:\/\/www.europesays.com\/pl\/wp-json\/wp\/v2\/tags?post=302791"}],"curies":[{"name":"wp","href":"https:\/\/api.w.org\/{rel}","templated":true}]}}