{"id":304076,"date":"2026-03-13T17:59:25","date_gmt":"2026-03-13T17:59:25","guid":{"rendered":"https:\/\/www.europesays.com\/pl\/304076\/"},"modified":"2026-03-13T17:59:25","modified_gmt":"2026-03-13T17:59:25","slug":"raport-fbi-uderza-w-trumpa-po-ataku-na-iran-rosnie-liczba-aktow-terroryzmu","status":"publish","type":"post","link":"https:\/\/www.europesays.com\/pl\/304076\/","title":{"rendered":"Raport FBI uderza w Trumpa. Po ataku na Iran ro\u015bnie liczba akt\u00f3w terroryzmu"},"content":{"rendered":"\n<p>&#13;<br \/>\n&#8222;Daily Mail&#8221; dotar\u0142o do\u00a0raportu, z\u00a0kt\u00f3rego wynika, \u017ce\u00a0ameryka\u0144skie s\u0142u\u017cby przygotowuj\u0105 si\u0119 na\u00a0ataki z\u00a0u\u017cyciem no\u017cy, pojazd\u00f3w, ale\u00a0tak\u017ce \u0142adunk\u00f3w wybuchowych. &#13;\n<\/p>\n<p>&#13;<br \/>\nW USA dosz\u0142o co\u00a0najmniej do\u00a0dw\u00f3ch akt\u00f3w terroru b\u0119d\u0105cych bezpo\u015bredni\u0105 konsekwencj\u0105 napa\u015bci na\u00a0Iran. 1\u00a0marca w\u00a0Austin w\u00a0Teksasie m\u0119\u017cczyzna zacz\u0105\u0142 strzela\u0107 do\u00a0ludzi. W\u00a0wyniku ataku zgin\u0119\u0142y trzy osoby, a\u00a0kilkana\u015bcie zosta\u0142o rannych. M\u0119\u017cczyzna mia\u0142 na\u00a0sobie koszulk\u0119 z\u00a0flag\u0105 Iranu, a\u00a0w\u00a0mediach spo\u0142eczno\u015bciowych opublikowa\u0142 wpis: &#8222;Rewolucja ira\u0144ska jest wieczna!&#8221;. Zosta\u0142 zastrzelony przez policj\u0119. &#13;\n<\/p>\n<p>&#13;<br \/>\nW niedziel\u0119 8\u00a0marca Nowym Jorku dw\u00f3ch m\u0119\u017cczyzn pr\u00f3bowa\u0142o zdetonowa\u0107 bomb\u0119 nabit\u0105 gwo\u017adziami. Sta\u0142o za\u00a0nimi prawdopodobnie Pa\u0144stwo Islamskie. Atak udaremniono. &#13;\n<\/p>\n<p>&#13;<br \/>\nFBI ostrzega w\u00a0raporcie, \u017ce\u00a0potencjalnymi celami mog\u0105 by\u0107 urz\u0119dnicy oraz\u00a0\u015brodowiska \u017cydowskie. Ameryka\u0144skie s\u0142u\u017cby spodziewaj\u0105 si\u0119 r\u00f3wnie\u017c nasilonych cyberatak\u00f3w. &#13;\n<\/p>\n<p>&#13;<br \/>\nBia\u0142y Dom pr\u00f3bowa\u0142 nie\u00a0dopu\u015bci\u0107 do\u00a0publikacji raportu, obawiaj\u0105c si\u0119 reakcji spo\u0142ecze\u0144stwa. Z\u00a0ostatnich sonda\u017cy wynika bowiem, \u017ce\u00a0wi\u0119kszo\u015b\u0107 Amerykan\u00f3w krytycznie ocenia decyzj\u0119 Trumpa o\u00a0rozpocz\u0119ciu wojny. &#13;\n<\/p>\n<p>Koniec wojny na\u00a0Bliskim Wschodzie? Iran stawia warunki<\/p>\n<p>&#13;<br \/>\nPrezydent Masud Pezeszkian o\u015bwiadczy\u0142 w\u00a0czwartek, \u017ce\u00a0konflikt mo\u017ce si\u0119 zako\u0144czy\u0107 jedynie wtedy, gdy spo\u0142eczno\u015b\u0107 mi\u0119dzynarodowa uzna &#8222;uzasadnione prawa&#8221; Iranu, wyp\u0142aci Teheranowi odszkodowania wojenne oraz\u00a0zagwarantuje bezpiecze\u0144stwo na\u00a0przysz\u0142o\u015b\u0107. &#13;\n<\/p>\n<p>&#13;<br \/>\nZ kolei w\u00a0czwartek przedstawiciel Kwatery G\u0142\u00f3wnej ira\u0144skiej armii Ebrahim Zolfakari stwierdzi\u0142, \u017ce\u00a0\u015bwiat powinien przygotowa\u0107 si\u0119 na\u00a0scenariusz <a href=\"https:\/\/dorzeczy.pl\/ekonomia\/858544\/200-dolarow-za-barylke-iran-straszy-rekordowymi-cenami-ropy.html\" rel=\"nofollow noopener\" target=\"_blank\">gwa\u0142townego wzrostu<\/a> cen surowca. Wed\u0142ug dost\u0119pnych raport\u00f3w, w\u00a0czwartek rano bary\u0142ka ameryka\u0144skiej ropy West Texas Intermediate (WTI) kosztowa\u0142a 93,16 dolara, co\u00a0oznacza wzrost o\u00a06,81 proc. w\u00a0por\u00f3wnaniu z\u00a0wcze\u015bniejszymi notowaniami. Z\u00a0kolei ropa Brent na\u00a0gie\u0142dzie w\u00a0Londynie by\u0142a wyceniana na\u00a098,57 dolara za\u00a0bary\u0142k\u0119, a\u00a0wcze\u015bniej przekroczy\u0142a nawet poziom 100 dolar\u00f3w. &#13;\n<\/p>\n<p>&#13;<br \/>\nWzrost cen to\u00a0bezpo\u015bredni efekt dzia\u0142a\u0144 militarnych w\u00a0regionie Zatoki Perskiej. W\u00a0ostatnich dniach dosz\u0142o tam do\u00a0serii atak\u00f3w na\u00a0statki oraz\u00a0infrastruktur\u0119 paliwow\u0105. &#13;\n<\/p>\n<p>&#13;<br \/>\nCzytaj te\u017c:<br \/><a href=\"https:\/\/dorzeczy.pl\/opinie\/858547\/cyberatak-na-ncbj-gawkowski-oskarza-iran-celem-byl-blackout.html\" rel=\"follow nofollow noopener\" data-schema=\"DORZECZY\" data-image=\"https:\/\/img.dorzeczy.pl\/_thumb\/94\/1c\/dc912df66c85b10745c2e697e8e2.jpeg\" target=\"_blank\">Cyberatak na\u00a0polskie instytucje. Rz\u0105d oskar\u017ca Iran<\/a>Czytaj te\u017c:<br \/><a href=\"https:\/\/dorzeczy.pl\/swiat\/858586\/bliski-wschod-iran-zaatakowal-wloska-baze-wojskowa-w-iraku.html\" rel=\"follow nofollow noopener\" data-schema=\"DORZECZY\" data-image=\"https:\/\/img.dorzeczy.pl\/_thumb\/74\/42\/cd8df49b03e1d869711ba4f6ce4f.jpeg\" target=\"_blank\">Iran zaatakowa\u0142 w\u0142osk\u0105 baz\u0119 wojskow\u0105. &#8222;\u017bo\u0142nierze s\u0105 w\u00a0bunkrze&#8221;<\/a> &#13;<\/p>\n","protected":false},"excerpt":{"rendered":"&#13; &#8222;Daily Mail&#8221; dotar\u0142o do\u00a0raportu, z\u00a0kt\u00f3rego wynika, \u017ce\u00a0ameryka\u0144skie s\u0142u\u017cby przygotowuj\u0105 si\u0119 na\u00a0ataki z\u00a0u\u017cyciem no\u017cy, pojazd\u00f3w, ale\u00a0tak\u017ce \u0142adunk\u00f3w wybuchowych.&hellip;\n","protected":false},"author":2,"featured_media":304077,"comment_status":"","ping_status":"","sticky":false,"template":"","format":"standard","meta":{"footnotes":"","_share_on_mastodon":"0"},"categories":[14],"tags":[32,33,1835,98,5406,27,663,34,35,28,31,25,40,41,80,952,29,30,71,26,82,83,84],"class_list":["post-304076","post","type-post","status-publish","format-standard","has-post-thumbnail","category-swiat","tag-breaking-news","tag-breakingnews","tag-donald-trump","tag-dorzeczy","tag-fbi","tag-headlines","tag-iran","tag-latest-news","tag-latestnews","tag-naglowki","tag-najwazniejsze-artykuly","tag-news","tag-polish","tag-polski","tag-swiat","tag-terroryzm","tag-top-stories","tag-topstories","tag-usa","tag-wiadomosci","tag-world","tag-world-news","tag-worldnews"],"share_on_mastodon":{"url":"https:\/\/pubeurope.com\/@pl\/116223171812440822","error":""},"_links":{"self":[{"href":"https:\/\/www.europesays.com\/pl\/wp-json\/wp\/v2\/posts\/304076","targetHints":{"allow":["GET"]}}],"collection":[{"href":"https:\/\/www.europesays.com\/pl\/wp-json\/wp\/v2\/posts"}],"about":[{"href":"https:\/\/www.europesays.com\/pl\/wp-json\/wp\/v2\/types\/post"}],"author":[{"embeddable":true,"href":"https:\/\/www.europesays.com\/pl\/wp-json\/wp\/v2\/users\/2"}],"replies":[{"embeddable":true,"href":"https:\/\/www.europesays.com\/pl\/wp-json\/wp\/v2\/comments?post=304076"}],"version-history":[{"count":0,"href":"https:\/\/www.europesays.com\/pl\/wp-json\/wp\/v2\/posts\/304076\/revisions"}],"wp:featuredmedia":[{"embeddable":true,"href":"https:\/\/www.europesays.com\/pl\/wp-json\/wp\/v2\/media\/304077"}],"wp:attachment":[{"href":"https:\/\/www.europesays.com\/pl\/wp-json\/wp\/v2\/media?parent=304076"}],"wp:term":[{"taxonomy":"category","embeddable":true,"href":"https:\/\/www.europesays.com\/pl\/wp-json\/wp\/v2\/categories?post=304076"},{"taxonomy":"post_tag","embeddable":true,"href":"https:\/\/www.europesays.com\/pl\/wp-json\/wp\/v2\/tags?post=304076"}],"curies":[{"name":"wp","href":"https:\/\/api.w.org\/{rel}","templated":true}]}}