{"id":304188,"date":"2026-03-13T19:34:20","date_gmt":"2026-03-13T19:34:20","guid":{"rendered":"https:\/\/www.europesays.com\/pl\/304188\/"},"modified":"2026-03-13T19:34:20","modified_gmt":"2026-03-13T19:34:20","slug":"joanna-jablczynska-dopiero-porzucila-kancelarie-teraz-chwali-sie-nowym-wyzwaniem","status":"publish","type":"post","link":"https:\/\/www.europesays.com\/pl\/304188\/","title":{"rendered":"Joanna Jab\u0142czy\u0144ska dopiero porzuci\u0142a kancelari\u0119. Teraz chwali si\u0119 nowym wyzwaniem"},"content":{"rendered":"<p class=\"Paragraph_desktopParagraph__U31Gm\"><a href=\"https:\/\/plejada.pl\/temat\/joanna-jablczynska\/pftrxyv\" id=\"57193edd-0ad9-4a7e-afd3-d3971b194bb8\" rel=\"nofollow noopener\" target=\"_blank\">Joanna Jab\u0142czy\u0144ska<\/a> przez lata udowadnia\u0142a, \u017ce mo\u017cna skutecznie funkcjonowa\u0107 na dw\u00f3ch zawodowych frontach \u2014 jako aktorka i radca prawny. W rozmowach z mediami niejednokrotnie podkre\u015bla\u0142a, \u017ce kancelaria by\u0142a dla niej stabilnym zapleczem oraz sposobem na oderwanie od nieprzewidywalno\u015bci show-biznesu.<\/p>\n<ul class=\"OchatFollowUps_wrapper__1ry7X\">\n<li class=\"OchatFollowUps_item__Dhyly OchatFollowUps_itemDesktop__R6aBv\">Co sk\u0142oni\u0142o Joann\u0119 Jab\u0142czy\u0144sk\u0105 do odej\u015bcia z kancelarii?<\/li>\n<li class=\"OchatFollowUps_item__Dhyly OchatFollowUps_itemDesktop__R6aBv\">Jakie nowe wyzwanie zawodowe podj\u0119\u0142a Joanna Jab\u0142czy\u0144ska?<\/li>\n<li class=\"OchatFollowUps_item__Dhyly OchatFollowUps_itemDesktop__R6aBv\">W jakim serialu wyst\u0105pi Joanna Jab\u0142czy\u0144ska?<\/li>\n<li class=\"OchatFollowUps_item__Dhyly OchatFollowUps_itemDesktop__R6aBv\">Kiedy zostanie wyemitowany pierwszy odcinek z Joann\u0105 Jab\u0142czy\u0144sk\u0105 w roli?<\/li>\n<\/ul>\n<p>Joanna Jab\u0142czy\u0144ska rzuci\u0142a prawo. Wiemy, co dalej z jej karier\u0105 <\/p>\n<p class=\"Paragraph_desktopParagraph__U31Gm\">Jednak, j<a href=\"https:\/\/plejada.pl\/newsy\/joanna-jablczynska-odchodzi-z-kancelarii-mowi-o-nieuczciwych-praktykach\/2mes39b\" id=\"9d4c178e-a860-45df-862c-5ea992f74697\" rel=\"nofollow noopener\" target=\"_blank\">ak przyzna\u0142a aktorka w programie &#8222;Halo, tu Polsat&#8221;<\/a>, praca prawnika okaza\u0142a si\u0119 zbyt kosztowna \u017cyciowo.<\/p>\n<blockquote>\n<p class=\"Paragraph_desktopParagraph__U31Gm\">Odchodz\u0119 od kancelarii i od pracy prawnika. Jest to taki fajny plan B, ale za du\u017co mnie to kosztuje. Jest to nieop\u0142acalne \u017cyciowo<\/p>\n<\/blockquote>\n<p class=\"Paragraph_desktopParagraph__U31Gm\">\u2014 wyzna\u0142a Jab\u0142czy\u0144ska kilka tygodni temu.<\/p>\n<p class=\"Paragraph_desktopParagraph__U31Gm\">Jak si\u0119 okazuje, decyzja o odej\u015bciu z kancelarii wi\u0105\u017ce si\u0119 z nowymi zawodowymi wyzwaniami. Joanna Jab\u0142czy\u0144ska oficjalnie og\u0142osi\u0142a w mediach spo\u0142eczno\u015bciowych, \u017ce do\u0142\u0105cza do obsady serialu &#8222;Komisarz Aleks&#8221;. Aktorka wcieli si\u0119 w posta\u0107 Jagny Toczko \u2014 bohaterki, kt\u00f3ra, jak zapowiadaj\u0105 tw\u00f3rcy, &#8222;mo\u017ce nie\u017ale namiesza\u0107&#8221;. Pierwszy odcinek z udzia\u0142em Jab\u0142czy\u0144skiej zostanie wyemitowany ju\u017c 14 marca o godz. 20.25 na antenie TVP 1.<\/p>\n<p class=\"Paragraph_desktopParagraph__U31Gm\">Joanna Jab\u0142czy\u0144ska swoj\u0105 przygod\u0119 z telewizj\u0105 rozpocz\u0119\u0142a jako siedmiolatka w programie &#8222;Tik-Tak&#8221;, a prawdziw\u0105 popularno\u015b\u0107 przynios\u0142a jej rola Sylwii Marczy\u0144skiej w serialu &#8222;Klan&#8221;. Wyst\u0119powa\u0142a r\u00f3wnie\u017c w takich produkcjach jak &#8222;Dziady&#8221; w re\u017cyserii Jana Englerta, &#8222;Trzy szalone zera&#8221;, &#8222;Du\u017ca przerwa&#8221; czy &#8222;Wyrok na Franciszka K\u0142osa&#8221; Andrzeja Wajdy. Przez ostatnie lata by\u0142a zwi\u0105zana przede wszystkim z serialem &#8222;Na Wsp\u00f3lnej&#8221;.<\/p>\n<p><img decoding=\"async\" class=\"Image_image__0tuHp Image_autoHeight__f2n87 \" height=\"587\" width=\"880\" src=\"https:\/\/www.europesays.com\/pl\/wp-content\/uploads\/2026\/03\/ug3k9kpTURBXy9lYWMzMzExNDE4N2ZkMDdlMDBiYWY5MDFlNDY0ZGQ0Ni5qcGeSlQLNA6wAwsOVAgDNAkvCw94AA6EwAaExAaEzw.jpeg\" alt=\"Joanna Jab\u0142czy\u0144ska\" loading=\"lazy\" \/>Andras Szilagyi \/ MW Media<\/p>\n<p>Joanna Jab\u0142czy\u0144ska<\/p>\n<p class=\"Paragraph_desktopParagraph__U31Gm\">Dzi\u0119kujemy, \u017ce przeczyta\u0142a\u015b\/e\u015b nasz artyku\u0142 do ko\u0144ca. W serwisie Plejada.pl ka\u017cdego dnia piszemy o najwa\u017cniejszych wydarzeniach show-biznesowych. B\u0105d\u017a na bie\u017c\u0105co!<a rel=\"nofollow noopener\" href=\"https:\/\/profile.google.com\/cp\/Cg0vZy8xMWJ6X19wdHBx\" id=\"8084bf1f-c933-4997-95ed-df58228f810a\" target=\"_blank\"> Obserwuj<\/a> Plejad\u0119 w Google. Odwied\u017a nas tak\u017ce na<a rel=\"nofollow noopener\" href=\"https:\/\/www.facebook.com\/plejadapl\" id=\"10adcc3e-bdee-4204-a4d8-46e23d68d8a6\" target=\"_blank\"> Facebooku<\/a>,<a rel=\"nofollow noopener\" href=\"https:\/\/www.instagram.com\/plejadapl\/\" id=\"b0c61b34-c9fa-4699-944c-0665e90b9fcf\" target=\"_blank\"> Instagramie<\/a>,<a rel=\"nofollow noopener\" href=\"https:\/\/www.youtube.com\/c\/plejada\" id=\"d8ca6989-cd94-4207-9d2f-1032f984d7bb\" target=\"_blank\"> YouTubie<\/a> oraz<a rel=\"nofollow noopener\" href=\"https:\/\/www.tiktok.com\/@plejada_pl\" id=\"3af70c1c-4295-4bae-8033-ffd5d2a35793\" target=\"_blank\"> TikToku<\/a>.<\/p>\n<p class=\"Paragraph_desktopParagraph__U31Gm\">Chcesz podzieli\u0107 si\u0119 ciekawym newsem lub zaproponowa\u0107 temat? Skontaktuj si\u0119 z nami, pisz\u0105c maila na adres: <a href=\"https:\/\/www.onet.pl\/styl-zycia\/plejada\/joanna-jablczynska-dopiero-porzucila-kancelarie-teraz-chwali-sie-nowym-wyzwaniem\/mailto:plejada@redakcjaonet.pl\" id=\"af5d3518-deb4-408c-a6c2-c8d3e045fc9f\" rel=\"nofollow noopener\" target=\"_blank\">plejada@redakcjaonet.pl<\/a>.<\/p>\n<p><script async src=\"\/\/www.instagram.com\/embed.js\"><\/script><script async src=\"\/\/www.tiktok.com\/embed.js\"><\/script><\/p>\n","protected":false},"excerpt":{"rendered":"Joanna Jab\u0142czy\u0144ska przez lata udowadnia\u0142a, \u017ce mo\u017cna skutecznie funkcjonowa\u0107 na dw\u00f3ch zawodowych frontach \u2014 jako aktorka i radca&hellip;\n","protected":false},"author":2,"featured_media":304189,"comment_status":"","ping_status":"","sticky":false,"template":"","format":"standard","meta":{"footnotes":"","_share_on_mastodon":"0"},"categories":[22],"tags":[122,1900,67,16015,49285,46638,53,52,68,51,55,42,38,40,39,41,123,47,7581,196,3567,65,50],"class_list":["post-304188","post","type-post","status-publish","format-standard","has-post-thumbnail","category-rozrywka","tag-entertainment","tag-instagram_aplikacja","tag-intextvideo_splayer","tag-joanna_jablczynska","tag-komisarz_alex","tag-less_more_tst1","tag-new_header","tag-onet3","tag-onet3d","tag-onet3d_2i","tag-phx","tag-pl","tag-poland","tag-polish","tag-polska","tag-polski","tag-rozrywka","tag-screening_general","tag-serial_seriale","tag-styl_zycia","tag-tvp_telewizja_polska","tag-update_me","tag-v2021"],"share_on_mastodon":{"url":"https:\/\/pubeurope.com\/@pl\/116223545651789015","error":""},"_links":{"self":[{"href":"https:\/\/www.europesays.com\/pl\/wp-json\/wp\/v2\/posts\/304188","targetHints":{"allow":["GET"]}}],"collection":[{"href":"https:\/\/www.europesays.com\/pl\/wp-json\/wp\/v2\/posts"}],"about":[{"href":"https:\/\/www.europesays.com\/pl\/wp-json\/wp\/v2\/types\/post"}],"author":[{"embeddable":true,"href":"https:\/\/www.europesays.com\/pl\/wp-json\/wp\/v2\/users\/2"}],"replies":[{"embeddable":true,"href":"https:\/\/www.europesays.com\/pl\/wp-json\/wp\/v2\/comments?post=304188"}],"version-history":[{"count":0,"href":"https:\/\/www.europesays.com\/pl\/wp-json\/wp\/v2\/posts\/304188\/revisions"}],"wp:featuredmedia":[{"embeddable":true,"href":"https:\/\/www.europesays.com\/pl\/wp-json\/wp\/v2\/media\/304189"}],"wp:attachment":[{"href":"https:\/\/www.europesays.com\/pl\/wp-json\/wp\/v2\/media?parent=304188"}],"wp:term":[{"taxonomy":"category","embeddable":true,"href":"https:\/\/www.europesays.com\/pl\/wp-json\/wp\/v2\/categories?post=304188"},{"taxonomy":"post_tag","embeddable":true,"href":"https:\/\/www.europesays.com\/pl\/wp-json\/wp\/v2\/tags?post=304188"}],"curies":[{"name":"wp","href":"https:\/\/api.w.org\/{rel}","templated":true}]}}