{"id":304288,"date":"2026-03-13T20:51:08","date_gmt":"2026-03-13T20:51:08","guid":{"rendered":"https:\/\/www.europesays.com\/pl\/304288\/"},"modified":"2026-03-13T20:51:08","modified_gmt":"2026-03-13T20:51:08","slug":"nie-tylko-prowadzacy-w-bieliznie-te-incydenty-zapisaly-sie-w-historii-oscarow","status":"publish","type":"post","link":"https:\/\/www.europesays.com\/pl\/304288\/","title":{"rendered":"Nie tylko prowadz\u0105cy w bieli\u017anie. Te incydenty zapisa\u0142y si\u0119 w historii Oscar\u00f3w"},"content":{"rendered":"<p class=\"Paragraph_desktopParagraph__U31Gm\">Podczas gali oscarowej w 2022 r. dosz\u0142o do jednej z najbardziej skandalicznych sytuacji w historii rozdania tych presti\u017cowych nagr\u00f3d. Chris Rock za\u017cartowa\u0142 ze sceny z \u0142ysiny Jade Pinkett-Smith, kt\u00f3r\u0105 spowodowa\u0142a powa\u017cna choroba autoimmunologiczna. Will Smith nie zastanawia\u0142 si\u0119 zbyt d\u0142ugo \u2014 poderwa\u0142 si\u0119 z miejsca, wparowa\u0142 na scen\u0119 i spoliczkowa\u0142 komika. <\/p>\n<p>Dzi\u0119kujemy, \u017ce przeczyta\u0142a\u015b\/e\u015b nasz artyku\u0142 do ko\u0144ca. W serwisie Plejada.pl ka\u017cdego dnia piszemy o najwa\u017cniejszych wydarzeniach show-biznesowych. B\u0105d\u017a na bie\u017c\u0105co i obserwuj Plejad\u0119 w <a rel=\"nofollow noopener\" href=\"http:\/\/news.google.com\/publications\/CAAiEF0PeAlb7W1llpV_mwV2rL4qFAgKIhBdD3gJW-1tZZaVf5sFdqy-?hl=pl&amp;gl=PL&amp;ceid=PL%3Apl\" target=\"_blank\">Wiadomo\u015bciach Google<\/a>. Odwied\u017a nas tak\u017ce na <a rel=\"nofollow noopener\" href=\"http:\/\/facebook.com\/plejadapl\" target=\"_blank\">Facebooku<\/a> , <a rel=\"nofollow noopener\" href=\"http:\/\/instagram.com\/plejadapl\/\" target=\"_blank\">Instagramie<\/a>, <a rel=\"nofollow noopener\" href=\"http:\/\/youtube.com\/c\/plejada\" target=\"_blank\">YouTubie<\/a> i <a rel=\"nofollow noopener\" href=\"http:\/\/tiktok.com\/@plejada_pl\" target=\"_blank\">TikToku<\/a>. <\/p>\n<p>Chcesz podzieli\u0107 si\u0119 ciekawym newsem lub zaproponowa\u0107 temat? Skontaktuj si\u0119 z nami, pisz\u0105c maila na adres: plejada@redakcjaonet.pl.\n<\/p>\n<p><script async src=\"\/\/www.instagram.com\/embed.js\"><\/script><script async src=\"\/\/www.tiktok.com\/embed.js\"><\/script><\/p>\n","protected":false},"excerpt":{"rendered":"Podczas gali oscarowej w 2022 r. dosz\u0142o do jednej z najbardziej skandalicznych sytuacji w historii rozdania tych presti\u017cowych&hellip;\n","protected":false},"author":2,"featured_media":304289,"comment_status":"","ping_status":"","sticky":false,"template":"","format":"standard","meta":{"footnotes":"","_share_on_mastodon":"0"},"categories":[22],"tags":[761,122,2728,67,261,53,52,68,51,31030,55,42,38,40,39,41,123,47,50],"class_list":["post-304288","post","type-post","status-publish","format-standard","has-post-thumbnail","category-rozrywka","tag-divert_me","tag-entertainment","tag-evergreen","tag-intextvideo_splayer","tag-kultura","tag-new_header","tag-onet3","tag-onet3d","tag-onet3d_2i","tag-oscary_nagroda_filmowa_oskary","tag-phx","tag-pl","tag-poland","tag-polish","tag-polska","tag-polski","tag-rozrywka","tag-screening_general","tag-v2021"],"share_on_mastodon":{"url":"https:\/\/pubeurope.com\/@pl\/116223848397515174","error":""},"_links":{"self":[{"href":"https:\/\/www.europesays.com\/pl\/wp-json\/wp\/v2\/posts\/304288","targetHints":{"allow":["GET"]}}],"collection":[{"href":"https:\/\/www.europesays.com\/pl\/wp-json\/wp\/v2\/posts"}],"about":[{"href":"https:\/\/www.europesays.com\/pl\/wp-json\/wp\/v2\/types\/post"}],"author":[{"embeddable":true,"href":"https:\/\/www.europesays.com\/pl\/wp-json\/wp\/v2\/users\/2"}],"replies":[{"embeddable":true,"href":"https:\/\/www.europesays.com\/pl\/wp-json\/wp\/v2\/comments?post=304288"}],"version-history":[{"count":0,"href":"https:\/\/www.europesays.com\/pl\/wp-json\/wp\/v2\/posts\/304288\/revisions"}],"wp:featuredmedia":[{"embeddable":true,"href":"https:\/\/www.europesays.com\/pl\/wp-json\/wp\/v2\/media\/304289"}],"wp:attachment":[{"href":"https:\/\/www.europesays.com\/pl\/wp-json\/wp\/v2\/media?parent=304288"}],"wp:term":[{"taxonomy":"category","embeddable":true,"href":"https:\/\/www.europesays.com\/pl\/wp-json\/wp\/v2\/categories?post=304288"},{"taxonomy":"post_tag","embeddable":true,"href":"https:\/\/www.europesays.com\/pl\/wp-json\/wp\/v2\/tags?post=304288"}],"curies":[{"name":"wp","href":"https:\/\/api.w.org\/{rel}","templated":true}]}}