{"id":304338,"date":"2026-03-13T21:26:19","date_gmt":"2026-03-13T21:26:19","guid":{"rendered":"https:\/\/www.europesays.com\/pl\/304338\/"},"modified":"2026-03-13T21:26:19","modified_gmt":"2026-03-13T21:26:19","slug":"demi-moore-ponownie-zaniepokoila-fanow-apeluja-zadbaj-o-siebie","status":"publish","type":"post","link":"https:\/\/www.europesays.com\/pl\/304338\/","title":{"rendered":"Demi Moore ponownie zaniepokoi\u0142a fan\u00f3w. Apeluj\u0105: zadbaj o siebie"},"content":{"rendered":"<p class=\"Paragraph_desktopParagraph__U31Gm\"><a href=\"https:\/\/plejada.pl\/temat\/demi-moore-aktorka\/ckh6fwv\" id=\"485f9c1e-0f6f-4e92-b4f3-3ab78b6aa64f\" rel=\"nofollow noopener\" target=\"_blank\">Demi Moore<\/a> pojawi\u0142a si\u0119 na festiwalu South By Southwest w Austin, promuj\u0105c sw\u00f3j najnowszy film &#8222;I Love Boosters!&#8221;. 63-letnia aktorka przyci\u0105gn\u0119\u0142a uwag\u0119 fotoreporter\u00f3w granatow\u0105 sukni\u0105 z g\u0142\u0119bokim dekoltem i wysokim rozci\u0119ciem, kt\u00f3ra ods\u0142oni\u0142a jej szczup\u0142e ramiona i nogi. Stylizacj\u0119 uzupe\u0142ni\u0142a efektownymi kolczykami, z\u0142ot\u0105 bransoletk\u0105 oraz po\u0142yskuj\u0105cym, pomara\u0144czowym paskiem, podkre\u015blaj\u0105cym smuk\u0142\u0105 tali\u0119.<\/p>\n<ul class=\"OchatFollowUps_wrapper__1ry7X\">\n<li class=\"OchatFollowUps_item__Dhyly OchatFollowUps_itemDesktop__R6aBv\">Dlaczego fani s\u0105 zaniepokojeni Demi Moore?<\/li>\n<li class=\"OchatFollowUps_item__Dhyly OchatFollowUps_itemDesktop__R6aBv\">Co Demi Moore promuje na festiwalu South By Southwest?<\/li>\n<li class=\"OchatFollowUps_item__Dhyly OchatFollowUps_itemDesktop__R6aBv\">Jak wygl\u0105da\u0142a stylizacja Demi Moore na festiwalu?<\/li>\n<li class=\"OchatFollowUps_item__Dhyly OchatFollowUps_itemDesktop__R6aBv\">Jakie komentarze zostawili fani pod nagraniem Demi Moore?<\/li>\n<\/ul>\n<p>Demi Moore zagra\u0142a nog\u0105. Fani zwr\u00f3cili uwag\u0119 na jedno <\/p>\n<p class=\"Paragraph_desktopParagraph__U31Gm\">Jeszcze zanim pojawi\u0142a si\u0119 na czerwonym dywanie, Moore opublikowa\u0142a na Instagramie nagranie z hotelowego pokoju. To w\u0142a\u015bnie pod tym filmem natychmiast pojawi\u0142a si\u0119 lawina komentarzy zaniepokojonych fan\u00f3w. Internauci zwracali uwag\u0119 na wyra\u017anie szczuplejsz\u0105 sylwetk\u0119 gwiazdy. Niekt\u00f3rzy sugerowali nawet, \u017ce aktorka mog\u0142a si\u0119gn\u0105\u0107 po Ozempic \u2014 popularny lek na cukrzyc\u0119, wykorzystywany przez celebryt\u00f3w do szybkiej utraty wagi.<\/p>\n<p class=\"Paragraph_desktopParagraph__U31Gm\">&#8222;Zawsze kocha\u0142em Demi Moore. Ale Bo\u017ce, wygl\u0105da strasznie chudo. Dlaczego ona tego nie widzi? To \u0142amie mi serce. Jest taka pi\u0119kna&#8221;, &#8222;Mam nadziej\u0119, \u017ce nic jej nie jest, naprawd\u0119 si\u0119 o ni\u0105 martwi\u0119&#8221;, &#8222;Jeste\u015b cudna, ale to szale\u0144stwo by\u0107 tak chudym&#8221;, &#8222;Wida\u0107 ju\u017c nawet ko\u015bci, zadbaj o siebie&#8221; \u2014 to tylko niekt\u00f3re z komentarzy pojawiaj\u0105cych si\u0119 pod wpisem aktorki.<\/p>\n<p class=\"Paragraph_desktopParagraph__U31Gm\">Dzi\u0119kujemy, \u017ce przeczyta\u0142a\u015b\/e\u015b nasz artyku\u0142 do ko\u0144ca. W serwisie Plejada.pl ka\u017cdego dnia piszemy o najwa\u017cniejszych wydarzeniach show-biznesowych. B\u0105d\u017a na bie\u017c\u0105co!<a rel=\"nofollow noopener\" href=\"https:\/\/profile.google.com\/cp\/Cg0vZy8xMWJ6X19wdHBx\" id=\"b32c3d71-8d8a-4279-845a-2dbbc4ee4a96\" target=\"_blank\"> Obserwuj<\/a> Plejad\u0119 w Google. Odwied\u017a nas tak\u017ce na<a rel=\"nofollow noopener\" href=\"https:\/\/www.facebook.com\/plejadapl\" id=\"5fdc4aa5-c3c4-4edf-8471-9ed0906525b3\" target=\"_blank\"> Facebooku<\/a>,<a rel=\"nofollow noopener\" href=\"https:\/\/www.instagram.com\/plejadapl\/\" id=\"a04f0867-6173-4cdb-a5b8-ea2412f2f178\" target=\"_blank\"> Instagramie<\/a>,<a rel=\"nofollow noopener\" href=\"https:\/\/www.youtube.com\/c\/plejada\" id=\"0387da5c-1cf0-442c-9520-bd4745dd5e1f\" target=\"_blank\"> YouTubie<\/a> oraz<a rel=\"nofollow noopener\" href=\"https:\/\/www.tiktok.com\/@plejada_pl\" id=\"4b15bad3-6690-4977-938e-a4d8c71cd7e4\" target=\"_blank\"> TikToku<\/a>.<\/p>\n<p class=\"Paragraph_desktopParagraph__U31Gm\">Chcesz podzieli\u0107 si\u0119 ciekawym newsem lub zaproponowa\u0107 temat? Skontaktuj si\u0119 z nami, pisz\u0105c maila na adres: <a href=\"https:\/\/www.onet.pl\/styl-zycia\/plejada\/demi-moore-ponownie-zaniepokoila-fanow-apeluja-zadbaj-o-siebie\/mailto:plejada@redakcjaonet.pl\" id=\"35c916cc-f0ee-43b6-a64a-ae00a053bd7e\" rel=\"nofollow noopener\" target=\"_blank\">plejada@redakcjaonet.pl<\/a>.<\/p>\n<p><script async src=\"\/\/www.instagram.com\/embed.js\"><\/script><script async src=\"\/\/www.tiktok.com\/embed.js\"><\/script><\/p>\n","protected":false},"excerpt":{"rendered":"Demi Moore pojawi\u0142a si\u0119 na festiwalu South By Southwest w Austin, promuj\u0105c sw\u00f3j najnowszy film &#8222;I Love Boosters!&#8221;.&hellip;\n","protected":false},"author":2,"featured_media":304339,"comment_status":"","ping_status":"","sticky":false,"template":"","format":"standard","meta":{"footnotes":"","_share_on_mastodon":"0"},"categories":[22],"tags":[39993,122,67,53,52,68,51,16782,55,42,38,40,39,41,123,47,196,65,1323,50],"class_list":["post-304338","post","type-post","status-publish","format-standard","has-post-thumbnail","category-rozrywka","tag-demi_moore_aktorka","tag-entertainment","tag-intextvideo_splayer","tag-new_header","tag-onet3","tag-onet3d","tag-onet3d_2i","tag-ozempic","tag-phx","tag-pl","tag-poland","tag-polish","tag-polska","tag-polski","tag-rozrywka","tag-screening_general","tag-styl_zycia","tag-update_me","tag-uroda","tag-v2021"],"share_on_mastodon":{"url":"https:\/\/pubeurope.com\/@pl\/116223985917336337","error":""},"_links":{"self":[{"href":"https:\/\/www.europesays.com\/pl\/wp-json\/wp\/v2\/posts\/304338","targetHints":{"allow":["GET"]}}],"collection":[{"href":"https:\/\/www.europesays.com\/pl\/wp-json\/wp\/v2\/posts"}],"about":[{"href":"https:\/\/www.europesays.com\/pl\/wp-json\/wp\/v2\/types\/post"}],"author":[{"embeddable":true,"href":"https:\/\/www.europesays.com\/pl\/wp-json\/wp\/v2\/users\/2"}],"replies":[{"embeddable":true,"href":"https:\/\/www.europesays.com\/pl\/wp-json\/wp\/v2\/comments?post=304338"}],"version-history":[{"count":0,"href":"https:\/\/www.europesays.com\/pl\/wp-json\/wp\/v2\/posts\/304338\/revisions"}],"wp:featuredmedia":[{"embeddable":true,"href":"https:\/\/www.europesays.com\/pl\/wp-json\/wp\/v2\/media\/304339"}],"wp:attachment":[{"href":"https:\/\/www.europesays.com\/pl\/wp-json\/wp\/v2\/media?parent=304338"}],"wp:term":[{"taxonomy":"category","embeddable":true,"href":"https:\/\/www.europesays.com\/pl\/wp-json\/wp\/v2\/categories?post=304338"},{"taxonomy":"post_tag","embeddable":true,"href":"https:\/\/www.europesays.com\/pl\/wp-json\/wp\/v2\/tags?post=304338"}],"curies":[{"name":"wp","href":"https:\/\/api.w.org\/{rel}","templated":true}]}}