{"id":304575,"date":"2026-03-14T01:34:10","date_gmt":"2026-03-14T01:34:10","guid":{"rendered":"https:\/\/www.europesays.com\/pl\/304575\/"},"modified":"2026-03-14T01:34:10","modified_gmt":"2026-03-14T01:34:10","slug":"donald-tusk-i-siedmiu-premierow-napisalo-do-liderow-ue-chodzi-o-rosyjskich-zolnierzy-onet","status":"publish","type":"post","link":"https:\/\/www.europesays.com\/pl\/304575\/","title":{"rendered":"Donald Tusk i siedmiu premier\u00f3w napisa\u0142o do lider\u00f3w UE. Chodzi o rosyjskich \u017co\u0142nierzy &#8211; Onet"},"content":{"rendered":"<ol>\n<li><a href=\"https:\/\/news.google.com\/rss\/articles\/CBMi0AFBVV95cUxQTmtTdmV6bTFoeGZhLVN4Sk5wbHNTdEh0TDZHcHlndkRQb0pta3ZKSDlDOWFpaVEycThTV2pwNE8zVVROV3FEWnd2M2dReFNMRFhhNU56OE5QcjhHM2JFSllXT29FbURSQnBGQW9IdUNtTjA1UjhYN1pxU216eGJCZml1YmplblYwZWxqbkZEek1pVlU1RnFHaUQ0QWVhN2RoX1FoVGhuaWRoMlRySUhudlJGVGVEY1JZSnV1clBtc2d4aENReDV2OFlLQUVWT3BH?oc=5\" target=\"_blank\" rel=\"nofollow noopener\">Donald Tusk i siedmiu premier\u00f3w napisa\u0142o do lider\u00f3w UE. Chodzi o rosyjskich \u017co\u0142nierzy<\/a>&nbsp;&nbsp;Onet<\/li>\n<li><a href=\"https:\/\/news.google.com\/rss\/articles\/CBMiugFBVV95cUxPbWpacExQN3BLcHdGeXVVdTdKY3B2LWxSOUdKQTZ3eFV2X2tCZC1hUWkwSTRTdWR2YkNjbkd4eXFVNTc2OVJydU5VcGtYSEtLUXB5NlhmWWNIN2RXcGlqdEgzdGJNdG51a1AxQ3hzOEMyR3YyQ21HUWFTY0gwVUFSYnVIUTRwMTRFSkpRamJSNnUwMjlQTEtlV3hhWXJDOW8tWTFoSUlvWWNoTktQai14ekZreXFjd28yaHc?oc=5\" target=\"_blank\" rel=\"nofollow noopener\">Donald Tusk i inni przyw\u00f3dcy chc\u0105 nowego zakazu w UE. Jest oficjalne pismo<\/a>&nbsp;&nbsp;Wydarzenia Interia<\/li>\n<li><a href=\"https:\/\/news.google.com\/rss\/articles\/CBMizgFBVV95cUxQNldpaDBJbEZBTkRVbzBvQXJCSzl4alUwV0hHNDZpSWl3M2QtbWwteHR4VC1WYVdMNXBiUnUyVTFxTFN3dnhKM3FnVTQ0MDlBQlR6bHN6TWtaZzRmWU41TUxGQXVVV1kxRXloM1BiU1pRVW9TdEEwenRvUENTYXZUNERKYXFPUi1KUEk2ZEFiM21PM0kwZDVTZV9waF9KenpaVXpSeDRtdEIySXRyREdkZmlQVVEtcFNKYlJReFFlaHFYTHduVVI2UmdFNVUwUQ?oc=5\" target=\"_blank\" rel=\"nofollow noopener\">List Tuska i kilku innych przyw\u00f3dc\u00f3w pa\u0144stw UE. Chodzi o rosyjskich \u017co\u0142nierzy<\/a>&nbsp;&nbsp;PolsatNews.pl<\/li>\n<li><a href=\"https:\/\/news.google.com\/rss\/articles\/CBMimgFBVV95cUxNR2s4YnVmNTZjRDFWdkNYNnZtaWRha0M5R3k4Y3VzYXg0U3k2S2pmcFlmajlZNGlWVlkyQWh1c3VZbGZVZ2wzMU04MTNwN2hueExjMTlNRkZ2RzFYejRhVDhoQXlleDhmc2l4bUpKU3EwSUxMaVpISDNOTWM2aWNlV2pNWGE2TDJ6Y20tc0NybDJ2Zkl3RURiTUlR?oc=5\" target=\"_blank\" rel=\"nofollow noopener\">Litwa przygotowuje zakaz wjazdu dla Rosjan walcz\u0105cych w Ukrainie<\/a>&nbsp;&nbsp;TVP Wilno<\/li>\n<li><a href=\"https:\/\/news.google.com\/rss\/articles\/CBMitwFBVV95cUxPVXZ5TFBCcWZLRWNqdlc1bVFPRm9YeDdRdmUwY2hmSnBTRkE4dHRTRWRMV09wcER0cXliWGQyOEZBSnFYNTRSYmNnNW9nT2ptRmpRZVhOdmpBdlhSbWh1Ui1wd1gxd09FTk9VaWZlUllROXB3RTFoNHM1anFwSEJyQ210azZVbHlEQTZSVFFLOVB4YVJvVUc0dThfaTNScmcyUVNMMGtVMl9IMG1MRnFuQ0RDbk1ZTnPSAbQBQVVfeXFMTndnQWpVUElScVQzN1ZRc0ltSlpfOFZpbFVJQUlOaUdqRVp5VksyUEczZWY1eWRQNnBJR3daY2FEeTNVdGMyR1h2SmFrTVVkTzZsV1dDMlpyblRJdS1SYXR4djFKS3pNeEloYk9STzcySWhMREZHa1ZoLTZ0Mi1YaWtUa3dPUHJ1eTkzZjM0WXNKSjByNTZ5UXNBU1J1aUlzYmJjZnR1WTRLN1N2YlFVWFQxNE5l?oc=5\" target=\"_blank\" rel=\"nofollow noopener\">Zakaz wjazdu do UE dla rosyjskich \u017co\u0142nierzy? Premierzy apeluj\u0105 do von der Leyen<\/a>&nbsp;&nbsp;Do Rzeczy<\/li>\n<\/ol>\n","protected":false},"excerpt":{"rendered":"Donald Tusk i siedmiu premier\u00f3w napisa\u0142o do lider\u00f3w UE. Chodzi o rosyjskich \u017co\u0142nierzy&nbsp;&nbsp;Onet Donald Tusk i inni przyw\u00f3dcy&hellip;\n","protected":false},"author":2,"featured_media":304576,"comment_status":"","ping_status":"","sticky":false,"template":"","format":"standard","meta":{"footnotes":"","_share_on_mastodon":"0"},"categories":[14],"tags":[7993,425,32,33,244,200,27,67,34,35,28,31,53,25,52,68,51,55,40,41,62,30650,47,80,29,30,61,65,993,50,26,82,83,84,2583],"class_list":["post-304575","post","type-post","status-publish","format-standard","has-post-thumbnail","category-swiat","tag-antonio_costa","tag-bezpieczenstwo","tag-breaking-news","tag-breakingnews","tag-ctr_tst","tag-donald_tusk_polityk","tag-headlines","tag-intextvideo_splayer","tag-latest-news","tag-latestnews","tag-naglowki","tag-najwazniejsze-artykuly","tag-new_header","tag-news","tag-onet3","tag-onet3d","tag-onet3d_2i","tag-phx","tag-polish","tag-polski","tag-rosja_kraj_rosjanin_rosjanie_rosjanka_rosjanki","tag-schengen_strefs","tag-screening_general","tag-swiat","tag-top-stories","tag-topstories","tag-ue_unia_europejska_komisja_rada_komisarze","tag-update_me","tag-ursula_von_der_leyen_polityczka","tag-v2021","tag-wiadomosci","tag-world","tag-world-news","tag-worldnews","tag-zolnierze"],"share_on_mastodon":{"url":"","error":"Validation failed: Text character limit of 500 exceeded"},"_links":{"self":[{"href":"https:\/\/www.europesays.com\/pl\/wp-json\/wp\/v2\/posts\/304575","targetHints":{"allow":["GET"]}}],"collection":[{"href":"https:\/\/www.europesays.com\/pl\/wp-json\/wp\/v2\/posts"}],"about":[{"href":"https:\/\/www.europesays.com\/pl\/wp-json\/wp\/v2\/types\/post"}],"author":[{"embeddable":true,"href":"https:\/\/www.europesays.com\/pl\/wp-json\/wp\/v2\/users\/2"}],"replies":[{"embeddable":true,"href":"https:\/\/www.europesays.com\/pl\/wp-json\/wp\/v2\/comments?post=304575"}],"version-history":[{"count":0,"href":"https:\/\/www.europesays.com\/pl\/wp-json\/wp\/v2\/posts\/304575\/revisions"}],"wp:featuredmedia":[{"embeddable":true,"href":"https:\/\/www.europesays.com\/pl\/wp-json\/wp\/v2\/media\/304576"}],"wp:attachment":[{"href":"https:\/\/www.europesays.com\/pl\/wp-json\/wp\/v2\/media?parent=304575"}],"wp:term":[{"taxonomy":"category","embeddable":true,"href":"https:\/\/www.europesays.com\/pl\/wp-json\/wp\/v2\/categories?post=304575"},{"taxonomy":"post_tag","embeddable":true,"href":"https:\/\/www.europesays.com\/pl\/wp-json\/wp\/v2\/tags?post=304575"}],"curies":[{"name":"wp","href":"https:\/\/api.w.org\/{rel}","templated":true}]}}