{"id":304689,"date":"2026-03-14T06:12:09","date_gmt":"2026-03-14T06:12:09","guid":{"rendered":"https:\/\/www.europesays.com\/pl\/304689\/"},"modified":"2026-03-14T06:12:09","modified_gmt":"2026-03-14T06:12:09","slug":"od-10-kwietnia-zmiany-w-prime-video-za-obraz-4k-trzeba-bedzie-doplacic","status":"publish","type":"post","link":"https:\/\/www.europesays.com\/pl\/304689\/","title":{"rendered":"Od 10 kwietnia zmiany w Prime Video. Za obraz 4K trzeba b\u0119dzie dop\u0142aci\u0107"},"content":{"rendered":"<p>Nowa subskrypcja przynosi kilka technicznych ulepsze\u0144, jednak wi\u0105\u017ce si\u0119 te\u017c z pewn\u0105 niedogodno\u015bci\u0105 dla dotychczasowych klient\u00f3w. Najwy\u017csza jako\u015b\u0107 obrazu i d\u017awi\u0119ku dost\u0119pna b\u0119dzie po uiszczeniu dodatkowej op\u0142aty.\u00a0<\/p>\n<p>    Dalsza cz\u0119\u015b\u0107 tekstu pod wideo<\/p>\n<p>\n                                Prime Video Ultra: Co dok\u0142adnie zmienia si\u0119 w USA?\n            <\/p>\n<p>Nowy plan Prime Video Ultra zosta\u0142 wyceniony na dodatkowe 4,99 USD miesi\u0119cznie (lub 46 USD przy p\u0142atno\u015bci rocznej). Kwota ta b\u0119dzie doliczana do standardowej subskrypcji Amazon Prime. W ramach tego pakietu ameryka\u0144scy u\u017cytkownicy otrzymaj\u0105:<\/p>\n<p>        <img loading=\"lazy\" decoding=\"async\" src=\"https:\/\/www.europesays.com\/pl\/wp-content\/uploads\/2026\/03\/1773339247_259_B32963402.414688363;dc_trk_aid=607216972;dc_trk_cid=228291445;ord=[timestamp];dc_lat=;dc_rdid=;tag_f.gif\" attributionsrc=\"\" border=\"0\" height=\"1\" width=\"1\" alt=\"Advertisement\"\/><\/p>\n<ul>&#13;<\/p>\n<li>brak przerw reklamowych w filmach i serialach (z wy\u0142\u0105czeniem m.in. sportu na \u017cywo i wybranych tre\u015bci licencjonowanych),<\/li>\n<p>&#13;<\/p>\n<li>wy\u0142\u0105czny dost\u0119p do rozdzielczo\u015bci 4K UHD oraz d\u017awi\u0119ku przestrzennego Dolby Atmos,<\/li>\n<p>&#13;<\/p>\n<li>mo\u017cliwo\u015b\u0107 jednoczesnego odtwarzania na pi\u0119ciu ekranach (wzrost z dotychczasowych trzech),<\/li>\n<p>&#13;<\/p>\n<li>limit pobra\u0144 zwi\u0119kszony do 100 tytu\u0142\u00f3w (wcze\u015bniej 25).<\/li>\n<p>&#13;\n<\/ul>\n<p>Zwyk\u0142y, podstawowy plan w Stanach Zjednoczonych zostanie tym samym ograniczony do jako\u015bci HD (wzbogaconej teraz o obs\u0142ug\u0119 Dolby Vision). Na otarcie \u0142ez Amazon podnosi limit jednoczesnych strumieni w ta\u0144szym wariancie do czterech.\u00a0<\/p>\n<p>Sama biblioteka tre\u015bci \u2013 w tym takie hity jak Fallout, The Boys czy transmisje sportowe \u2013 pozostaje identyczna dla obu plan\u00f3w. Firma t\u0142umaczy te kroki konieczno\u015bci\u0105 inwestowania w produkcje premium i ch\u0119ci\u0105 dostosowania si\u0119 do rynkowych standard\u00f3w konkurencji.<\/p>\n<p>\n                                Polska a USA \u2013 dwa r\u00f3\u017cne \u015bwiaty VOD\n            <\/p>\n<p>Polscy widzowie korzystaj\u0105 z us\u0142ugi na zupe\u0142nie innych, znacznie korzystniejszych zasadach i na razie nie musz\u0105 obawia\u0107 si\u0119 podobnych ci\u0119\u0107. Standardowa oferta Prime Video w obu krajach drastycznie si\u0119 od siebie r\u00f3\u017cni. W Stanach Zjednoczonych podstawowy abonament kosztuje 139 USD rocznie i od d\u0142u\u017cszego czasu wymusza ogl\u0105danie komercyjnych reklam w trakcie emisji (i nie chodzi o w\u0142asne reklamy Amazona), a teraz dodatkowo traci obs\u0142ug\u0119 4K.<\/p>\n<p>Tymczasem w Polsce u\u017cytkownicy wci\u0105\u017c ciesz\u0105 si\u0119 o wiele bardziej przyst\u0119pn\u0105 ofert\u0105. Pomimo styczniowych podwy\u017cek, polski Amazon Prime kosztuje zaledwie 69 z\u0142 rocznie. W tej kwocie nadal otrzymujemy dost\u0119p do najwy\u017cszej jako\u015bci obrazu 4K UHD oraz brak przerw reklamowych w standardowych materia\u0142ach VOD. Cho\u0107 polska biblioteka tytu\u0142\u00f3w jest skromniejsza i nie zawiera ameryka\u0144skich lig sportowych, nasza wersja us\u0142ugi pozostaje wolna od technicznych ogranicze\u0144, kt\u00f3re Amazon w\u0142a\u015bnie serwuje widzom w USA.\u00a0<\/p>\n<p>Mo\u017cemy wi\u0119c spa\u0107 spokojnie? Nie do ko\u0144ca. Ameryka\u0144skie nowo\u015bci pokazuj\u0105 jednak dobitnie, w jakim kierunku zmierza globalna polityka streamingowego giganta. Jest wi\u0119cej ni\u017c pewne, \u017ce na styczniowej podwy\u017cce dla Polak\u00f3w si\u0119 nie sko\u0144czy.<\/p>\n","protected":false},"excerpt":{"rendered":"Nowa subskrypcja przynosi kilka technicznych ulepsze\u0144, jednak wi\u0105\u017ce si\u0119 te\u017c z pewn\u0105 niedogodno\u015bci\u0105 dla dotychczasowych klient\u00f3w. Najwy\u017csza jako\u015b\u0107&hellip;\n","protected":false},"author":2,"featured_media":304690,"comment_status":"","ping_status":"","sticky":false,"template":"","format":"standard","meta":{"footnotes":"","_share_on_mastodon":"0"},"categories":[20],"tags":[493,10151,19435,120,118,119,42,38,40,39,41,35475,49325,116,114,115,121,117,32147],"class_list":["post-304689","post","type-post","status-publish","format-standard","has-post-thumbnail","category-nauka-i-technika","tag-amazon","tag-amazon-prime","tag-amazon-prime-video","tag-nauka","tag-nauka-i-technika","tag-naukatechnika","tag-pl","tag-poland","tag-polish","tag-polska","tag-polski","tag-prime-video","tag-prime-video-ultra","tag-science","tag-science-and-technology","tag-sciencetechnology","tag-technika","tag-technology","tag-telewizja-i-vod"],"share_on_mastodon":{"url":"https:\/\/pubeurope.com\/@pl\/116226054516458207","error":""},"_links":{"self":[{"href":"https:\/\/www.europesays.com\/pl\/wp-json\/wp\/v2\/posts\/304689","targetHints":{"allow":["GET"]}}],"collection":[{"href":"https:\/\/www.europesays.com\/pl\/wp-json\/wp\/v2\/posts"}],"about":[{"href":"https:\/\/www.europesays.com\/pl\/wp-json\/wp\/v2\/types\/post"}],"author":[{"embeddable":true,"href":"https:\/\/www.europesays.com\/pl\/wp-json\/wp\/v2\/users\/2"}],"replies":[{"embeddable":true,"href":"https:\/\/www.europesays.com\/pl\/wp-json\/wp\/v2\/comments?post=304689"}],"version-history":[{"count":0,"href":"https:\/\/www.europesays.com\/pl\/wp-json\/wp\/v2\/posts\/304689\/revisions"}],"wp:featuredmedia":[{"embeddable":true,"href":"https:\/\/www.europesays.com\/pl\/wp-json\/wp\/v2\/media\/304690"}],"wp:attachment":[{"href":"https:\/\/www.europesays.com\/pl\/wp-json\/wp\/v2\/media?parent=304689"}],"wp:term":[{"taxonomy":"category","embeddable":true,"href":"https:\/\/www.europesays.com\/pl\/wp-json\/wp\/v2\/categories?post=304689"},{"taxonomy":"post_tag","embeddable":true,"href":"https:\/\/www.europesays.com\/pl\/wp-json\/wp\/v2\/tags?post=304689"}],"curies":[{"name":"wp","href":"https:\/\/api.w.org\/{rel}","templated":true}]}}