{"id":304727,"date":"2026-03-14T06:39:09","date_gmt":"2026-03-14T06:39:09","guid":{"rendered":"https:\/\/www.europesays.com\/pl\/304727\/"},"modified":"2026-03-14T06:39:09","modified_gmt":"2026-03-14T06:39:09","slug":"gorczyca-i-czeczot-zyja-w-patchworkowej-rodzinie-milosc-szacunek-i-uwaznosc-2","status":"publish","type":"post","link":"https:\/\/www.europesays.com\/pl\/304727\/","title":{"rendered":"Gorczyca i Czeczot \u017cyj\u0105 w patchworkowej rodzinie. &#8222;Mi\u0142o\u015b\u0107, szacunek i uwa\u017cno\u015b\u0107&#8221;"},"content":{"rendered":"<p class=\"Paragraph_desktopParagraph__U31Gm\"><a href=\"https:\/\/plejada.pl\/temat\/karolina-gorczyca\/g7njd4t\" id=\"8eb16583-b506-4c24-ba86-b38e524d11a8\" rel=\"nofollow noopener\" target=\"_blank\">Karolina Gorczyca<\/a> zdoby\u0142a rozpoznawalno\u015b\u0107 dzi\u0119ki roli w filmie &#8222;Mi\u0142o\u015b\u0107 na wybiegu&#8221; z 2009 r. W tym samym roku aktorka pracowa\u0142a przy filmie &#8222;Hu\u015btawka&#8221;, na planie kt\u00f3rego pozna\u0142a <a href=\"https:\/\/plejada.pl\/newsy\/wojciech-zielinski-po-raz-trzeci-zostal-tata-trzymal-to-od-roku-w-tajemnicy\/h629m39\" id=\"3df751a3-aec5-4507-8b53-994777359c98\" rel=\"nofollow noopener\" target=\"_blank\">Wojciecha Zieli\u0144skiego<\/a>. Grali tam kochank\u00f3w i szybko ich prywatna relacja r\u00f3wnie\u017c nabra\u0142a rumie\u0144c\u00f3w. Stronili od medi\u00f3w i \u015bwiate\u0142 reflektor\u00f3w, ceni\u0105c prywatno\u015b\u0107. Gorczyca w rozmowie z &#8222;Show&#8221; m\u00f3wi\u0142a w\u00f3wczas, \u017ce &#8222;swoje \u017cycie prywatne trzyma pod kloszem&#8221;. W 2011 r. aktorka para powita\u0142a na \u015bwiecie c\u00f3rk\u0119, Mari\u0119, a media wr\u00f3\u017cy\u0142y zakochanym \u015blub. Sta\u0142o si\u0119 jednak inaczej i po czterech latach razem, para og\u0142osi\u0142a rozstanie.<\/p>\n<blockquote>\n<p class=\"Paragraph_desktopParagraph__U31Gm\">Wszystko idzie w swoim rytmie. \u015alub na tym etapie \u017cycia nie jest na mojej li\u015bcie priorytet\u00f3w, wed\u0142ug mnie dziecko bardziej scala dwoje ludzi ni\u017c jaki\u015b papier. Nie chc\u0119 chodzi\u0107 utartymi \u015bcie\u017ckami, a kiedy s\u0142ysz\u0119: &#8222;bo tak wypada&#8221; albo &#8222;tak trzeba&#8221;, to dostaj\u0119 g\u0119siej sk\u00f3rki. Od razu pojawia si\u0119 przekora, \u017ceby powiedzie\u0107 &#8222;nie&#8221;<\/p>\n<\/blockquote>\n<p class=\"Paragraph_desktopParagraph__U31Gm\">\u2014 m\u00f3wi\u0142a wtedy Gorczyca w rozmowie z &#8222;Pani&#8221;.<\/p>\n<p><img decoding=\"async\" class=\"Image_image__0tuHp Image_autoHeight__f2n87 \" height=\"587\" width=\"390\" src=\"https:\/\/www.europesays.com\/pl\/wp-content\/uploads\/2026\/03\/Be6k9kpTURBXy85MDQzMzZkMjc5NGY2Y2ZjNDE0MDliNWQ2MzI4N2U3Mi5qcGeSlQLNA6wAwsOVAgDNAkvCw94AA6EwAaExAaEzw.jpeg\" alt=\"Karolina Gorczyca i Wojciech Zieli\u0144ski\" loading=\"lazy\" \/>Pawe\u0142 Wrzecion \/ MW Media<\/p>\n<p>Karolina Gorczyca i Wojciech Zieli\u0144ski<\/p>\n<p>Historia mi\u0142o\u015bci Karoliny Gorczycy i Krzysztofa Czeczota <\/p>\n<p class=\"Paragraph_desktopParagraph__U31Gm\">Po rozstaniu Gorczyca znalaz\u0142a szcz\u0119\u015bcie u boku triathlonisty Krzysztofa Kosteckiego, a Zieli\u0144ski zwi\u0105za\u0142 si\u0119 z kobiet\u0105, kt\u00f3r\u0105 chroni przed \u015bwiatem show-biznesu. Para niejednokrotnie zapewnia\u0142a, \u017ce najwa\u017cniejsze jest dla nich dobro ich c\u00f3rki i uda\u0142o im si\u0119 zachowa\u0107 przyjazne stosunki.<\/p>\n<blockquote>\n<p class=\"Paragraph_desktopParagraph__U31Gm\">Za Marysi\u0119 odda\u0142bym \u017cycie. To jest wyznacznik mojej mi\u0142o\u015bci do niej. Gdyby chodzi\u0142o o kogokolwiek poza c\u00f3rk\u0105, pewnie bym kalkulowa\u0142, ale dla niej zrobi\u0142bym wszystko. Marysia jest cudem! To najwi\u0119ksza mi\u0142o\u015b\u0107 mojego \u017cycia<\/p>\n<\/blockquote>\n<p class=\"Paragraph_desktopParagraph__U31Gm\">\u2014 wyjawi\u0142 Zieli\u0144ski w rozmowie ze &#8222;Zwierciad\u0142em&#8221;.<\/p>\n<p class=\"Paragraph_desktopParagraph__U31Gm\">Gorczyca r\u00f3wnie\u017c chroni\u0142a sw\u00f3j zwi\u0105zek z Kosteckim.<\/p>\n<blockquote>\n<p class=\"Paragraph_desktopParagraph__U31Gm\">Nie jest osob\u0105 publiczn\u0105, wi\u0119c chc\u0119 go chroni\u0107 przed mediami. Mamy wsp\u00f3lne pasje. Jeste\u015bmy szcz\u0119\u015bliwi i&#8230; to wszystko, co mam do powiedzenia na ten temat<\/p>\n<\/blockquote>\n<p class=\"Paragraph_desktopParagraph__U31Gm\">\u2014 m\u00f3wi\u0142a w rozmowie z &#8222;Twoim stylem&#8221;.<\/p>\n<p class=\"Paragraph_desktopParagraph__U31Gm\">Na pocz\u0105tku 2024 r. Karolina Gorczyca i Krzysztof Czeczot zadebiutowali na czerwonym dywanie jako para. W rozmowie z Plejad\u0105 m\u00f3wili, \u017ce s\u0105 razem ju\u017c od jakiego\u015b czasu, ale nie chcieli robi\u0107 wok\u00f3\u0142 siebie medialnego cyrku.<\/p>\n<blockquote>\n<p class=\"Paragraph_desktopParagraph__U31Gm\">Oczywi\u015bcie pozamykali\u015bmy formalnie nasze poprzednie zwi\u0105zki. Od kilku miesi\u0119cy zamieszkujemy wsp\u00f3lnie z naszymi dzie\u0107mi, tworz\u0105c szcz\u0119\u015bliw\u0105, patchworkow\u0105 rodzin\u0119 dbaj\u0105c o mi\u0142o\u015b\u0107, szacunek i uwa\u017cno\u015b\u0107. Co wa\u017cne, nasze dzieci mieszkaj\u0105 tak\u017ce ze swoimi drugimi rodzicami, dostaj\u0105c od nich tyle samo mi\u0142o\u015bci, ciep\u0142a i uwagi. Zwi\u0105zali\u015bmy si\u0119 tak\u017ce zawodowo<\/p>\n<\/blockquote>\n<p class=\"Paragraph_desktopParagraph__U31Gm\">\u2014 wyznali.<\/p>\n<p><img decoding=\"async\" class=\"Image_image__0tuHp Image_autoHeight__f2n87 \" height=\"587\" width=\"391\" src=\"https:\/\/www.europesays.com\/pl\/wp-content\/uploads\/2026\/03\/dXMk9kpTURBXy9mNWUxYjY2MjAzNDNkODRkNTJiOThkNzMyODhjNzdlZC5qcGeSlQLNA6wAwsOVAgDNAkvCw94AA6EwAaExAaEzw.jpeg\" alt=\"Karolina Gorczyca i Krzysztof Czeczot\" loading=\"lazy\" \/>mwmedia \/ MW Media<\/p>\n<p>Karolina Gorczyca i Krzysztof Czeczot<\/p>\n<p class=\"Paragraph_desktopParagraph__U31Gm\">Ten nowy aktorski zwi\u0105zek mocno pobudza\u0142 wyobra\u017anie fan\u00f3w, a gdy we wrze\u015bniu para pochwali\u0142a si\u0119 zdj\u0119ciami z ceremonii \u015blubnej, media rozgrza\u0142y si\u0119 do czerwono\u015bci. Post komentowali koledzy i kole\u017canki z bran\u017cy, w tym Joanna Koroniewska, Olga Kalicka czy Dominika Gwit. Karolina Gorczyca nie rozpisywa\u0142a si\u0119 w po\u015bcie, podpisuj\u0105c zdj\u0119cia tylko jednym prostym s\u0142owem: &#8222;Magia&#8221;.<\/p>\n<p>\u017bycie po \u015blubie i wypadek <\/p>\n<p class=\"Paragraph_desktopParagraph__U31Gm\">Pod koniec wrze\u015bnia 2025 r. para mia\u0142a wypadek samochodowy. &#8222;Zderzy\u0142y si\u0119 tam citroen z mercedesem. W wyniku tego zderzenia obra\u017ce\u0144 cia\u0142a w postaci z\u0142amania r\u0119ki dozna\u0142 kieruj\u0105cy mercedesem. Podr\u00f3\u017cowa\u0142 on z pasa\u017cerk\u0105, kt\u00f3ra nie odnios\u0142a obra\u017ce\u0144. R\u00f3wnie\u017c kieruj\u0105ca citroenem nie odnios\u0142a obra\u017ce\u0144&#8221; \u2014 przekaza\u0142a w rozmowie z TVN24 Anna Osi\u0144ska, oficer prasowa policji w Gnie\u017anie.<\/p>\n<p class=\"Paragraph_desktopParagraph__U31Gm\">Gorczyca i Czeczot przez jaki\u015b czas milczeli, by w ko\u0144cu zabra\u0107 g\u0142os w social mediach, komentuj\u0105c zdarzenie.<\/p>\n<blockquote>\n<p class=\"Paragraph_desktopParagraph__U31Gm\">\u017bycie potrafi zmieni\u0107 si\u0119 w sekund\u0119. Dzi\u0119ki Bogu nie tym razem. Wczoraj z Krzysztofem Czeczotem mieli\u015bmy du\u017co szcz\u0119\u015bcia, ale przede wszystkim zapi\u0119te pasy i dostosowan\u0105 pr\u0119dko\u015b\u0107 jazdy. Dzi\u0119ki temu jeste\u015bmy bezpieczni. Dzi\u0119kujemy s\u0142u\u017cbom z okolic Gniezna za szybk\u0105 reakcj\u0119 i pomoc. Wszystko z nami ok. Dzi\u0119kujemy Wam za trosk\u0119 i wspieraj\u0105ce wiadomo\u015bci<\/p>\n<\/blockquote>\n<p class=\"Paragraph_desktopParagraph__U31Gm\">\u2014 napisa\u0142a w\u00f3wczas aktorka na Instagramie.<\/p>\n<p class=\"Paragraph_desktopParagraph__U31Gm\">Dzi\u0119kujemy, \u017ce przeczyta\u0142a\u015b\/e\u015b nasz artyku\u0142 do ko\u0144ca. W serwisie Plejada.pl ka\u017cdego dnia piszemy o najwa\u017cniejszych wydarzeniach show-biznesowych. B\u0105d\u017a na bie\u017c\u0105co! <a rel=\"nofollow noopener\" href=\"https:\/\/news.google.com\/publications\/CAAiEF0PeAlb7W1llpV_mwV2rL4qFAgKIhBdD3gJW-1tZZaVf5sFdqy-?hl=pl&amp;gl=PL&amp;ceid=PL%3Apl\" id=\"299edf2c-1f73-4708-92e0-d72f9b9eab67\" target=\"_blank\">Obserwuj<\/a> Plejad\u0119 w Wiadomo\u015bciach Google. Odwied\u017a nas tak\u017ce na <a rel=\"nofollow noopener\" href=\"https:\/\/www.facebook.com\/plejadapl\" id=\"47bba0e1-4408-4510-8f3d-62fd3eb245ad\" target=\"_blank\">Facebooku<\/a>, <a rel=\"nofollow noopener\" href=\"https:\/\/www.instagram.com\/plejadapl\/\" id=\"873e200d-3a50-4269-b66f-bde47f667c6d\" target=\"_blank\">Instagramie<\/a>, <a rel=\"nofollow noopener\" href=\"https:\/\/www.youtube.com\/c\/plejada\" id=\"2e2a99c5-3e86-4f48-9da4-b1447dd23384\" target=\"_blank\">YouTubie<\/a> oraz <a rel=\"nofollow noopener\" href=\"https:\/\/www.tiktok.com\/@plejada_pl\" id=\"330e26e4-4911-4b17-9a88-19fd8fc9775d\" target=\"_blank\">TikToku<\/a>.<\/p>\n<p class=\"Paragraph_desktopParagraph__U31Gm\">Chcesz podzieli\u0107 si\u0119 ciekawym newsem lub zaproponowa\u0107 temat? Skontaktuj si\u0119 z nami, pisz\u0105c maila na adres: <a href=\"https:\/\/www.onet.pl\/styl-zycia\/plejada\/gorczyca-i-czeczot-zyja-w-patchworkowej-rodzinie-milosc-szacunek-i-uwaznosc\/mailto:plejada@redakcjaonet.pl\" id=\"26632a3a-25e5-4042-ab99-2eb660c0e6c2\" rel=\"nofollow noopener\" target=\"_blank\">plejada@redakcjaonet.pl<\/a>.<\/p>\n<p><script async src=\"\/\/www.instagram.com\/embed.js\"><\/script><script async src=\"\/\/www.tiktok.com\/embed.js\"><\/script><\/p>\n","protected":false},"excerpt":{"rendered":"Karolina Gorczyca zdoby\u0142a rozpoznawalno\u015b\u0107 dzi\u0119ki roli w filmie &#8222;Mi\u0142o\u015b\u0107 na wybiegu&#8221; z 2009 r. W tym samym roku&hellip;\n","protected":false},"author":2,"featured_media":304728,"comment_status":"","ping_status":"","sticky":false,"template":"","format":"standard","meta":{"footnotes":"","_share_on_mastodon":"0"},"categories":[22],"tags":[122,246,67,49327,6152,46638,53,52,68,51,55,42,2120,38,40,39,41,123,47,196,50,2115],"class_list":["post-304727","post","type-post","status-publish","format-standard","has-post-thumbnail","category-rozrywka","tag-entertainment","tag-inspire_me","tag-intextvideo_splayer","tag-karolina_gorczyca_aktorka","tag-krzysztof_czeczot","tag-less_more_tst1","tag-new_header","tag-onet3","tag-onet3d","tag-onet3d_2i","tag-phx","tag-pl","tag-plejada","tag-poland","tag-polish","tag-polska","tag-polski","tag-rozrywka","tag-screening_general","tag-styl_zycia","tag-v2021","tag-zwiazki_gwiazd"],"share_on_mastodon":{"url":"https:\/\/pubeurope.com\/@pl\/116226160425343145","error":""},"_links":{"self":[{"href":"https:\/\/www.europesays.com\/pl\/wp-json\/wp\/v2\/posts\/304727","targetHints":{"allow":["GET"]}}],"collection":[{"href":"https:\/\/www.europesays.com\/pl\/wp-json\/wp\/v2\/posts"}],"about":[{"href":"https:\/\/www.europesays.com\/pl\/wp-json\/wp\/v2\/types\/post"}],"author":[{"embeddable":true,"href":"https:\/\/www.europesays.com\/pl\/wp-json\/wp\/v2\/users\/2"}],"replies":[{"embeddable":true,"href":"https:\/\/www.europesays.com\/pl\/wp-json\/wp\/v2\/comments?post=304727"}],"version-history":[{"count":0,"href":"https:\/\/www.europesays.com\/pl\/wp-json\/wp\/v2\/posts\/304727\/revisions"}],"wp:featuredmedia":[{"embeddable":true,"href":"https:\/\/www.europesays.com\/pl\/wp-json\/wp\/v2\/media\/304728"}],"wp:attachment":[{"href":"https:\/\/www.europesays.com\/pl\/wp-json\/wp\/v2\/media?parent=304727"}],"wp:term":[{"taxonomy":"category","embeddable":true,"href":"https:\/\/www.europesays.com\/pl\/wp-json\/wp\/v2\/categories?post=304727"},{"taxonomy":"post_tag","embeddable":true,"href":"https:\/\/www.europesays.com\/pl\/wp-json\/wp\/v2\/tags?post=304727"}],"curies":[{"name":"wp","href":"https:\/\/api.w.org\/{rel}","templated":true}]}}