{"id":305074,"date":"2026-03-14T10:42:07","date_gmt":"2026-03-14T10:42:07","guid":{"rendered":"https:\/\/www.europesays.com\/pl\/305074\/"},"modified":"2026-03-14T10:42:07","modified_gmt":"2026-03-14T10:42:07","slug":"kard-konrad-krajewski-wraca-do-lodzi-ks-prof-andrzej-kobylinski-o-decyzji-papieza","status":"publish","type":"post","link":"https:\/\/www.europesays.com\/pl\/305074\/","title":{"rendered":"Kard. Konrad Krajewski wraca do \u0141odzi. Ks. prof. Andrzej Kobyli\u0144ski o decyzji papie\u017ca"},"content":{"rendered":"<p>Magdalena Rigamonti: Dla kard. Krajewskiego stanowisko arcybiskupa w \u0141odzi to jest degradacja?<\/p>\n<p>Ks. prof. Andrzej Kobyli\u0144ski: Emocjonalnie \u2014 by\u0107 mo\u017ce tak. W szarej i smutnej \u0141odzi mo\u017cna t\u0119skni\u0107 za rzymskim s\u0142o\u0144cem i w\u0142oskim dolce vita.<\/p>\n<p>A merytorycznie? Przecie\u017c to by\u0142 jeden z najbli\u017cszych wsp\u00f3\u0142pracownik\u00f3w papie\u017ca Franciszka. W Watykanie by\u0142 papieskim ja\u0142mu\u017cnikiem. I nagle zes\u0142anie do \u0141odzi.<\/p>\n<p>Normalna roszada kadrowa. Czy przed pontyfikatem Franciszka s\u0142ysza\u0142a pani kiedykolwiek o jakim\u015b innym ja\u0142mu\u017cniku papieskim?<\/p>\n<p>Nie.<\/p>\n<p>No w\u0142a\u015bnie. Funkcja ca\u0142kowicie marginalna.<\/p>\n<p>To papie\u017c Franciszek tak mocno wypromowa\u0142 to stanowisko i samego kard. Krajewskiego. Polityka personalna Franciszka polega\u0142a r\u00f3wnie\u017c na tym, \u017ceby pokaza\u0107 trosk\u0119 Watykanu o ludzi bezdomnych, biednych, wykluczonych. W ten spos\u00f3b Krajewski sta\u0142 si\u0119 medialn\u0105 twarz\u0105 dzia\u0142alno\u015bci charytatywnej papie\u017ca z Argentyny. Taka by\u0142a strategia medialna pontyfikatu Franciszka. Niekt\u00f3rzy twierdz\u0105, \u017ce jednym z najwa\u017cniejszych autor\u00f3w tej strategii by\u0142 w\u0142oski pisarz, polityk i dziennikarz Eugenio Scalfari, za\u0142o\u017cyciel lewicowego dziennika &#8222;La Repubblica&#8221;.<\/p>\n<p>Rozmawia\u0142am z kard. Krajewskim w listopadzie zesz\u0142ego roku w Watykanie. Mia\u0142 r\u0119ce pe\u0142ne roboty, wysy\u0142a\u0142 konwoje do Ukrainy, organizowa\u0142 pomoc do Strefy Gazy, zajmowa\u0142 si\u0119 biednymi, bezdomnymi.<\/p>\n<p>Czy takie rzeczy powinien robi\u0107 cz\u0142onek \u015awi\u0119tego Kolegium Kardynalskiego? To by\u0142 raczej eksperyment papie\u017ca z Argentyny, kt\u00f3ry d\u0105\u017cy\u0142 do stworzenia cz\u0119\u015bciowo nowego Ko\u015bcio\u0142a katolickiego. Do tego rodzaju dzia\u0142alno\u015bci mamy przecie\u017c przygotowanych wiele innych os\u00f3b. Do pracy z bezdomnymi nie s\u0105 potrzebne \u015bwi\u0119cenia kap\u0142a\u0144skie czy biskupie, a tym bardziej nie trzeba by\u0107 kardyna\u0142em.<\/p>\n<p>Kard. Krajewski nie ma powa\u017cania u papie\u017ca Leona?<\/p>\n<p>Na pewno by\u0142a ogromna chemia mi\u0119dzy Krajewskim a Franciszkiem. Wiadomo, \u017ce bardzo wiele spraw dla Polski \u2014 tak\u017ce w sensie nominacji, z pomini\u0119ciem oficjalnych urz\u0119d\u00f3w i procedur \u2014 za\u0142atwia\u0142 w Watykanie kard. Krajewski. Mia\u0142 bezpo\u015bredni dost\u0119p do Franciszka. <\/p>\n<p>Natomiast Leon ma inn\u0105 osobowo\u015b\u0107, chocia\u017c doktrynalnie ca\u0142kowicie uto\u017csamia si\u0119 z nowym modelem Ko\u015bcio\u0142a katolickiego, wprowadzonym w \u017cycie przez swego poprzednika. Robert Prevost na pewno nie b\u0119dzie promowa\u0142 w dzia\u0142alno\u015bci nowego ja\u0142mu\u017cnika papieskiego spektakularnych i czasami kontrowersyjnych dzia\u0142a\u0144 medialnych, kt\u00f3re by\u0142y oczkiem w g\u0142owie papie\u017ca z Argentyny. Leon XIV ci\u0105gle zmienia zesp\u00f3\u0142 swoich wsp\u00f3\u0142pracownik\u00f3w, tworzy now\u0105 dru\u017cyn\u0119.<\/p>\n<p>Co dla kard. Krajewskiego oznacza przeniesienie do \u0141odzi?<\/p>\n<p>Kard. Grzegorz Ry\u015b to jest kolega papie\u017ca Leona. Zdaniem ksi\u0119dza to on mia\u0142 wp\u0142yw na przeniesienie kard. Krajewskiego z Watykanu do \u0141odzi?<\/p>\n<p>Mo\u017ce tak, a mo\u017ce nie. W czasie pontyfikatu Franciszka kard. Krajewski by\u0142 swego rodzaju &#8222;konsulem, namiestnikiem rzymskiego cesarza w naszej s\u0142owia\u0144skiej prowincji&#8221;. Owszem, mieli\u015bmy oficjalnego ambasadora papieskiego w osobie nuncjusza apostolskiego w Warszawie, ale by\u0142a tak\u017ce bardzo wa\u017cna osoba decyzyjna w Rzymie, czyli Konrad Krajewski. Tak o tym \u0107wierka\u0142y wr\u00f3ble na dachach od Rzymu po Warszaw\u0119. Ich zdaniem to Krajewski otworzy\u0142 wrota Rzymu dla Rysia. W ten spos\u00f3b w 2020 r. sta\u0142 si\u0119 on cz\u0142onkiem niezwykle wa\u017cnej Kongregacji (obecnie Dykasterii) Biskup\u00f3w, kt\u00f3ra przygotowuje nominacje biskupie dla ca\u0142ego \u015bwiata. W tym samym roku cz\u0142onkiem tej watyka\u0144skiej &#8222;fabryki biskup\u00f3w&#8221; zosta\u0142 tak\u017ce Robert Prevost. Czyli, podsumowuj\u0105c, to kard. Krajewski poniek\u0105d &#8222;pozna\u0142&#8221; kard. Rysia z przysz\u0142ym papie\u017cem.<\/p>\n<p>A papie\u017c Leon pozby\u0142 si\u0119 kard. Krajewskiego i wys\u0142a\u0142 go do \u0141odzi.<\/p>\n<p>Jest pani okrutna\u2026 Normalna polityka personalna. Jak w ka\u017cdej innej korporacji czy firmie. Dla Roberta Prevosta funkcja ja\u0142mu\u017cnika papieskiego nie ma tak wielkiego znaczenia jak dla papie\u017ca z Argentyny. A \u0141\u00f3d\u017a dla kard. Krajewskiego to mo\u017ce by\u0107 bolesny etap \u2014 to jedna z najtrudniejszych diecezji w Polsce.<\/p>\n<p>Przecie\u017c on pochodzi z archidiecezji \u0142\u00f3dzkiej.<\/p>\n<p>Dok\u0142adnie tak, ale prawie 30 lat sp\u0119dzi\u0142 w Watykanie. A w \u0141odzi z jednej strony jest przera\u017caj\u0105ca katastrofa demograficzna \u2014 \u0141\u00f3d\u017a si\u0119 wyludnia, wymiera w tempie zastraszaj\u0105cym \u2014 z drugiej za\u015b mamy tam najg\u0142\u0119bszy poziom sekularyzacji w naszym kraju, np. najni\u017cszy poziom praktyk religijnych, najmniejsz\u0105 liczb\u0119 uczni\u00f3w szk\u00f3\u0142 \u015brednich uczestnicz\u0105cych w lekcjach religii itp. W tym kontek\u015bcie nowy metropolita \u0142\u00f3dzki b\u0119dzie pewnie realizowa\u0142 swoje liberalne pogl\u0105dy dotycz\u0105ce imigrant\u00f3w, homoseksualizmu czy zagadnie\u0144 bioetycznych.<\/p>\n<p>A jeszcze dodatkowo wielkim wyzwaniem mo\u017ce si\u0119 okaza\u0107 przesz\u0142o\u015b\u0107, czyli skandale obyczajowe, kt\u00f3re w najbli\u017cszych latach mo\u017ce ods\u0142oni\u0107 narodowa Komisja niezale\u017cnych ekspert\u00f3w do zbadania zjawiska wykorzystywania seksualnego os\u00f3b ma\u0142oletnich w Ko\u015bciele katolickim w Polsce.<\/p>\n<p>Dlaczego? Przecie\u017c kiedy kard. Ry\u015b rz\u0105dzi\u0142 w \u0141odzi, to powo\u0142a\u0142 diecezjaln\u0105 komisj\u0119 do spraw pedofilii.<\/p>\n<p>Ale ta komisja jeszcze nie rozpocz\u0119\u0142a pracy. W czasach komunistycznych \u0141\u00f3d\u017a, b\u0119d\u0105c miastem robotniczym i g\u0142\u0119boko zsekularyzowanym, nie mia\u0142a zbyt wielu w\u0142asnych powo\u0142a\u0144 kap\u0142a\u0144skich i zakonnych. W zwi\u0105zku z tym do seminarium duchownego cz\u0119sto przyjmowano kandydat\u00f3w, kt\u00f3rzy byli usuwani z innych seminari\u00f3w w naszym kraju \u2014 najcz\u0119\u015bciej z powod\u00f3w osobowo\u015bciowych lub obyczajowych. W zwi\u0105zku z tym mo\u017cna przypuszcza\u0107, \u017ce przypadk\u00f3w pedofilii klerykalnej w archidiecezji \u0142\u00f3dzkiej mo\u017ce by\u0107 wi\u0119cej ni\u017c w innych regionach Polski.<\/p>\n<p>     Nowy metropolita dokona przewrotu w archidiecezji? Kardyna\u0142 m\u00f3wi wprost<\/p>\n<p>Kard. Krajewski mo\u017ce by\u0107 czy\u015bcicielem archidiecezji \u0142\u00f3dzkiej?<\/p>\n<p>Nie, poniewa\u017c stanowi jej istotny element, nie jest kim\u015b z zewn\u0105trz. Dlatego b\u0119dzie mia\u0142 zwi\u0105zane r\u0119ce, poniewa\u017c pochodzi z tej diecezji i z pewno\u015bci\u0105 ma ogromn\u0105 wiedz\u0119 na temat jej realnych problem\u00f3w. Gdy mieszka\u0142 i pracowa\u0142 w Rzymie przez prawie trzy dekady, ca\u0142y czas utrzymywa\u0142 \u015bcis\u0142y kontakt ze swoj\u0105 macierzyst\u0105 diecezj\u0105. W ten spos\u00f3b na bie\u017c\u0105co by\u0142 informowany przez swoich przyjaci\u00f3\u0142 i znajomych o sukcesach i pora\u017ckach archidiecezji \u0142\u00f3dzkiej. Mam nadziej\u0119, \u017ce z perspektywy Rzymu podejmowa\u0142 w wa\u017cnych sprawach m\u0105dre i sprawiedliwe decyzje.<\/p>\n<p>Przewiduje ksi\u0105dz profesor zamiatanie pod dywan spraw pedofilskich przez Krajewskiego?<\/p>\n<p>Sk\u0105d\u017ce znowu. Mam nadziej\u0119, \u017ce w przesz\u0142o\u015bci z jego strony nie by\u0142o \u017cadnych zaniedba\u0144 w tym obszarze. Najbardziej interesuje mnie rok 2001. W\u00f3wczas Watykan wprowadzi\u0142 rewolucyjn\u0105 zmian\u0119, kt\u00f3ra polega\u0142a na tym, \u017ce zobowi\u0105zano biskup\u00f3w na ca\u0142ym \u015bwiecie do tego, by przesy\u0142ali do Rzymu wszystkie wiarygodne przypadki pedofilii klerykalnej, czyli r\u00f3\u017cnych form molestowania seksualnego dzieci i m\u0142odzie\u017cy poni\u017cej 18. roku \u017cycia przez niekt\u00f3rych biskup\u00f3w, ksi\u0119\u017cy i zakonnik\u00f3w. W ten spos\u00f3b Watykan chcia\u0142 zerwa\u0107 lokaln\u0105 omert\u0119, czyli zmow\u0119 milczenia, tuszowanie przest\u0119pstw pedofilskich oraz przenoszenie sprawc\u00f3w z parafii do parafii.<\/p>\n<p>Niestety, ten prze\u0142omowy dokument do Polski jakby nie dotar\u0142, prawie nikt go w naszym kraju w\u00f3wczas nie zauwa\u017cy\u0142. Zacz\u0105\u0142 on funkcjonowa\u0107 tak naprawd\u0119 dopiero kilka, a nawet kilkana\u015bcie lat p\u00f3\u017aniej. <\/p>\n<p>W zasadzie od 2019 r., kiedy wszyscy obejrzeli\u015bmy film braci Sekielskich &#8222;Tylko nie m\u00f3w nikomu&#8221;.<\/p>\n<p>A przecie\u017c w Warszawie ju\u017c 2001 r. ambasadorem papie\u017ca by\u0142 Polak. Dodatkowo w Rzymie m\u00f3wiono w\u00f3wczas o niezwykle wp\u0142ywowym &#8222;polskim otoczeniu&#8221;, tak zwanym entourage polacco, Jana Paw\u0142a II, do kt\u00f3rego nale\u017ca\u0142 tak\u017ce Konrad Krajewski jako ceremoniarz papieski. To Polska powinna by\u0142a w\u00f3wczas pokazywa\u0107 \u015bwiatu, jak nale\u017cy w\u0142a\u015bciwie reagowa\u0107 na dramat pedofilii klerykalnej. A sta\u0142o si\u0119 zupe\u0142nie inaczej. Mam nadziej\u0119, \u017ce obecnie powo\u0142ana przez biskup\u00f3w komisja udzieli odpowiedzi tak\u017ce na tego rodzaju pytania.<\/p>\n","protected":false},"excerpt":{"rendered":"Magdalena Rigamonti: Dla kard. Krajewskiego stanowisko arcybiskupa w \u0141odzi to jest degradacja? Ks. prof. Andrzej Kobyli\u0144ski: Emocjonalnie \u2014&hellip;\n","protected":false},"author":2,"featured_media":305075,"comment_status":"","ping_status":"","sticky":false,"template":"","format":"standard","meta":{"footnotes":"","_share_on_mastodon":"0"},"categories":[12],"tags":[56,32,33,36,37,27,16005,702,49,34,35,73,28,31,48,25,46,42,38,40,39,41,47,29,30,26],"class_list":["post-305074","post","type-post","status-publish","format-standard","has-post-thumbnail","category-polska","tag-article_premium","tag-breaking-news","tag-breakingnews","tag-featured-news","tag-featurednews","tag-headlines","tag-konrad_krajewski","tag-kosciol_katolicki","tag-kraj","tag-latest-news","tag-latestnews","tag-leon_xiv","tag-naglowki","tag-najwazniejsze-artykuly","tag-nat_styl","tag-news","tag-omp","tag-pl","tag-poland","tag-polish","tag-polska","tag-polski","tag-screening_general","tag-top-stories","tag-topstories","tag-wiadomosci"],"share_on_mastodon":{"url":"","error":""},"_links":{"self":[{"href":"https:\/\/www.europesays.com\/pl\/wp-json\/wp\/v2\/posts\/305074","targetHints":{"allow":["GET"]}}],"collection":[{"href":"https:\/\/www.europesays.com\/pl\/wp-json\/wp\/v2\/posts"}],"about":[{"href":"https:\/\/www.europesays.com\/pl\/wp-json\/wp\/v2\/types\/post"}],"author":[{"embeddable":true,"href":"https:\/\/www.europesays.com\/pl\/wp-json\/wp\/v2\/users\/2"}],"replies":[{"embeddable":true,"href":"https:\/\/www.europesays.com\/pl\/wp-json\/wp\/v2\/comments?post=305074"}],"version-history":[{"count":0,"href":"https:\/\/www.europesays.com\/pl\/wp-json\/wp\/v2\/posts\/305074\/revisions"}],"wp:featuredmedia":[{"embeddable":true,"href":"https:\/\/www.europesays.com\/pl\/wp-json\/wp\/v2\/media\/305075"}],"wp:attachment":[{"href":"https:\/\/www.europesays.com\/pl\/wp-json\/wp\/v2\/media?parent=305074"}],"wp:term":[{"taxonomy":"category","embeddable":true,"href":"https:\/\/www.europesays.com\/pl\/wp-json\/wp\/v2\/categories?post=305074"},{"taxonomy":"post_tag","embeddable":true,"href":"https:\/\/www.europesays.com\/pl\/wp-json\/wp\/v2\/tags?post=305074"}],"curies":[{"name":"wp","href":"https:\/\/api.w.org\/{rel}","templated":true}]}}