{"id":305347,"date":"2026-03-14T14:02:10","date_gmt":"2026-03-14T14:02:10","guid":{"rendered":"https:\/\/www.europesays.com\/pl\/305347\/"},"modified":"2026-03-14T14:02:10","modified_gmt":"2026-03-14T14:02:10","slug":"orange-flex-z-waznymi-zmianami-i-darmowym-internetem-bez-limitu","status":"publish","type":"post","link":"https:\/\/www.europesays.com\/pl\/305347\/","title":{"rendered":"Orange Flex z wa\u017cnymi zmianami i darmowym Internetem bez limitu"},"content":{"rendered":"<p>Zgodnie <a href=\"https:\/\/uke.gov.pl\/blog\/prezes-uke-koniec-modelu-zero-rating-zgodnie-z-wyrokiem-tsue,118.html\" target=\"_blank\" rel=\"nofollow noopener\">z zaleceniami Prezesa Urz\u0119du Komunikacji Elektronicznej<\/a>, Orange musi usun\u0105\u0107 us\u0142ugi typu zero rating ze wszystkich plan\u00f3w. Zmiany obejmuj\u0105 subskrypcje kupione przed 27 sierpnia 2024 roku. W zwi\u0105zku z tym u\u017cytkownicy Orange Flex strac\u0105 ostatecznie Social Pass oraz inne us\u0142ugi tego typu.<\/p>\n<p>Kolejna zapowiadana zmiana dotyczy Plan\u00f3w w Orange Flex. Klienci korzystaj\u0105cy z ich starej wersji otrzymaj\u0105 nowe Plany w tej samej cenie. Oznacza to zwi\u0119kszenie pakiet\u00f3w internetowych, zgodnie z tabel\u0105 poni\u017cej.<\/p>\n<p>U\u017cytkownicy, kt\u00f3rzy sami przejd\u0105 na nowe pakiety do 13 kwietnia 2026 roku, otrzymaj\u0105 od operatora dodatkowy prezent. B\u0119dzie to kod na 30 dni darmowego Internetu bez limitu. Mo\u017cna go wykorzysta\u0107 w dowolnym momencie do ko\u0144ca 2026 roku. Kod zostanie wys\u0142any w aplikacji w ci\u0105gu 72 godzin od zmiany planu. Za ka\u017cdy Plan z Social Passem, kt\u00f3ry zostanie zmieniony na nowy, u\u017cytkownik dostanie osobny kod.<\/p>\n<p>Brak samodzielnej zmiany spowoduje automatyczne prze\u0142\u0105czenie na nowe warunki po 13 kwietnia 2026 roku. W takiej sytuacji klient straci jednak mo\u017cliwo\u015b\u0107 odebrania darmowego miesi\u0105ca Internetu bez limitu.<\/p>\n<blockquote><p>&#13;<\/p>\n<p>Je\u015bli nie akceptujesz tych zmian, przys\u0142uguje Ci prawo do wypowiedzenia Umowy do dnia wej\u015bcia w \u017cycie tych zmian<\/p>\n<p>&#13;<br \/>\nprzypomina Orange w komunikacie<\/p><\/blockquote>\n","protected":false},"excerpt":{"rendered":"Zgodnie z zaleceniami Prezesa Urz\u0119du Komunikacji Elektronicznej, Orange musi usun\u0105\u0107 us\u0142ugi typu zero rating ze wszystkich plan\u00f3w. Zmiany&hellip;\n","protected":false},"author":2,"featured_media":305348,"comment_status":"","ping_status":"","sticky":false,"template":"","format":"standard","meta":{"footnotes":"","_share_on_mastodon":"0"},"categories":[20],"tags":[120,118,119,2711,46154,42,38,40,39,41,116,114,115,49384,121,117,6140,16541,46156],"class_list":["post-305347","post","type-post","status-publish","format-standard","has-post-thumbnail","category-nauka-i-technika","tag-nauka","tag-nauka-i-technika","tag-naukatechnika","tag-orange","tag-orange-flex","tag-pl","tag-poland","tag-polish","tag-polska","tag-polski","tag-science","tag-science-and-technology","tag-sciencetechnology","tag-social-pass","tag-technika","tag-technology","tag-uke","tag-zmiany-w-orange","tag-zmiany-w-orange-flex"],"share_on_mastodon":{"url":"https:\/\/pubeurope.com\/@pl\/116227902170881970","error":""},"_links":{"self":[{"href":"https:\/\/www.europesays.com\/pl\/wp-json\/wp\/v2\/posts\/305347","targetHints":{"allow":["GET"]}}],"collection":[{"href":"https:\/\/www.europesays.com\/pl\/wp-json\/wp\/v2\/posts"}],"about":[{"href":"https:\/\/www.europesays.com\/pl\/wp-json\/wp\/v2\/types\/post"}],"author":[{"embeddable":true,"href":"https:\/\/www.europesays.com\/pl\/wp-json\/wp\/v2\/users\/2"}],"replies":[{"embeddable":true,"href":"https:\/\/www.europesays.com\/pl\/wp-json\/wp\/v2\/comments?post=305347"}],"version-history":[{"count":0,"href":"https:\/\/www.europesays.com\/pl\/wp-json\/wp\/v2\/posts\/305347\/revisions"}],"wp:featuredmedia":[{"embeddable":true,"href":"https:\/\/www.europesays.com\/pl\/wp-json\/wp\/v2\/media\/305348"}],"wp:attachment":[{"href":"https:\/\/www.europesays.com\/pl\/wp-json\/wp\/v2\/media?parent=305347"}],"wp:term":[{"taxonomy":"category","embeddable":true,"href":"https:\/\/www.europesays.com\/pl\/wp-json\/wp\/v2\/categories?post=305347"},{"taxonomy":"post_tag","embeddable":true,"href":"https:\/\/www.europesays.com\/pl\/wp-json\/wp\/v2\/tags?post=305347"}],"curies":[{"name":"wp","href":"https:\/\/api.w.org\/{rel}","templated":true}]}}