{"id":305429,"date":"2026-03-14T14:53:17","date_gmt":"2026-03-14T14:53:17","guid":{"rendered":"https:\/\/www.europesays.com\/pl\/305429\/"},"modified":"2026-03-14T14:53:17","modified_gmt":"2026-03-14T14:53:17","slug":"polacy-czuja-sie-klasa-srednia-ale-zarobki-temu-przecza","status":"publish","type":"post","link":"https:\/\/www.europesays.com\/pl\/305429\/","title":{"rendered":"Polacy czuj\u0105 si\u0119 klas\u0105 \u015bredni\u0105, ale zarobki temu przecz\u0105"},"content":{"rendered":"<ul>&#13;<\/p>\n<li>63\u00a0proc. Polak\u00f3w identyfikuje si\u0119 z klas\u0105 \u015bredni\u0105, cho\u0107 ich rzeczywiste dochody i warunki \u017cycia temu przecz\u0105.<\/li>\n<p>&#13;<\/p>\n<li>12 proc. badanych uwa\u017ca si\u0119 za tzw. wy\u017csz\u0105 klas\u0119 \u015bredni\u0105, czyli osoby, kt\u00f3re\u00a0osi\u0105gaj\u0105 dochody znacz\u0105co powy\u017cej mediany krajowej.<\/li>\n<p>&#13;<\/p>\n<li>Mediana\u00a0w sierpniu 2025 roku wynios\u0142a 7280 z\u0142 brutto i by\u0142a o 17,4 proc. ni\u017csza od przeci\u0119tnego miesi\u0119cznego wynagrodzenia brutto.<\/li>\n<p>&#13;\n<\/ul>\n<p>Uwa\u017caj\u0105 si\u0119 za klas\u0119 \u015bredni\u0105, ale ich dochody na to nie wskazuj\u0105<\/p>\n<p>Serwis LiveCareer Polska przeprowadzi\u0142 w\u015br\u00f3d swoich u\u017cytkownik\u00f3w ankiet\u0119 dotycz\u0105c\u0105 poziomu ich \u017cycia. Co wa\u017cne, na potrzeby badania przyj\u0119to kryterium OECD, wed\u0142ug kt\u00f3rego do klasy \u015bredniej zalicza si\u0119 osoby zarabiaj\u0105ce od 75\u00a0proc. do 200 proc. mediany krajowych wynagrodze\u0144.<\/p>\n<p>        <a href=\"https:\/\/www.pulshr.pl\/po-godzinach\/ceny-w-sklepach-rosna-szybciej-niz-wskazniki-gus-sa-najnowsze-dane-za-luty,117610.html\" class=\"read-more-box-img-cnt\" rel=\"nofollow noopener\" target=\"_blank\"><br \/>\n        \t            <img decoding=\"async\" src=\"https:\/\/www.europesays.com\/pl\/wp-content\/uploads\/2026\/03\/134122_r0_300.jpg\" class=\"read-more-box-img\" loading=\"lazy\" alt=\"Ceny w sklepach rosn\u0105 szybciej ni\u017c wska\u017aniki GUS. S\u0105 najnowsze dane za luty\" width=\"300\" height=\"200\"\/><br \/>\n                    <\/a><\/p>\n<p><a href=\"https:\/\/www.pulshr.pl\/wynagrodzenia\/pensje-bija-rekordy-wazna-granica-przekroczona-taki-wzrost-malo-kto-przewidywal,116992.html?mp=promo\" target=\"_blank\" rel=\"nofollow noopener\">Wed\u0142ug danych G\u0142\u00f3wnego Urz\u0119du Statystycznego, mediana wynagrodze\u0144 w sierpniu 2025 roku wynios\u0142a 7280 z\u0142 brutto i by\u0142a o 17,4 proc. ni\u017csza od przeci\u0119tnego miesi\u0119cznego wynagrodzenia brutto w tym miesi\u0105cu.<\/a><\/p>\n<p>Oznacza to, \u017ce w naszym kraju klas\u0119 \u015bredni\u0105 stanowi\u0105 osoby zarabiaj\u0105ce od ok. 5,4 tys.\u00a0do 14,5 tys. z\u0142 brutto.<\/p>\n<p>Wyniki ankiety\u00a0LiveCareer Polska opublikowa\u0142 w materiale \u201eKlasa \u015brednia w Polsce: zarobki\u201d. Wskazuj\u0105 one, \u017ce 63 proc. badanych uwa\u017ca, i\u017c nale\u017cy do\u00a0klasy \u015bredniej.\u00a0<\/p>\n<p>Tymczasem tylko 45 proc. badanych faktycznie mie\u015bci si\u0119 w tym przedziale. Pozostali maj\u0105 ni\u017csze (50 proc.) lub te\u017c wy\u017csze (5 proc.) dochody, co pokazuje, \u017ce deklaracje nie zawsze odpowiadaj\u0105 rzeczywisto\u015bci. Szczeg\u00f3\u0142owe wyniki s\u0105 nast\u0119puj\u0105ce:<\/p>\n<ul>&#13;<\/p>\n<li>mniej ni\u017c 5435 z\u0142 brutto\u00a0\u2013 46 proc.,<\/li>\n<p>&#13;<\/p>\n<li>od 5435 do 8935 z\u0142 brutto\u00a0\u2013 37 proc.,<\/li>\n<p>&#13;<\/p>\n<li>od 8936 do 14 490 z\u0142 brutto\u00a0\u2013 12 proc.,<\/li>\n<p>&#13;<\/p>\n<li>ponad 14 490 z\u0142 brutto\u00a0\u2013 5 proc.<\/li>\n<p>&#13;\n<\/ul>\n<p>Autorzy badania wskazuj\u0105, \u017ce w\u00a0obr\u0119bie klasy \u015bredniej wyr\u00f3\u017cnia si\u0119 tak\u017ce tzw. klas\u0119 \u015bredni\u0105 wy\u017csz\u0105, czyli osoby osi\u0105gaj\u0105ce dochody znacz\u0105co powy\u017cej mediany krajowej, posiadaj\u0105ce trwa\u0142e zatrudnienie i wi\u0119ksze bezpiecze\u0144stwo finansowe. Do tej grupy nale\u017cy oko\u0142o 12\u00a0proc. respondent\u00f3w, czyli osoby zarabiaj\u0105ce mi\u0119dzy 8936 a 14 490 z\u0142 brutto miesi\u0119cznie.<\/p>\n<p>Klasa \u015brednia to nie tylko odpowiednia kwota na koncie<\/p>\n<p>Okre\u015blenie &#8222;klasa \u015brednia&#8221; pojawi\u0142o si\u0119 w XIX wieku. Wtedy nale\u017celi do niej g\u0142\u00f3wnie urz\u0119dnicy i mniejsi przedsi\u0119biorcy. Obecnie klasa \u015brednia definiowana jest nie przez rodzaj wykonywanego zaj\u0119cia, ale g\u0142\u00f3wnie przez otrzymywane wynagrodzenie.\u00a0Ale nie tylko; granice klasy \u015bredniej zale\u017c\u0105 tak\u017ce od wykszta\u0142cenia, wykonywanego zawodu, stylu \u017cycia oraz d\u0105\u017ce\u0144 i aspiracji, jakie maj\u0105 osoby chc\u0105ce uchodzi\u0107 za klas\u0119 \u015bredni\u0105.<\/p>\n<p>        <a href=\"https:\/\/www.pulshr.pl\/wynagrodzenia\/tyle-zarabia-niemiecka-klasa-srednia-kwoty-moga-zaskakiwac,108261.html\" class=\"read-more-box-img-cnt\" rel=\"nofollow noopener\" target=\"_blank\"><br \/>\n        \t            <img decoding=\"async\" src=\"https:\/\/www.europesays.com\/pl\/wp-content\/uploads\/2026\/03\/119776_r0_300.jpg\" class=\"read-more-box-img\" loading=\"lazy\" alt=\"Tyle zarabia niemiecka klasa \u015brednia. Kwoty mog\u0105 zaskakiwa\u0107\" width=\"300\" height=\"200\"\/><br \/>\n                    <\/a><\/p>\n<p>To uj\u0119cie potwierdzaj\u0105 uczestnicy badania, kt\u00f3rzy deklaruj\u0105, \u017ce przynale\u017cno\u015b\u0107 do tej grupy ma wymiar nie tylko finansowy, ale r\u00f3wnie\u017c spo\u0142eczny i aspiracyjny.<\/p>\n<p>\u2013 Kapita\u0142 kulturowy to, najpro\u015bciej rzecz ujmuj\u0105c, nasze wykszta\u0142cenie, kompetencje oraz wiedza potrzebna do uczestnictwa w \u017cyciu spo\u0142ecznym. Natomiast kapita\u0142 symboliczny to presti\u017c i pozycja, kt\u00f3re daj\u0105 ludziom w\u0142adz\u0119 i przynosz\u0105 uznanie cz\u0142onk\u00f3w ich spo\u0142eczno\u015bci. To uj\u0119cie daje nam szersz\u0105 mo\u017cliwo\u015b\u0107 definiowania, czym jest klasa \u015brednia i kto w\u0142a\u015bciwie do niej nale\u017cy. To istotne, poniewa\u017c przynale\u017cno\u015b\u0107 klasowa mo\u017ce by\u0107 wa\u017cn\u0105 cz\u0119\u015bci\u0105 to\u017csamo\u015bci cz\u0142owieka albo motorem jego ambicji i d\u0105\u017ce\u0144, r\u00f3wnie\u017c w \u017cyciu zawodowym\u00a0\u2013 m\u00f3wi Ma\u0142gorzata Sury z LiveCareer.<\/p>\n<p>Za\u015b od strony finansowej klasa \u015brednia to osoby, kt\u00f3re\u00a0w praktyce:<\/p>\n<ul>&#13;<\/p>\n<li>s\u0105 w stanie pokrywa\u0107 bie\u017c\u0105ce koszty \u017cycia bez zad\u0142u\u017cania si\u0119,<\/li>\n<p>&#13;<\/p>\n<li>madaj\u0105 pewne oszcz\u0119dno\u015bci,<\/li>\n<p>&#13;<\/p>\n<li>mog\u0105 pozwoli\u0107 sobie na kredyt hipoteczny, wakacje czy dodatkow\u0105 edukacj\u0119 dzieci,<\/li>\n<p>&#13;<\/p>\n<li>nie korzystaj\u0105 z pomocy socjalnej jako podstawowego \u017ar\u00f3d\u0142a utrzymania.<\/li>\n<p>&#13;\n<\/ul>\n<p>Inflacja, ceny mieszka\u0144 i podatki\u00a0\u2013 najwi\u0119ksze zagro\u017cenia dla klasy \u015bredniej<\/p>\n<p>Jako najwi\u0119ksze zagro\u017cenia dla stabilno\u015bci klasy \u015bredniej w Polsce ankietowani najcz\u0119\u015bciej wskazywali:<\/p>\n<ul>&#13;<\/p>\n<li>rosn\u0105ce ceny produkt\u00f3w i us\u0142ug (56 proc.),<\/li>\n<p>&#13;<\/p>\n<li>wysokie ceny mieszka\u0144 i kredyt\u00f3w hipotecznych (45 proc.),<\/li>\n<p>&#13;<\/p>\n<li>wysokie podatki i sk\u0142adki (45 proc.).<\/li>\n<p>&#13;\n<\/ul>\n<p>Na li\u015bcie ryzyk pojawi\u0142y si\u0119 r\u00f3wnie\u017c takie pozycje jak:<\/p>\n<ul>&#13;<\/p>\n<li>niepewno\u015b\u0107 zatrudnienia\u00a0(29 proc.),<\/li>\n<p>&#13;<\/p>\n<li>trudno\u015b\u0107 w gromadzeniu oszcz\u0119dno\u015bci i budowaniu bezpiecze\u0144stwa finansowego (23 proc.),<\/li>\n<p>&#13;<\/p>\n<li>brak realnych mo\u017cliwo\u015bci podwy\u017cki lub awansu, tzw. szklany sufit (15 proc.),<\/li>\n<p>&#13;<\/p>\n<li>ryzyko degradacji spo\u0142ecznej w razie choroby lub kryzysu\u00a0(13 proc.),<\/li>\n<p>&#13;<\/p>\n<li>brak wsparcia ze strony pa\u0144stwa dla klasy \u015bredniej (13 proc.).<\/li>\n<p>&#13;\n<\/ul>\n<p>Drugi pr\u00f3g podatkowy pu\u0142apk\u0105 dla klasy \u015bredniej<\/p>\n<p>Dodatkowo osoby z wy\u017cszymi dochodami klasy \u015bredniej, kt\u00f3rych pensja przekracza 10\u202f000 z\u0142 miesi\u0119cznie, odczuwaj\u0105 realne pogorszenie bezpiecze\u0144stwa finansowego z powodu wpadania w drugi pr\u00f3g podatkowy, przez co otrzymuj\u0105 mniej pieni\u0119dzy.<\/p>\n<p>\u2013 Dla najbogatszych ta r\u00f3\u017cnica mo\u017ce by\u0107 ma\u0142o odczuwalna, jednak dla klasy \u015bredniej jest znacz\u0105ca, bo wtedy pensja netto w grudniu, a niekiedy i w listopadzie, mo\u017ce by\u0107 znacznie ni\u017csza ni\u017c w pozosta\u0142ych miesi\u0105cach. Je\u015bli zestawimy to z rosn\u0105cymi cenami, kosztami kredyt\u00f3w i potrzeb\u0105 oszcz\u0119dzania, to oka\u017ce si\u0119, \u017ce wiele os\u00f3b w tej grupie odczuwa realny spadek stabilno\u015bci finansowej. Zdaniem naszych respondent\u00f3w polskiej klasie \u015bredniej zagra\u017ca dzi\u015b przede wszystkim stopniowa utrata stabilno\u015bci, a nie nag\u0142y kryzys\u00a0\u2013 zwraca uwag\u0119\u00a0Ma\u0142gorzata Sury.<\/p>\n<p>W rozliczeniach PIT obowi\u0105zuj\u0105 bowiem dwie stawki podatku:<\/p>\n<ul>&#13;<\/p>\n<li>12 proc. dla dochodu do 120\u202f000 z\u0142,<\/li>\n<p>&#13;<\/p>\n<li>32 proc. dla\u00a0dochodu ponad 120\u202f000 z\u0142.\u00a0<\/li>\n<p>&#13;\n<\/ul>\n<p>Jedn\u0105 z grup zawodowych, kt\u00f3re w ostatnich miesi\u0105cach coraz g\u0142o\u015bniej alarmowa\u0142y, \u017ce dotyczy jej ten problem, s\u0105 nauczyciele.<\/p>\n<p>        <a href=\"https:\/\/www.pulshr.pl\/prawo-pracy\/umowy-o-dzielo-a-b2b-zus-notuje-rekordowy-spadek-popularnych-umow,117606.html\" class=\"read-more-box-img-cnt\" rel=\"nofollow noopener\" target=\"_blank\"><br \/>\n        \t            <img decoding=\"async\" src=\"https:\/\/www.europesays.com\/pl\/wp-content\/uploads\/2026\/03\/134123_r0_300.jpg\" class=\"read-more-box-img\" loading=\"lazy\" alt=\"Umowy o dzie\u0142o a B2B. ZUS notuje rekordowy spadek popularnych um\u00f3w\" width=\"300\" height=\"200\"\/><br \/>\n                    <\/a><\/p>\n<p>\u2013 Na samym etacie nauczyciel nie przekracza pierwszego progu. Jednak wci\u0105\u017c mamy du\u017ce braki kadrowe i nauczyciele ratuj\u0105 system, pracuj\u0105c na 1,5 etatu lub na 2 etaty. Wtedy wkraczaj\u0105 w drugi pr\u00f3g i wi\u0119cej pracuj\u0105c, mniej zarabiaj\u0105. To niesprawiedliwe. Trzeba to zmieni\u0107 i np. zwaloryzowa\u0107 progi \u2013 alarmowa\u0142a Urszula Wo\u017aniak, wiceprezes ZG ZNP cytowana przez &#8222;G\u0142os Nauczycielski&#8221;.<\/p>\n<p><a href=\"https:\/\/www.pulshr.pl\/wynagrodzenia\/beda-zmiany-w-drugim-progu-podatkowym-ministerstwo-zabralo-glos,116011.html\" target=\"_blank\" rel=\"nofollow noopener\">Gdy o problemie zrobi\u0142o si\u0119 g\u0142o\u015bniej, portal Interia zwr\u00f3ci\u0142 si\u0119 z zapytaniem\u00a0do Ministerstwa Finans\u00f3w o\u00a0mo\u017cliwo\u015b\u0107 podniesienia prog\u00f3w podatkowych<\/a>. Z udzielonej przez resort odpowiedzi jasno wynika, \u017ce nie ma na to \u017cadnych szans.<\/p>\n<p>\u2013\u00a0Uwzgl\u0119dniaj\u0105c aktualn\u0105 sytuacj\u0119 finans\u00f3w publicznych, w tym zobowi\u0105zania Polski dotycz\u0105ce wdro\u017cenia dzia\u0142a\u0144 naprawczych w zwi\u0105zku z obj\u0119ciem Polski unijn\u0105 procedur\u0105 nadmiernego deficytu, a tak\u017ce wysokie wydatki na obronno\u015b\u0107, informujemy, \u017ce\u00a0prognoza dochod\u00f3w bud\u017cetu pa\u0144stwa na 2026 r. nie zak\u0142ada podwy\u017cszenia progu dochodowego\u00a0w skali podatkowej wynosz\u0105cego obecnie 120 tys. z\u0142\u00a0\u2013 odpisa\u0142o MF w\u00a0odpowiedzi.\u00a0<\/p>\n","protected":false},"excerpt":{"rendered":"&#13; 63\u00a0proc. Polak\u00f3w identyfikuje si\u0119 z klas\u0105 \u015bredni\u0105, cho\u0107 ich rzeczywiste dochody i warunki \u017cycia temu przecz\u0105. &#13;&hellip;\n","protected":false},"author":2,"featured_media":305430,"comment_status":"","ping_status":"","sticky":false,"template":"","format":"standard","meta":{"footnotes":"","_share_on_mastodon":"0"},"categories":[16],"tags":[664,11832,835,829,832,49401,49398,49404,113,112,49402,49399,49396,830,11830,833,827,42,38,40,39,41,49403,49400,49397,831,11831,834,828],"class_list":["post-305429","post","type-post","status-publish","format-standard","has-post-thumbnail","category-biznes","tag-typedefinedterm","tag-12898-html","tag-20970-html","tag-20971-html","tag-23497-html","tag-45792-html","tag-45793-html","tag-49610-html","tag-biznes","tag-business","tag-nameklasa-u015brednia","tag-namelivecareer","tag-namemau0142gorzata-sury","tag-namepensje","tag-namepu0142ace","tag-namewynagrodzenia","tag-namezarobki","tag-pl","tag-poland","tag-polish","tag-polska","tag-polski","tag-urlhttps-www-pulshr-pl-lista-klasa-srednia","tag-urlhttps-www-pulshr-pl-lista-livecareer","tag-urlhttps-www-pulshr-pl-lista-malgorzata-sury","tag-urlhttps-www-pulshr-pl-lista-pensje","tag-urlhttps-www-pulshr-pl-lista-place","tag-urlhttps-www-pulshr-pl-lista-wynagrodzenia","tag-urlhttps-www-pulshr-pl-lista-zarobki"],"share_on_mastodon":{"url":"","error":"Validation failed: Text character limit of 500 exceeded"},"_links":{"self":[{"href":"https:\/\/www.europesays.com\/pl\/wp-json\/wp\/v2\/posts\/305429","targetHints":{"allow":["GET"]}}],"collection":[{"href":"https:\/\/www.europesays.com\/pl\/wp-json\/wp\/v2\/posts"}],"about":[{"href":"https:\/\/www.europesays.com\/pl\/wp-json\/wp\/v2\/types\/post"}],"author":[{"embeddable":true,"href":"https:\/\/www.europesays.com\/pl\/wp-json\/wp\/v2\/users\/2"}],"replies":[{"embeddable":true,"href":"https:\/\/www.europesays.com\/pl\/wp-json\/wp\/v2\/comments?post=305429"}],"version-history":[{"count":0,"href":"https:\/\/www.europesays.com\/pl\/wp-json\/wp\/v2\/posts\/305429\/revisions"}],"wp:featuredmedia":[{"embeddable":true,"href":"https:\/\/www.europesays.com\/pl\/wp-json\/wp\/v2\/media\/305430"}],"wp:attachment":[{"href":"https:\/\/www.europesays.com\/pl\/wp-json\/wp\/v2\/media?parent=305429"}],"wp:term":[{"taxonomy":"category","embeddable":true,"href":"https:\/\/www.europesays.com\/pl\/wp-json\/wp\/v2\/categories?post=305429"},{"taxonomy":"post_tag","embeddable":true,"href":"https:\/\/www.europesays.com\/pl\/wp-json\/wp\/v2\/tags?post=305429"}],"curies":[{"name":"wp","href":"https:\/\/api.w.org\/{rel}","templated":true}]}}