{"id":305639,"date":"2026-03-14T18:11:13","date_gmt":"2026-03-14T18:11:13","guid":{"rendered":"https:\/\/www.europesays.com\/pl\/305639\/"},"modified":"2026-03-14T18:11:13","modified_gmt":"2026-03-14T18:11:13","slug":"ostatni-lot-kopernika-46-lat-od-katastrofy-samolotu-na-okeciu-w-ktorej-zginela-anna-jantar","status":"publish","type":"post","link":"https:\/\/www.europesays.com\/pl\/305639\/","title":{"rendered":"Ostatni lot &#8222;Kopernika&#8221;. 46 lat od Katastrofy samolotu na Ok\u0119ciu, w kt\u00f3rej zgin\u0119\u0142a Anna Jantar"},"content":{"rendered":"<p>Zakup I\u0142-62 przez PLL LOT w latach 70. XX w. otworzy\u0142 polskiemu przewo\u017anikowi drzwi do \u015bwiata. Te radzieckie maszyny pozwala\u0142y na obs\u0142ug\u0119 tras mi\u0119dzykontynentalnych, co by\u0142o niemo\u017cliwe z turbo\u015bmig\u0142owcami I\u0142-18, kt\u00f3re do tej pory stanowi\u0142y trzon floty LOT-u. Pierwszy I\u0142-62, oznaczony numerami rejestracyjnymi SP-LAA i nazwany na cze\u015b\u0107 Miko\u0142aja Kopernika, zosta\u0142 odebrany przez PLL LOT 16 marca 1972 r. Zakup tej maszyny otworzy\u0142 dla polskiego przewo\u017anika nowe mo\u017cliwo\u015bci. LOT dzi\u0119ki temu zakupowi m\u00f3g\u0142 wyj\u015b\u0107 ze statusu przedsi\u0119biorstwa za\u015bciankowego i zacz\u0105\u0107 operowa\u0107 na arenie mi\u0119dzynarodowej.<\/p>\n<p class=\"ods-o-frame-in-text__paragraph\">W SKR\u00d3CIE:<\/p>\n<ul class=\"ods-m-bullet-list\">\n<li class=\"ods-a-bullet ods-a-bullet--normal\"> 14 marca 2024 r. mija 46 lat od katastrofy I\u0142a\u201162 \u201eMiko\u0142aj Kopernik\u201d, jednej z najtragiczniejszych w historii LOT\u2011u \u2014 zgin\u0119\u0142o 87 os\u00f3b. <\/li>\n<li class=\"ods-a-bullet ods-a-bullet--normal\"> Na minut\u0119 przed l\u0105dowaniem za\u0142oga zg\u0142osi\u0142a problem z podwoziem, co uruchomi\u0142o procedur\u0119 niskiego przelotu nad lotniskiem. <\/li>\n<li class=\"ods-a-bullet ods-a-bullet--normal\"> I\u0142\u201162 rozbi\u0142 si\u0119 o 11:14, 950 metr\u00f3w przed pasem, po zniszczeniu turbiny i utracie sterowno\u015bci. <\/li>\n<li class=\"ods-a-bullet ods-a-bullet--normal\"> W\u015br\u00f3d ofiar znalaz\u0142a si\u0119 Anna Jantar, reprezentanci ameryka\u0144skiej kadry bokserskiej i studenci wracaj\u0105cy z konferencji. <\/li>\n<li class=\"ods-a-bullet ods-a-bullet--normal\"> \u015aledztwo wykaza\u0142o wad\u0119 wa\u0142u silnika, kt\u00f3ry p\u0119k\u0142 z powodu b\u0142\u0119d\u00f3w produkcyjnych, niszcz\u0105c kolejne silniki i systemy sterowania. <\/li>\n<\/ul>\n<p>13 marca 1980 r., dzie\u0144 przed katastrof\u0105, samolot wyl\u0105dowa\u0142 na lotnisku Kennedy&#8217;ego w Nowym Jorku. Po kr\u00f3tkim, rutynowym przegl\u0105dzie technicznym i tankowaniu paliwa, maszyna by\u0142a gotowa do powrotnego lotu do Warszawy. Za\u0142og\u0119 dowodzi\u0142 kapitan Pawe\u0142 Lipowczan, do\u015bwiadczony pilot, kt\u00f3ry pracowa\u0142 w PLL LOT od 15 lat.<\/p>\n<p>Na pok\u0142adzie samolotu, opr\u00f3cz 77 pasa\u017cer\u00f3w, znajdowa\u0142o si\u0119 pi\u0119ciu cz\u0142onk\u00f3w za\u0142ogi: drugi pilot Tadeusz \u0141ochocki, mechanik pok\u0142adowy Jan \u0141ubniewski, radiotelegrafista Stefan W\u0105siewicz i nawigator Konstanty Chorzewski. Opiek\u0119 nad pasa\u017cerami sprawowa\u0142a szefowa personelu pok\u0142adowego i cztery stewardesy.<\/p>\n<p>Samolot mia\u0142 wystartowa\u0107 z Nowego Jorku do Warszawy oko\u0142o godz. 19 czasu lokalnego. Jednak ze wzgl\u0119du na trudne warunki atmosferyczne, start nast\u0105pi\u0142 dopiero po ponad dw\u00f3ch godzinach od planowanego czasu. Mimo to wszystko przebiega\u0142o zgodnie z planem.<\/p>\n<p>Po nocnym locie nad Atlantykiem samolot wchodzi\u0142 w polsk\u0105 stref\u0119 powietrzn\u0105 nad Ba\u0142tykiem. Nad Warszaw\u0105 panowa\u0142a mro\u017ana, ale s\u0142oneczna pogoda, widoczno\u015b\u0107 by\u0142a bardzo dobra, a wiatr w normie. Po 9 godzinach rutynowego lotu samolot zbli\u017ca\u0142 si\u0119 do l\u0105dowania na lotnisku Ok\u0119cie. Niestety, to, co mia\u0142o by\u0107 rutynowym l\u0105dowaniem, zako\u0144czy\u0142o si\u0119 tragicznie.<\/p>\n<p>Na minut\u0119 przed planowanym l\u0105dowaniem zg\u0142oszono wie\u017cy kontrolnej problem z podwoziem. Wskaz\u00f3wka na panelu sterowania, sygnalizuj\u0105ca wypuszczenie w\u00f3zka g\u0142\u00f3wnego podwozia, nie pokazywa\u0142a si\u0119. Mo\u017cliwo\u015bci by\u0142y r\u00f3\u017cne \u2014 przepali\u0142 si\u0119 bezpiecznik, \u017car\u00f3wka na panelu, a by\u0107 mo\u017ce podwozie rzeczywi\u015bcie nie wysun\u0119\u0142o si\u0119 z kad\u0142uba samolotu.<\/p>\n<p>Piloci nie byli zdziwieni t\u0105 sytuacj\u0105. W samolotach radzieckiej produkcji takie usterki by\u0142y na tyle cz\u0119ste, \u017ce wypracowano specjaln\u0105 procedur\u0119 na takie okoliczno\u015bci. Za\u0142oga przerywa\u0142a podej\u015bcie i przelatywa\u0142a nad lotniskiem na niskiej wysoko\u015bci. W tym czasie mechanik pok\u0142adowy sprawdza\u0142 w\u0142a\u015bciwe obwody, bezpieczniki i \u017car\u00f3wk\u0119, a obs\u0142uga wie\u017cy obserwowa\u0142a przez lornetk\u0119 i potwierdza\u0142a przez radio, czy podwozie si\u0119 wysun\u0119\u0142o.<\/p>\n<p>Wie\u017ca: 007, w lewo 5 stopni<\/p>\n<p>Za\u0142oga: Tak jest, zrozumia\u0142em&#8230; Chwileczk\u0119, mamy trudno\u015bci z sygnalizacj\u0105 podwozia, przechodzimy na drugi kr\u0105g.<\/p>\n<p>Wie\u017ca: Zrozumia\u0142em, kurs pasa i 650.<\/p>\n<p>Za\u0142oga: Kurs pasa, 650.<\/p>\n<p>By\u0142a to ostatnia wiadomo\u015b\u0107 z &#8222;Kopernika&#8221;.<\/p>\n<p>Niestety, ostatni komunikat nadany z kokpitu &#8222;Kopernika&#8221; us\u0142yszeli kontrolerzy na Ok\u0119ciu o godzinie 11:13, kiedy kontroler na wie\u017cy wyda\u0142 polecenie przej\u015bcia z wysoko\u015bci 250 na 650 metr\u00f3w. Na rozkaz kapitana mechanik pok\u0142adowy Jan \u0141ubniewski zwi\u0119kszy\u0142 obroty czterech silnik\u00f3w do pe\u0142nej mocy startowej. Obs\u0142uga wie\u017cy czeka\u0142a na maj\u0105cego lecie\u0107 z p\u00f3\u0142nocnego zachodu &#8222;Kopernika&#8221;, aby oceni\u0107 sytuacj\u0119 z podwoziem. Jednak ich oczom ukaza\u0142 si\u0119 zupe\u0142nie inny widok.<\/p>\n<p>O godz. 11:14 samolot rozbi\u0142 si\u0119 950 m przed progiem pasa 15, prawie p\u00f3\u0142 minuty po zwi\u0119kszeniu mocy silnik\u00f3w. Ogie\u0144 by\u0142 widoczny tylko przez kilka sekund. Samolot nie zapali\u0142 si\u0119 \u2014 w zbiornikach nie by\u0142o ju\u017c wystarczaj\u0105co du\u017co paliwa. Samolot pozbawiony mo\u017cliwo\u015bci sterowania sterami zmieni\u0142 tor lotu ku ziemi. Kapitan i jego za\u0142oga mieli p\u00f3\u0142 minuty, aby zareagowa\u0107 po zniszczeniu turbiny, kt\u00f3ra uszkodzi\u0142a dwa silniki.<\/p>\n<p>Za\u0142odze uda\u0142o si\u0119 te\u017c skr\u0119ci\u0107 samolotem w prawo i omin\u0105\u0107 budynek zak\u0142adu poprawczego dla nieletnich. Samolot w zderzeniu z ziemi\u0105 rozpad\u0142 si\u0119 na wiele cz\u0119\u015bci, do kt\u00f3rych wydobycia niezb\u0119dne okaza\u0142o si\u0119 wypompowanie wody z fosy.<\/p>\n<p>Cia\u0142a ofiar le\u017ca\u0142y rozrzucone w\u015br\u00f3d szcz\u0105tk\u00f3w samolotu. Wiele ofiar najprawdopodobniej spa\u0142o w momencie zderzenia z ziemi\u0105, ale niekt\u00f3rzy z nich byli \u015bwiadomi katastrofy i trzymali si\u0119 foteli tak mocno, \u017ce w momencie zderzenia uleg\u0142y zerwaniu mi\u0119\u015bnie i \u015bci\u0119gna w r\u0119kach.<\/p>\n<p>Na drzewach wisia\u0142y strz\u0119py ubra\u0144 i fragmenty wyposa\u017cenia samolotu. Ziemi\u0119 przykrywa\u0142y porozrzucane torby i portfele, kt\u00f3re przyci\u0105ga\u0142y nie tylko t\u0142umy gapi\u00f3w, ale tak\u017ce milicjant\u00f3w, kt\u00f3rzy usuwali je z miejsca wypadku.<\/p>\n<p>W\u015br\u00f3d ofiar katastrofy lotu &#8222;Kopernik&#8221; znalaz\u0142y si\u0119 77 pasa\u017cer\u00f3w i 10 cz\u0142onk\u00f3w za\u0142ogi. W\u015br\u00f3d nich by\u0142a <a href=\"https:\/\/kobieta.onet.pl\/wiadomosci\/anna-jantar-zginela-45-lat-temu-miala-przy-sobie-list-od-meza\/evn0ct1\" id=\"95a904f8-500f-4fe1-a7a9-ac850548d223\" rel=\"nofollow noopener\" target=\"_blank\">Anna Jantar, ikona polskiej sceny muzycznej lat 70<\/a>., 22 cz\u0142onk\u00f3w amatorskiej reprezentacji bokserskiej USA oraz sze\u015bciu m\u0142odych delegat\u00f3w z warszawskich uczelni, powracaj\u0105cych z obrad Mi\u0119dzynarodowego Stowarzyszenia Student\u00f3w Nauk Ekonomicznych i Handlowych.<\/p>\n<p>Wstrz\u0105saj\u0105ce wydarzenia, kt\u00f3re mia\u0142y miejsce na lotnisku, nie zatrzyma\u0142y jego codziennej dzia\u0142alno\u015bci. Samolot do Pary\u017ca, zgodnie z planem, wystartowa\u0142 o godz. 14:30, pomimo panuj\u0105cego chaosu. W holu g\u0142\u00f3wnego budynku, rodziny pasa\u017cer\u00f3w lotu &#8222;Kopernik&#8221;, kt\u00f3ry sp\u00f3\u017ania\u0142 si\u0119, czeka\u0142y na swoich bliskich. W ko\u0144cu kto\u015b musia\u0142 przekaza\u0107 im wiadomo\u015b\u0107 o tragedii, kt\u00f3ra wydarzy\u0142a si\u0119 na pok\u0142adzie.<\/p>\n<p>W\u015br\u00f3d oczekuj\u0105cych emocje by\u0142y na granicy wytrzyma\u0142o\u015bci. Rozpocz\u0119\u0142y si\u0119 d\u0142ugie godziny czekania przy telefonach, w oczekiwaniu na jakiekolwiek informacje.<\/p>\n<p>Na pocz\u0105tku, ze wzgl\u0119du na problemy techniczne, nie mo\u017cna by\u0142o skontaktowa\u0107 si\u0119 z Nowym Jorkiem, aby uzyska\u0107 pe\u0142ne dane ofiar. Kiedy w ko\u0144cu uda\u0142o si\u0119 nawi\u0105za\u0107 po\u0142\u0105czenie z lotniskiem Kennedy&#8217;ego, nadesz\u0142a lista ofiar. Wiele trudnych polskich nazwisk by\u0142o na niej przekr\u0119conych.<\/p>\n<p>Czarne skrzynki samolotu zosta\u0142y odnalezione, ale ich analiza nie przynios\u0142a jednoznacznych odpowiedzi. Rejestrator parametr\u00f3w lotu mia\u0142 usterk\u0119, kt\u00f3ra uniemo\u017cliwia\u0142a zapis wi\u0119kszo\u015bci informacji, a na 26 sekund przed uderzeniem samolotu w ziemi\u0119, rejestrator przesta\u0142 zapisywa\u0107 warto\u015bci obrot\u00f3w dw\u00f3ch prawych silnik\u00f3w, a magnetofon nagrywaj\u0105cy rozmowy w kokpicie przesta\u0142 dzia\u0142a\u0107. Przerwa w dzia\u0142aniu obu rejestrator\u00f3w by\u0142a spowodowana brakiem zasilania.<\/p>\n<p>\u015aledztwo wskaza\u0142o na wad\u0119 konstrukcyjno-wykonawcz\u0105 wa\u0142u silnika, kt\u00f3ry zawiera\u0142 karb powsta\u0142y po niedba\u0142ej obr\u00f3bce no\u017cem tokarskim, jako przyczyn\u0119 katastrofy. W wyniku p\u0119kni\u0119cia wa\u0142u dosz\u0142o do zniszczenia turbiny, kt\u00f3rej fragmenty uszkodzi\u0142y jeszcze dwa silniki i uk\u0142ady sterowania samolotem.<\/p>\n<p>Ta tragedia stanowi przypomnienie o konsekwencjach, jakie mo\u017ce przynie\u015b\u0107 zaniedbanie norm bezpiecze\u0144stwa w lotnictwie. W tym przypadku oszcz\u0119dno\u015bci na remontach silnik\u00f3w i zaniedbanie wad konstrukcyjnych doprowadzi\u0142y do katastrofy, kt\u00f3ra kosztowa\u0142a \u017cycie 87 os\u00f3b. To wa\u017cna lekcja dla przysz\u0142o\u015bci, przypominaj\u0105ca o tym, jak kluczowe jest utrzymanie najwy\u017cszych standard\u00f3w bezpiecze\u0144stwa w lotnictwie.<\/p>\n","protected":false},"excerpt":{"rendered":"Zakup I\u0142-62 przez PLL LOT w latach 70. XX w. otworzy\u0142 polskiemu przewo\u017anikowi drzwi do \u015bwiata. Te radzieckie&hellip;\n","protected":false},"author":2,"featured_media":305640,"comment_status":"","ping_status":"","sticky":false,"template":"","format":"standard","meta":{"footnotes":"","_share_on_mastodon":"0"},"categories":[12],"tags":[32,33,6633,36,37,27,49430,34,35,28,31,48,25,46,42,38,40,39,41,49429,9954,47,29,30,435,26,2588],"class_list":["post-305639","post","type-post","status-publish","format-standard","has-post-thumbnail","category-polska","tag-breaking-news","tag-breakingnews","tag-ciekawe","tag-featured-news","tag-featurednews","tag-headlines","tag-il_62","tag-latest-news","tag-latestnews","tag-naglowki","tag-najwazniejsze-artykuly","tag-nat_styl","tag-news","tag-omp","tag-pl","tag-poland","tag-polish","tag-polska","tag-polski","tag-polskie_linie_lotnicze_lot","tag-samoloty","tag-screening_general","tag-top-stories","tag-topstories","tag-warszawa","tag-wiadomosci","tag-wypadek"],"share_on_mastodon":{"url":"https:\/\/pubeurope.com\/@pl\/116228881449715357","error":""},"_links":{"self":[{"href":"https:\/\/www.europesays.com\/pl\/wp-json\/wp\/v2\/posts\/305639","targetHints":{"allow":["GET"]}}],"collection":[{"href":"https:\/\/www.europesays.com\/pl\/wp-json\/wp\/v2\/posts"}],"about":[{"href":"https:\/\/www.europesays.com\/pl\/wp-json\/wp\/v2\/types\/post"}],"author":[{"embeddable":true,"href":"https:\/\/www.europesays.com\/pl\/wp-json\/wp\/v2\/users\/2"}],"replies":[{"embeddable":true,"href":"https:\/\/www.europesays.com\/pl\/wp-json\/wp\/v2\/comments?post=305639"}],"version-history":[{"count":0,"href":"https:\/\/www.europesays.com\/pl\/wp-json\/wp\/v2\/posts\/305639\/revisions"}],"wp:featuredmedia":[{"embeddable":true,"href":"https:\/\/www.europesays.com\/pl\/wp-json\/wp\/v2\/media\/305640"}],"wp:attachment":[{"href":"https:\/\/www.europesays.com\/pl\/wp-json\/wp\/v2\/media?parent=305639"}],"wp:term":[{"taxonomy":"category","embeddable":true,"href":"https:\/\/www.europesays.com\/pl\/wp-json\/wp\/v2\/categories?post=305639"},{"taxonomy":"post_tag","embeddable":true,"href":"https:\/\/www.europesays.com\/pl\/wp-json\/wp\/v2\/tags?post=305639"}],"curies":[{"name":"wp","href":"https:\/\/api.w.org\/{rel}","templated":true}]}}