{"id":305661,"date":"2026-03-14T18:28:16","date_gmt":"2026-03-14T18:28:16","guid":{"rendered":"https:\/\/www.europesays.com\/pl\/305661\/"},"modified":"2026-03-14T18:28:16","modified_gmt":"2026-03-14T18:28:16","slug":"katarzyna-dabrowska-i-jaroslaw-tumidajski-wzieli-slub-w-sekrecie-po-naszemu","status":"publish","type":"post","link":"https:\/\/www.europesays.com\/pl\/305661\/","title":{"rendered":"Katarzyna D\u0105browska i Jaros\u0142aw Tumidajski wzi\u0119li \u015blub w sekrecie. &#8222;Po naszemu&#8221;"},"content":{"rendered":"<p class=\"Paragraph_desktopParagraph__U31Gm\">Chocia\u017c Katarzyna D\u0105browska od lat jest zwi\u0105zana z warszawskim Teatrem Wsp\u00f3\u0142czesnym, szerszej widowni jest znana za spraw\u0105 roli Wiktorii w &#8222;Na dobre i na z\u0142e&#8221;. Gwiazda \u015bwietnie poradzi\u0142a te\u017c sobie w programie &#8222;Twoja twarz brzmi znajomo&#8221;. W 11. edycji show Polsatu zaj\u0119\u0142a drugie miejsce, przegrywaj\u0105c w finale z Kazimierzem Mazurem. A \u017cycie prywatne? Aktorka jest zwi\u0105zana z re\u017cyserem, Jaros\u0142awem Tumidajskim. To artystyczne ma\u0142\u017ce\u0144stwo sp\u0119dza czas razem nie tylko w domu, ale i w pracy.<\/p>\n<blockquote>\n<p class=\"Paragraph_desktopParagraph__U31Gm\">Znalaz\u0142am takiego m\u0119\u017cczyzn\u0119, przy kt\u00f3rym zawsze czuj\u0119 si\u0119 dobrze, bezpiecznie, swobodnie. Nauczy\u0142am si\u0119 przy nim, \u017ce w bliskiej relacji nie ma miejsca na udawanie. Nie mamy przed sob\u0105 spraw, kt\u00f3re chcieliby\u015bmy ukry\u0107<\/p>\n<\/blockquote>\n<p class=\"Paragraph_desktopParagraph__U31Gm\">\u2014 podkre\u015bli\u0142a Katarzyna D\u0105browska w &#8222;Dzie\u0144 dobry TVN&#8221;.<\/p>\n<ul class=\"OchatFollowUps_wrapper__1ry7X\">\n<li class=\"OchatFollowUps_item__Dhyly OchatFollowUps_itemDesktop__R6aBv\">Kiedy Katarzyna D\u0105browska obchodzi urodziny?<\/li>\n<li class=\"OchatFollowUps_item__Dhyly OchatFollowUps_itemDesktop__R6aBv\">Gdzie pozna\u0142a si\u0119 Katarzyna D\u0105browska z m\u0119\u017cem?<\/li>\n<li class=\"OchatFollowUps_item__Dhyly OchatFollowUps_itemDesktop__R6aBv\">Ile przedstawie\u0144 zrealizowa\u0142 Jaros\u0142aw Tumidajski w Teatrze Wsp\u00f3\u0142czesnym?<\/li>\n<li class=\"OchatFollowUps_item__Dhyly OchatFollowUps_itemDesktop__R6aBv\">Kiedy Katarzyna D\u0105browska i Jaros\u0142aw Tumidajski wzi\u0119li \u015blub?<\/li>\n<\/ul>\n<p>Katarzyna D\u0105browska i Jaros\u0142aw Tumidajski. Historia mi\u0142o\u015bci <\/p>\n<p class=\"Paragraph_desktopParagraph__U31Gm\">Ich historia zacz\u0119\u0142a si\u0119 jak prosto ze scenariusza komedii romantycznej. Aktorka by\u0142a ju\u017c wtedy w zespole Teatru Wsp\u00f3\u0142czesnego. Jaros\u0142aw Tumidajski za\u015b rozpocz\u0105\u0142 wsp\u00f3\u0142prac\u0119 z instytucj\u0105, aby zrealizowa\u0107 tam spektakl. Do tej pory zrealizowa\u0142 tam osiem przedstawie\u0144. Pierwszym, w kt\u00f3rym zagra\u0142a Katarzyna D\u0105browska by\u0142 &#8222;Czas barbarzy\u0144c\u00f3w&#8221;.<\/p>\n<blockquote>\n<p class=\"Paragraph_desktopParagraph__U31Gm\">Zafascynowa\u0142am si\u0119 nim najpierw nie jako artyst\u0105, ale cz\u0142owiekiem. Ci\u0105gle si\u0119 gdzie\u015b mijali\u015bmy \u2014 na korytarzu, na parkingu. Raz, gdy siedzia\u0142am z ksi\u0105\u017ck\u0105 przed sal\u0105 pr\u00f3b, podszed\u0142 do mnie. Zaproponowa\u0142 spotkanie, poprosi\u0142 o numer telefonu. I tak zacz\u0119li\u015bmy chodzi\u0107 na wsp\u00f3lne kawy i obiady<\/p>\n<\/blockquote>\n<p class=\"Paragraph_desktopParagraph__U31Gm\">\u2014 opowiada\u0142a aktorka w rozmowie z magazynem &#8222;Pani&#8221;.<\/p>\n<p class=\"Paragraph_desktopParagraph__U31Gm\">&#8222;Pami\u0119tam moment, gdy w bistro jedli\u015bmy lunch, rozmawiali\u015bmy, a mnie nagle dopad\u0142a my\u015bl, \u017ce to jest \u00bbto\u00ab. Poczu\u0142am, \u017ce to ten m\u0119\u017cczyzna. Na \u017cycie. Kompletnie mnie ta refleksja zaskoczy\u0142a. Chyba nawet si\u0119 zaczerwieni\u0142am. Nic nie powiedzia\u0142am. Wkr\u00f3tce okaza\u0142o si\u0119, \u017ce on te\u017c my\u015bli o mnie powa\u017cnie. Zostali\u015bmy par\u0105&#8221; \u2014 doda\u0142a.<\/p>\n<p class=\"Paragraph_desktopParagraph__U31Gm\">Katarzyna D\u0105browska w tym samym wywiadzie podkre\u015bli\u0142a, \u017ce &#8222;zakocha\u0142a si\u0119 w m\u00f3zgu&#8221; re\u017cysera. &#8222;Oczywi\u015bcie, Jarek jest bardzo przystojnym m\u0119\u017cczyzn\u0105 i bardzo mi si\u0119 podoba, ale poch\u0142on\u0105\u0142 mnie jego spos\u00f3b my\u015blenia o \u015bwiecie i teatrze&#8221; \u2014 t\u0142umaczy\u0142a.<\/p>\n<p class=\"Paragraph_desktopParagraph__U31Gm\">Z biegiem czasu para dzieli\u0142a nie tylko dom, ale i razem pracowa\u0142a. To artystyczny duet, kt\u00f3ry zrealizowa\u0142 ju\u017c razem kilka spektakli. Katarzyna D\u0105browska i Jaros\u0142aw Tumidajski wsp\u00f3\u0142pracowali nie tylko w Teatrze Wsp\u00f3\u0142czesnym, ale tak\u017ce w Teatrze Telewizji i Teatrze Polskiego Radia.<\/p>\n<blockquote>\n<p class=\"Paragraph_desktopParagraph__U31Gm\">Ceni\u0119 go za styl re\u017cyserowania, okazuje aktorom cierpliwo\u015b\u0107, zaufanie, &#8222;nie ci\u015bnie&#8221;. Nosi w sobie spok\u00f3j. Wsp\u00f3\u0142pracuje w fajny, partnerski spos\u00f3b. Jako re\u017cyser ufa mojej aktorskiej intuicji. Utwierdza mnie w przekonaniu, \u017ce mam pod\u0105\u017ca\u0107 za tym, co czuj\u0119 na temat danej postaci<\/p>\n<\/blockquote>\n<p class=\"Paragraph_desktopParagraph__U31Gm\">\u2014 m\u00f3wi\u0142a Katarzyna D\u0105browska w rozmowie z &#8222;Pani&#8221;.<\/p>\n<p><img decoding=\"async\" class=\"Image_image__0tuHp Image_autoHeight__f2n87 \" height=\"587\" width=\"390\" src=\"https:\/\/www.europesays.com\/pl\/wp-content\/uploads\/2026\/03\/NuSk9kpTURBXy8yN2MxZjVjYmRkYzY3M2YwNmJhNzBhM2E3NjJiNGFlZC5qcGeSlQLNA6wAwsOVAgDNAkvCw94AA6EwAaExAaEzw.jpeg\" alt=\"Katarzyna D\u0105browska i Jaros\u0142aw Tumidajski\" loading=\"lazy\" \/>Jacek Kurnikowski \/ AKPA<\/p>\n<p>Katarzyna D\u0105browska i Jaros\u0142aw Tumidajski<\/p>\n<p class=\"Paragraph_desktopParagraph__U31Gm\">Katarzyna D\u0105browska i Jaros\u0142aw Tumidajski zar\u0119czyli si\u0119 w czasie podr\u00f3\u017cy po Azji. Re\u017cyser zada\u0142 &#8222;to&#8221; pytanie ukochanej w czasie zwiedzania Malezji. Po powrocie do kraju rozpocz\u0119li przygotowania do \u015blubu. Plany mog\u0142a im pokrzy\u017cowa\u0107 pandemia COVID-19, ale para i tak zdecydowa\u0142a si\u0119 na zorganizowanie uroczysto\u015bci. Pobrali si\u0119 w sekrecie przed mediami, tak jak sobie wymarzyli. Zorganizowali kameraln\u0105 uroczysto\u015b\u0107 na Mazurach. Aktorka podzieli\u0142a si\u0119 radosn\u0105 wie\u015bci\u0105 z fanami na Instagramie. Dzi\u0119ki temu wiemy, \u017ce para powiedzia\u0142a sobie &#8222;tak&#8221; 20 czerwca 2020 r.<\/p>\n<blockquote>\n<p class=\"Paragraph_desktopParagraph__U31Gm\">Od pocz\u0105tku chcieli\u015bmy, \u017ceby to by\u0142a kameralna uroczysto\u015b\u0107 na Mazurach, w stylu slow, na \u0142onie natury. Po naszemu<\/p>\n<\/blockquote>\n<p class=\"Paragraph_desktopParagraph__U31Gm\">\u2014 zdradzi\u0142a aktorka na \u0142amach &#8222;Pani&#8221;.<\/p>\n<p><img decoding=\"async\" class=\"Image_image__0tuHp Image_autoHeight__f2n87 \" height=\"587\" width=\"391\" src=\"https:\/\/www.europesays.com\/pl\/wp-content\/uploads\/2026\/03\/u5ak9kpTURBXy82NzJlOWI4OTM1MTA2OWJhZDFmYmVmNjQ5MTUzNmZmYy5qcGeSlQLNA6wAwsOVAgDNAkvCw94AA6EwAaExAaEzw.jpeg\" alt=\"Katarzyna D\u0105browska i Jaros\u0142aw Tumidajski\" loading=\"lazy\" \/>Podlewski \/ AKPA<\/p>\n<p>Katarzyna D\u0105browska i Jaros\u0142aw Tumidajski<\/p>\n<p class=\"Paragraph_desktopParagraph__U31Gm\">Dzi\u0119kujemy, \u017ce przeczyta\u0142a\u015b\/e\u015b nasz artyku\u0142 do ko\u0144ca. W serwisie Plejada.pl ka\u017cdego dnia piszemy o najwa\u017cniejszych wydarzeniach show-biznesowych. B\u0105d\u017a na bie\u017c\u0105co! <a rel=\"nofollow noopener\" href=\"https:\/\/news.google.com\/publications\/CAAiEF0PeAlb7W1llpV_mwV2rL4qFAgKIhBdD3gJW-1tZZaVf5sFdqy-?hl=pl&amp;gl=PL&amp;ceid=PL%3Apl\" id=\"ab56b675-d051-4faa-aac0-f47e7c043a4f\" target=\"_blank\">Obserwuj<\/a> Plejad\u0119 w Wiadomo\u015bciach Google. Odwied\u017a nas tak\u017ce na <a rel=\"nofollow noopener\" href=\"https:\/\/www.facebook.com\/plejadapl\" id=\"494cac3f-8b97-4b7f-aae3-98ede4ed7f30\" target=\"_blank\">Facebooku<\/a>, <a rel=\"nofollow noopener\" href=\"https:\/\/www.instagram.com\/plejadapl\/\" id=\"c40be603-db2d-41b3-bc20-04e78664e0d7\" target=\"_blank\">Instagramie<\/a>, <a rel=\"nofollow noopener\" href=\"https:\/\/www.youtube.com\/c\/plejada\" id=\"111972f1-a538-4808-850a-6c05902f714b\" target=\"_blank\">YouTubie<\/a> oraz <a rel=\"nofollow noopener\" href=\"https:\/\/www.tiktok.com\/@plejada_pl\" id=\"c01a5995-6ef0-4fa4-a722-d39a02151c2a\" target=\"_blank\">TikToku<\/a>.<\/p>\n<p class=\"Paragraph_desktopParagraph__U31Gm\">Chcesz podzieli\u0107 si\u0119 ciekawym newsem lub zaproponowa\u0107 temat? Skontaktuj si\u0119 z nami, pisz\u0105c maila na adres: <a href=\"https:\/\/www.onet.pl\/styl-zycia\/plejada\/katarzyna-dabrowska-i-jaroslaw-tumidajski-wzieli-slub-w-sekrecie-po-naszemu\/mailto:plejada@redakcjaonet.pl\" id=\"d3ce6ce5-f95f-46fd-a23e-237c6910ba9c\" rel=\"nofollow noopener\" target=\"_blank\">plejada@redakcjaonet.pl<\/a><a href=\"https:\/\/www.onet.pl\/styl-zycia\/plejada\/katarzyna-dabrowska-i-jaroslaw-tumidajski-wzieli-slub-w-sekrecie-po-naszemu\/mailto:pl.plejada@redakcjaonet.pl\" id=\"26522518-0aca-46b1-b688-cbcfbd1b1da5\" rel=\"nofollow noopener\" target=\"_blank\">.<\/a><\/p>\n<p><script async src=\"\/\/www.instagram.com\/embed.js\"><\/script><script async src=\"\/\/www.tiktok.com\/embed.js\"><\/script><\/p>\n","protected":false},"excerpt":{"rendered":"Chocia\u017c Katarzyna D\u0105browska od lat jest zwi\u0105zana z warszawskim Teatrem Wsp\u00f3\u0142czesnym, szerszej widowni jest znana za spraw\u0105 roli&hellip;\n","protected":false},"author":2,"featured_media":305662,"comment_status":"","ping_status":"","sticky":false,"template":"","format":"standard","meta":{"footnotes":"","_share_on_mastodon":"0"},"categories":[22],"tags":[122,2728,246,67,49432,6674,53,52,68,51,55,42,38,40,39,41,123,47,196,50,2115],"class_list":["post-305661","post","type-post","status-publish","format-standard","has-post-thumbnail","category-rozrywka","tag-entertainment","tag-evergreen","tag-inspire_me","tag-intextvideo_splayer","tag-katarzyna_dabrowska","tag-malzenstwa_gwiazd","tag-new_header","tag-onet3","tag-onet3d","tag-onet3d_2i","tag-phx","tag-pl","tag-poland","tag-polish","tag-polska","tag-polski","tag-rozrywka","tag-screening_general","tag-styl_zycia","tag-v2021","tag-zwiazki_gwiazd"],"share_on_mastodon":{"url":"https:\/\/pubeurope.com\/@pl\/116228948190139897","error":""},"_links":{"self":[{"href":"https:\/\/www.europesays.com\/pl\/wp-json\/wp\/v2\/posts\/305661","targetHints":{"allow":["GET"]}}],"collection":[{"href":"https:\/\/www.europesays.com\/pl\/wp-json\/wp\/v2\/posts"}],"about":[{"href":"https:\/\/www.europesays.com\/pl\/wp-json\/wp\/v2\/types\/post"}],"author":[{"embeddable":true,"href":"https:\/\/www.europesays.com\/pl\/wp-json\/wp\/v2\/users\/2"}],"replies":[{"embeddable":true,"href":"https:\/\/www.europesays.com\/pl\/wp-json\/wp\/v2\/comments?post=305661"}],"version-history":[{"count":0,"href":"https:\/\/www.europesays.com\/pl\/wp-json\/wp\/v2\/posts\/305661\/revisions"}],"wp:featuredmedia":[{"embeddable":true,"href":"https:\/\/www.europesays.com\/pl\/wp-json\/wp\/v2\/media\/305662"}],"wp:attachment":[{"href":"https:\/\/www.europesays.com\/pl\/wp-json\/wp\/v2\/media?parent=305661"}],"wp:term":[{"taxonomy":"category","embeddable":true,"href":"https:\/\/www.europesays.com\/pl\/wp-json\/wp\/v2\/categories?post=305661"},{"taxonomy":"post_tag","embeddable":true,"href":"https:\/\/www.europesays.com\/pl\/wp-json\/wp\/v2\/tags?post=305661"}],"curies":[{"name":"wp","href":"https:\/\/api.w.org\/{rel}","templated":true}]}}