{"id":305808,"date":"2026-03-14T20:27:22","date_gmt":"2026-03-14T20:27:22","guid":{"rendered":"https:\/\/www.europesays.com\/pl\/305808\/"},"modified":"2026-03-14T20:27:22","modified_gmt":"2026-03-14T20:27:22","slug":"izabela-macudzinska-wprost-o-karierze-corki-byla-na-to-skazana","status":"publish","type":"post","link":"https:\/\/www.europesays.com\/pl\/305808\/","title":{"rendered":"Izabela Macudzi\u0144ska wprost o karierze c\u00f3rki. &#8222;By\u0142a na to skazana&#8221;"},"content":{"rendered":"<p class=\"Paragraph_desktopParagraph__U31Gm\"><a href=\"https:\/\/plejada.pl\/temat\/izabela-macudzinska\/rzvtq0r\" id=\"2f47f2d6-7a70-4145-80c6-18e0e8e0aa5c\" rel=\"nofollow noopener\" target=\"_blank\">Izabela Macudzi\u0144ska<\/a>, znana szerokiej publiczno\u015bci z program\u00f3w &#8222;Kr\u00f3lowe \u017cycia&#8221; oraz &#8222;Diabelnie boskie&#8221; prywatnie jest mam\u0105 17-letniej Elizy, kt\u00f3ra mimo m\u0142odego wieku, ju\u017c zd\u0105\u017cy\u0142a zbudowa\u0107 poka\u017an\u0105 spo\u0142eczno\u015b\u0107 obserwuj\u0105cych na Instagramie. Nastolatka regularnie dzieli si\u0119 nagraniami z codziennego \u017cycia, a ostatnio tak\u017ce z wymarzonych wakacji.<\/p>\n<p>C\u00f3rka Izabeli Macudzi\u0144skiej robi zawrotn\u0105 karier\u0119. Mama mia\u0142a dla niej rady <\/p>\n<p class=\"Paragraph_desktopParagraph__U31Gm\">Eliza Macudzi\u0144ska z przytupem wesz\u0142a w \u015bwiat show-biznesu. Coraz cz\u0119\u015bciej pojawia si\u0119 na bran\u017cowych eventach i dumnie rozwija si\u0119 jako influencerka. Jej profil na Instagramie \u015bledzi ponad 400 tys. internaut\u00f3w.<\/p>\n<p class=\"Paragraph_desktopParagraph__U31Gm\">Izabela Macudzi\u0144ska w rozmowie z Plejad\u0105 nie ukrywa, \u017ce jej c\u00f3rka od dziecka by\u0142a przygotowywana do \u015bwiata show-biznesu. Do telewizji wesz\u0142a, maj\u0105c zaledwie 8 lat. Mimo wszystko wci\u0105\u017c mo\u017ce liczy\u0107 na dobre rady swojej mamy.<\/p>\n<ul class=\"OchatFollowUps_wrapper__1ry7X\">\n<li class=\"OchatFollowUps_item__Dhyly OchatFollowUps_itemDesktop__R6aBv\">Jak\u0105 karier\u0119 rozwija c\u00f3rka Izabeli Macudzi\u0144skiej?<\/li>\n<li class=\"OchatFollowUps_item__Dhyly OchatFollowUps_itemDesktop__R6aBv\">Ile lat ma Eliza Macudzi\u0144ska?<\/li>\n<li class=\"OchatFollowUps_item__Dhyly OchatFollowUps_itemDesktop__R6aBv\">Jakie rady daje Izabela Macudzi\u0144ska swojej c\u00f3rce?<\/li>\n<li class=\"OchatFollowUps_item__Dhyly OchatFollowUps_itemDesktop__R6aBv\">Dlaczego Eliza nie martwi si\u0119 hejtem?<\/li>\n<\/ul>\n<p class=\"Paragraph_desktopParagraph__U31Gm\">\u2014 Elizka ju\u017c tak naprawd\u0119 od dziecka by\u0142a przygotowywana, bo mia\u0142a 8 lat, jak wesz\u0142a w ten \u015bwiat telewizji, medi\u00f3w i wszystkiego. Od dziecka by\u0142a na to skazana. Pocz\u0105tki, gdzie by\u0142a tak\u0105 nastolatk\u0105, mia\u0142a 13-14 lat, by\u0142y gorsze, ni\u017c teraz. Teraz ju\u017c jest okej i ma wszystko pouk\u0142adane w g\u0142owie \u2014 t\u0142umaczy.<\/p>\n<blockquote>\n<p class=\"Paragraph_desktopParagraph__U31Gm\">Elizka wie o tym, \u017ceby si\u0119 nie przejmowa\u0107 hejtem, bo prawda jest taka, \u017ce ten hejt musi by\u0107. On te\u017c powoduje, \u017ce jeste\u015bmy te\u017c na topie. Ale nie ma co si\u0119 przejmowa\u0107 lud\u017ami, kt\u00f3rzy tak naprawd\u0119 nic jej w \u017cyciu nie daj\u0105. M\u00f3wi\u0119 jej: &#8222;My\u015bl pozytywnie, brnij do przodu. Masz cudownych ludzi wok\u00f3\u0142 i nie bierz do siebie tego, co inni m\u00f3wi\u0105, je\u017celi m\u00f3wi\u0105 \u017ale<\/p>\n<\/blockquote>\n<p class=\"Paragraph_desktopParagraph__U31Gm\">\u2014 podsumowuje.<\/p>\n<p class=\"Paragraph_desktopParagraph__U31Gm\">Dzi\u0119kujemy, \u017ce przeczyta\u0142a\u015b\/e\u015b nasz artyku\u0142 do ko\u0144ca. W serwisie Plejada.pl ka\u017cdego dnia piszemy o najwa\u017cniejszych wydarzeniach show-biznesowych. B\u0105d\u017a na bie\u017c\u0105co!<a rel=\"nofollow noopener\" href=\"https:\/\/profile.google.com\/cp\/Cg0vZy8xMWJ6X19wdHBx\" id=\"e3c8f528-6e16-4c30-be62-fa8439a0da39\" target=\"_blank\"> Obserwuj<\/a> Plejad\u0119 w Google. Odwied\u017a nas tak\u017ce na<a rel=\"nofollow noopener\" href=\"https:\/\/www.facebook.com\/plejadapl\" id=\"3d2391f7-be4d-45fd-84b9-d4e779cad305\" target=\"_blank\"> Facebooku<\/a>,<a rel=\"nofollow noopener\" href=\"https:\/\/www.instagram.com\/plejadapl\/\" id=\"a54b2c6f-d03d-4703-8b17-6bdbfb022b18\" target=\"_blank\"> Instagramie<\/a>,<a rel=\"nofollow noopener\" href=\"https:\/\/www.youtube.com\/c\/plejada\" id=\"797a1b06-8c1e-4e03-a345-b7d2820fae52\" target=\"_blank\"> YouTubie<\/a> oraz<a rel=\"nofollow noopener\" href=\"https:\/\/www.tiktok.com\/@plejada_pl\" id=\"93e3fe58-cba2-4090-9adb-d8f3238906a3\" target=\"_blank\"> TikToku<\/a>.<\/p>\n<p class=\"Paragraph_desktopParagraph__U31Gm\">Chcesz podzieli\u0107 si\u0119 ciekawym newsem lub zaproponowa\u0107 temat? Skontaktuj si\u0119 z nami, pisz\u0105c maila na adres: <a href=\"https:\/\/www.onet.pl\/styl-zycia\/plejada\/izabela-macudzinska-wprost-o-karierze-corki-byla-na-to-skazana\/mailto:plejada@redakcjaonet.pl\" id=\"bb08a2e4-8b2b-4355-bb02-e9f740395fe2\" rel=\"nofollow noopener\" target=\"_blank\">plejada@redakcjaonet.pl<\/a>.<\/p>\n<p><script async src=\"\/\/www.instagram.com\/embed.js\"><\/script><script async src=\"\/\/www.tiktok.com\/embed.js\"><\/script><\/p>\n","protected":false},"excerpt":{"rendered":"Izabela Macudzi\u0144ska, znana szerokiej publiczno\u015bci z program\u00f3w &#8222;Kr\u00f3lowe \u017cycia&#8221; oraz &#8222;Diabelnie boskie&#8221; prywatnie jest mam\u0105 17-letniej Elizy, kt\u00f3ra&hellip;\n","protected":false},"author":2,"featured_media":305809,"comment_status":"","ping_status":"","sticky":false,"template":"","format":"standard","meta":{"footnotes":"","_share_on_mastodon":"0"},"categories":[22],"tags":[245,122,4328,37992,53,52,68,51,55,42,38,40,39,41,123,47,196,341,338,65,50,4578],"class_list":["post-305808","post","type-post","status-publish","format-standard","has-post-thumbnail","category-rozrywka","tag-dziecko_dzieci_dziecinstwo","tag-entertainment","tag-influencerzy","tag-izabela_macudzinska","tag-new_header","tag-onet3","tag-onet3d","tag-onet3d_2i","tag-phx","tag-pl","tag-poland","tag-polish","tag-polska","tag-polski","tag-rozrywka","tag-screening_general","tag-styl_zycia","tag-tylko_w_onecie","tag-tylko_w_plejadzie","tag-update_me","tag-v2021","tag-video_article"],"share_on_mastodon":{"url":"https:\/\/pubeurope.com\/@pl\/116229416063503728","error":""},"_links":{"self":[{"href":"https:\/\/www.europesays.com\/pl\/wp-json\/wp\/v2\/posts\/305808","targetHints":{"allow":["GET"]}}],"collection":[{"href":"https:\/\/www.europesays.com\/pl\/wp-json\/wp\/v2\/posts"}],"about":[{"href":"https:\/\/www.europesays.com\/pl\/wp-json\/wp\/v2\/types\/post"}],"author":[{"embeddable":true,"href":"https:\/\/www.europesays.com\/pl\/wp-json\/wp\/v2\/users\/2"}],"replies":[{"embeddable":true,"href":"https:\/\/www.europesays.com\/pl\/wp-json\/wp\/v2\/comments?post=305808"}],"version-history":[{"count":0,"href":"https:\/\/www.europesays.com\/pl\/wp-json\/wp\/v2\/posts\/305808\/revisions"}],"wp:featuredmedia":[{"embeddable":true,"href":"https:\/\/www.europesays.com\/pl\/wp-json\/wp\/v2\/media\/305809"}],"wp:attachment":[{"href":"https:\/\/www.europesays.com\/pl\/wp-json\/wp\/v2\/media?parent=305808"}],"wp:term":[{"taxonomy":"category","embeddable":true,"href":"https:\/\/www.europesays.com\/pl\/wp-json\/wp\/v2\/categories?post=305808"},{"taxonomy":"post_tag","embeddable":true,"href":"https:\/\/www.europesays.com\/pl\/wp-json\/wp\/v2\/tags?post=305808"}],"curies":[{"name":"wp","href":"https:\/\/api.w.org\/{rel}","templated":true}]}}