{"id":306147,"date":"2026-03-15T02:57:17","date_gmt":"2026-03-15T02:57:17","guid":{"rendered":"https:\/\/www.europesays.com\/pl\/306147\/"},"modified":"2026-03-15T02:57:17","modified_gmt":"2026-03-15T02:57:17","slug":"anna-jantar-zginela-tragicznie-46-lat-temu-natalia-kukulska-wzruszajaco-wspomina-mame-plejada","status":"publish","type":"post","link":"https:\/\/www.europesays.com\/pl\/306147\/","title":{"rendered":"Anna Jantar zgin\u0119\u0142a tragicznie 46 lat temu. Natalia Kukulska wzruszaj\u0105co wspomina mam\u0119 &#8211; Plejada"},"content":{"rendered":"<ol>\n<li><a href=\"https:\/\/news.google.com\/rss\/articles\/CBMiqwFBVV95cUxOM3BxRncyS05heG5BLU9vcTFFaVFnZXl2Q2dlVlROd1VzZTRidDFmRHNUQlp3UXAzS0c2dE5pSUhBZFZNaUxyZUViU280eHhidkd3bTZ2WmE1TGk3aHVMSVBBeW5ZcE1qY3RlMUNIYzYwb0JTRDlhVS1aYU5udDR1Z1dfeWVrZ21KNExHZlZiUmRsWjh1a3VrajNHVkljdWJndldQVUhiUzM3Yzg?oc=5\" target=\"_blank\" rel=\"nofollow noopener\">Anna Jantar zgin\u0119\u0142a tragicznie 46 lat temu. Natalia Kukulska wzruszaj\u0105co wspomina mam\u0119<\/a>&nbsp;&nbsp;Plejada<\/li>\n<li><a href=\"https:\/\/news.google.com\/rss\/articles\/CBMitwFBVV95cUxNYkd2dmZSMXYwNlhRNThZVTVfdFRLYUE5NTdMcFRqeXZ6Y1dWVXhLcFk4eU95bk9ERmUzaFVFZTU4NkNadHVFZmVXZHBxM1dlNGUxc1hDRU9Zd193eTNuVkpWRnVXd0g1WnRCQkN2d2JOUGJWcXp1WVJfZDNwdnlPOTVmNFBzQnV5b3doaFJBbVh2TWZ5c3poMktiaGRKdHR3Z3kxSi1JVktsMkhNT093SjdBTmFfNFk?oc=5\" target=\"_blank\" rel=\"nofollow noopener\">&#8222;Wyrwano 15 stron akt&#8221;. Tak w\u0142adze ukrywa\u0142y przyczyny \u015bmierci Anny Jantar<\/a>&nbsp;&nbsp;Przegl\u0105d Sportowy<\/li>\n<li><a href=\"https:\/\/news.google.com\/rss\/articles\/CBMinwFBVV95cUxPZTR6T083TWNvOGlIcUtIbU5PeWhNelNMX3gzREFfZmJ5a3F1NHpVRVZLcUVtWEcyY2tCZXFlbTQxSnBwMVRIRW1MSi16dTV6X01LSFJDYWhWYU1jNUk5NGdOZmVtdzd2U29mbzc4SThQbVloYWxJdFhXaFRvaWQzRG16bWZpZ2RCTHhjNGQzSHJuS2VxdUxvUGZuTGwxRGc?oc=5\" target=\"_blank\" rel=\"nofollow noopener\">Mia\u0142a ten list w chwili katastrofy. Trzyma\u0142a w zaci\u015bni\u0119tej d\u0142oni<\/a>&nbsp;&nbsp;WP Kobieta<\/li>\n<li><a href=\"https:\/\/news.google.com\/rss\/articles\/CBMiqAFBVV95cUxPTW00OWRPazB2djgwNVhZNHNNYjdSN3gzLTFkbVRPWkVoWDRmLWJ0dHpKWUZiUS1IT3lsWG9wNFRIYVZ4RUpMM20wU00ycHJJVkJIQkwtRV9raDdTSnBiYUdlUkxlci10Y1BOelJKRWJXUzFIbnVzckhWMEhsSEctaUdjWWNKMXltUnZsMk8wSWpIU09HWWZqc3ZRNEJFYUZMRWNySXZsR1Q?oc=5\" target=\"_blank\" rel=\"nofollow noopener\">Ostatni lot &#8222;Miko\u0142aja Kopernika\u201d. 87 os\u00f3b nie wr\u00f3ci\u0142o do domu<\/a>&nbsp;&nbsp;o2<\/li>\n<li><a href=\"https:\/\/news.google.com\/rss\/articles\/CBMiqwFBVV95cUxPd3NDX0pzMkdQelJCVm5EUFo1Q0FGOEE4Y3A3TnJuWkNLNHRlczVzSEt4VS1xZHRiZkVrdUtMcmdyWmFBVXRqa0hEY0hqQ2pySXQ4b2lSOVg4UXRPaVNjeTlVU3pjSXJtTzVjbWZIcmxZcGxGVGRlbWJydmFLdDFvLWFUZGtObEpSS1MzdmZSbjBYTnVZc3VCa19NTzhqUHBXMG9xWU1Qc0ZXM3M?oc=5\" target=\"_blank\" rel=\"nofollow noopener\">&#8222;Tyle s\u0142o\u0144ca w ca\u0142ym mie\u015bcie&#8221;. Jak \u017cy\u0142a i zgin\u0119\u0142a Anna Jantar?<\/a>&nbsp;&nbsp;Fakt<\/li>\n<\/ol>\n","protected":false},"excerpt":{"rendered":"Anna Jantar zgin\u0119\u0142a tragicznie 46 lat temu. Natalia Kukulska wzruszaj\u0105co wspomina mam\u0119&nbsp;&nbsp;Plejada &#8222;Wyrwano 15 stron akt&#8221;. Tak w\u0142adze&hellip;\n","protected":false},"author":2,"featured_media":306148,"comment_status":"","ping_status":"","sticky":false,"template":"","format":"standard","meta":{"footnotes":"","_share_on_mastodon":"0"},"categories":[5],"tags":[47465,32,33,36,37,27,47466,34,35,28,31,48,21618,25,125,46,42,38,40,39,41,47,29,30,26],"class_list":["post-306147","post","type-post","status-publish","format-standard","has-post-thumbnail","category-naglowki","tag-anna_jantar","tag-breaking-news","tag-breakingnews","tag-featured-news","tag-featurednews","tag-headlines","tag-jaroslaw_kukulski","tag-latest-news","tag-latestnews","tag-naglowki","tag-najwazniejsze-artykuly","tag-nat_styl","tag-natalia_kukulska","tag-news","tag-newsy","tag-omp","tag-pl","tag-poland","tag-polish","tag-polska","tag-polski","tag-screening_general","tag-top-stories","tag-topstories","tag-wiadomosci"],"share_on_mastodon":{"url":"https:\/\/pubeurope.com\/@pl\/116230949657336347","error":""},"_links":{"self":[{"href":"https:\/\/www.europesays.com\/pl\/wp-json\/wp\/v2\/posts\/306147","targetHints":{"allow":["GET"]}}],"collection":[{"href":"https:\/\/www.europesays.com\/pl\/wp-json\/wp\/v2\/posts"}],"about":[{"href":"https:\/\/www.europesays.com\/pl\/wp-json\/wp\/v2\/types\/post"}],"author":[{"embeddable":true,"href":"https:\/\/www.europesays.com\/pl\/wp-json\/wp\/v2\/users\/2"}],"replies":[{"embeddable":true,"href":"https:\/\/www.europesays.com\/pl\/wp-json\/wp\/v2\/comments?post=306147"}],"version-history":[{"count":0,"href":"https:\/\/www.europesays.com\/pl\/wp-json\/wp\/v2\/posts\/306147\/revisions"}],"wp:featuredmedia":[{"embeddable":true,"href":"https:\/\/www.europesays.com\/pl\/wp-json\/wp\/v2\/media\/306148"}],"wp:attachment":[{"href":"https:\/\/www.europesays.com\/pl\/wp-json\/wp\/v2\/media?parent=306147"}],"wp:term":[{"taxonomy":"category","embeddable":true,"href":"https:\/\/www.europesays.com\/pl\/wp-json\/wp\/v2\/categories?post=306147"},{"taxonomy":"post_tag","embeddable":true,"href":"https:\/\/www.europesays.com\/pl\/wp-json\/wp\/v2\/tags?post=306147"}],"curies":[{"name":"wp","href":"https:\/\/api.w.org\/{rel}","templated":true}]}}