{"id":306489,"date":"2026-03-15T08:30:31","date_gmt":"2026-03-15T08:30:31","guid":{"rendered":"https:\/\/www.europesays.com\/pl\/306489\/"},"modified":"2026-03-15T08:30:31","modified_gmt":"2026-03-15T08:30:31","slug":"test-sportequipe-6-gt-staralem-sie-szukac-plusow-ale-auto-nie-mialo-litosci","status":"publish","type":"post","link":"https:\/\/www.europesays.com\/pl\/306489\/","title":{"rendered":"Test Sportequipe 6 GT. Stara\u0142em si\u0119 szuka\u0107 plus\u00f3w, ale auto nie mia\u0142o lito\u015bci"},"content":{"rendered":"\n<ul class=\"ods-m-bullet-list\">\n<li class=\"ods-a-bullet ods-a-bullet--normal\"> Samoch\u00f3d zosta\u0142 u\u017cyczony do testu przez importera, a po te\u015bcie zwr\u00f3cony <\/li>\n<\/ul>\n<p>Nazwa Sportequipe prawdopodobnie nic nie m\u00f3wi wi\u0119kszo\u015bci os\u00f3b. Jest to bowiem bardzo \u015bwie\u017ca marka w Polsce, kt\u00f3ra pochodzi z W\u0142och i nale\u017cy do producenta DR Automobiles. Samoch\u00f3d jednak nie jest do ko\u0144ca w\u0142oski, a jedynie montowany we W\u0142oszech. Pierwotnie jest to chi\u0144ski Jetour Dashing. W\u0142osi robi\u0105 wi\u0119c obecnie co\u015b, co lata temu robili\u015bmy z niekt\u00f3rymi Fiatami w PRL, wprowadzaj\u0105c tylko kilka zmian.<\/p>\n<p> Dalszy ci\u0105g artyku\u0142u pod materia\u0142em wideo Jak wygl\u0105da Sportequipe 6 GT?<\/p>\n<p>Sportequipe 6 GT wygl\u0105da nieco inaczej ni\u017c Jetour, co wynika z przeprojektowania przedniego zderzaka i bardzo \u0142adnego, butelkowego koloru. R\u00f3\u017cnic\u0119 wida\u0107 tak\u017ce oczywi\u015bcie w znaczkach. M\u00f3wimy wi\u0119c o lekkich modyfikacjach stylistycznych. Technicznie r\u00f3\u017cnice s\u0105 bardzo niewielkie \u2014 Sportequipe wyst\u0119puje z fabrycznym (w\u0142oskim) LPG. Tego chi\u0144ska wersja nie oferuje.<\/p>\n<p>Auto prezentuje si\u0119 do\u015b\u0107 agresywnie i sportowo, ma ostro zarysowane linie oraz ciekawie poprowadzone tylne \u015bwiat\u0142a. Sportequipe 6 GT wed\u0142ug mojej opinii nie jest kolejnym generycznym Chi\u0144czykiem \u2014 mo\u017ce si\u0119 podoba\u0107. Samoch\u00f3d ma 4590 mm d\u0142ugo\u015bci, 1900 mm szeroko\u015bci i 1685 mm wysoko\u015bci, a rozstaw osi to 2720 mm. Auto plasuje si\u0119 wi\u0119c w segmencie Volkswagena Tiguana, Kii Sportage czy Hyundaia Tucsona. To du\u017cy rodzinny SUV.<\/p>\n<p> Jakie wymiary ma Sportequipe 6 GT? <\/p>\n<p> Jakie silniki s\u0105 dost\u0119pne w Sportequipe 6 GT? <\/p>\n<p> Ile kosztuje Sportequipe 6 GT? <\/p>\n<p> Jak\u0105 pojemno\u015b\u0107 ma baga\u017cnik w Sportequipe 6 GT? <\/p>\n<p>       Czy Sportequipe 6 GT jest wygodny?<\/p>\n<p>To zdecydowanie czu\u0107 we wn\u0119trzu. Przestrzeni jest tutaj naprawd\u0119 du\u017co, zar\u00f3wno z przodu, jak i z ty\u0142u. Jest tak\u017ce kilka schowk\u00f3w, wyflokowane oraz ch\u0142odzone miejsce na telefon z \u0142adowark\u0105, oraz uchwyty na napoje. Materia\u0142y wyko\u0144czeniowe jednak nie s\u0105 najlepsze. Oczywi\u015bcie, jest sztuczna sk\u00f3ra, a sporo element\u00f3w zosta\u0142o wyko\u0144czonych mi\u0119kkim materia\u0142em, ale twardych fragment\u00f3w jest tak\u017ce du\u017co. Problem polega na tym, \u017ce jako\u015b\u0107 tych materia\u0142\u00f3w pozostawia wiele do \u017cyczenia. Wygl\u0105daj\u0105 one jak w samochodzie u\u017cywanym.<\/p>\n<p>Pozycja za kierownic\u0105 r\u00f3wnie\u017c nie by\u0142a dla mnie idealna. Siedzi si\u0119 wysoko, dla mnie by\u0142o za wysoko. Og\u00f3lnie zakres regulacji nie by\u0142 imponuj\u0105cy, ale w ko\u0144cu uda\u0142o mi si\u0119 znale\u017a\u0107 do\u015b\u0107 optymaln\u0105 pozycj\u0119, pomijaj\u0105c fakt, \u017ce kierownica by\u0142a dla mnie umieszczona zbyt nisko. Fotel jest nieco za ma\u0142y, ale to akurat cecha wsp\u00f3lna dla wi\u0119kszo\u015bci aut z Azji. Wspomn\u0119 przy okazji te\u017c, \u017ce regulacja lusterek odbywa si\u0119 przy pomocy \u015brodkowego ekranu i k\u00f3\u0142ka na kierownicy. Je\u015bli wi\u0119c zapomnisz to zrobi\u0107 przed ruszeniem \u2014 powodzenia. To cecha wielu samochod\u00f3w, w kt\u00f3rych producent zbyt ochoczo zacz\u0105\u0142 oszcz\u0119dza\u0107 na przyciskach.<\/p>\n<p>Mimo wszystko wn\u0119trze stara si\u0119, jak mo\u017ce, aby czas sp\u0119dzony w nim przebiega\u0142 przyjemnie. Na szczycie deski rozdzielczej znajduje si\u0119 dodatkowa wysepka, kt\u00f3ra mo\u017ce \u015bwieci\u0107 na r\u00f3\u017cne kolory i np. miga\u0107 jak kierunkowskaz, gdy ten jest uruchomiony. Mo\u017ce te\u017c \u015bwieci\u0107 na czerwono w sytuacjach niebezpiecznych. Szkoda tylko, \u017ce jednym z zagro\u017ce\u0144 jest&#8230; przekroczone st\u0119\u017cenie py\u0142\u00f3w zawieszonych wok\u00f3\u0142 pojazdu. Tak, auto ma taki czujnik i na bie\u017c\u0105co pokazuje, ile py\u0142\u00f3w jest na zewn\u0105trz. Ekran tej funkcji zosta\u0142 umieszczony na drzwiach, wi\u0119c podczas jazdy trudno go dojrze\u0107. Nie mam pretensji, \u017ce auto ostrzega przed z\u0142ym poziomem powietrza, ale podczas jazdy czerwony kolor potrafi zdekoncentrowa\u0107 kierowc\u0119, kt\u00f3ry szuka przyczyny problemu i my\u015bli, \u017ce dzieje si\u0119 co\u015b z samochodem tu i teraz.<\/p>\n<p>     Czy Sportequipe 6 GT jest nowoczesny?<\/p>\n<p>Przed kierowc\u0105 umieszczony jest niewielki ekran przypominaj\u0105cy te z lat 90. Moim kolegom w redakcji nie przypad\u0142 on do gustu, ja go polubi\u0142em \u2014 by\u0107 mo\u017ce dlatego, \u017ce lubi\u0119 retro. Jest czytelny i pokazuje najwa\u017cniejsze informacje o samochodzie. Nie jest to jednak typowy wy\u015bwietlacz, zatem o pokazywaniu ogranicze\u0144 pr\u0119dko\u015bci mo\u017cna zapomnie\u0107. Na \u015brodkowym ekranie o przek\u0105tnej 15,6 cala tak\u017ce tego nie u\u015bwiadczymy, bo takiej funkcji po prostu nie ma.<\/p>\n<p>Sportequipe 6 GT nie jest wyposa\u017cony w wymagane homologacj\u0105 systemy ADAS, zatem nie ma r\u00f3wnie\u017c eCall. Testowy model nie mia\u0142 tak\u017ce obs\u0142ugi Android Auto i Apple CarPlay (producent na stronie informuje, \u017ce obs\u0142uga tych aplikacji jest), a multimedia dzia\u0142aj\u0105 wolno. Maj\u0105 niewiele funkcji, a samo menu wygl\u0105da typowo dla aut z Pa\u0144stwa \u015arodka. Niestety, system cz\u0119sto si\u0119 przycina\u0142 i d\u0142ugo &#8222;my\u015bla\u0142&#8221;. Klimatyzacja tak\u017ce dzia\u0142a\u0142a dziwnie \u2014 aby by\u0142o komfortowo, lepiej by\u0142o ustawi\u0107 24\u201325 st. C, by osi\u0105gn\u0105\u0107 poziom r\u00f3wny 21 st. w autach europejskich. Na os\u0142od\u0119, kamery by\u0142y dobrej jako\u015bci.<\/p>\n<p>Auto nie mia\u0142o wi\u0119c wielu przydatnych funkcji, ale na przyk\u0142ad mo\u017cna by\u0142o ustawi\u0107 sobie&#8230; d\u017awi\u0119k powitalny przy otwarciu drzwi (mo\u017cna go te\u017c ca\u0142kowicie wy\u0142\u0105czy\u0107). Jest naprawd\u0119 g\u0142o\u015bny i na parkingu raczej sprawi, \u017ce nie b\u0119dziesz chcia\u0142 si\u0119 przyzna\u0107, \u017ce to twoje auto. A propos otwierania \u2014 czujnik zbli\u017ceniowy znajduje si\u0119 tylko w klamce kierowcy. Auto jednak potrafi te\u017c otworzy\u0107 si\u0119, gdy do niego podchodzimy.<\/p>\n<p>     Czy Sportequipe 6 GT ma du\u017co miejsca z ty\u0142u?<\/p>\n<p>Przejd\u017amy do najlepszej cz\u0119\u015bci wn\u0119trza, czyli do drugiego rz\u0119du. Tutaj mamy mn\u00f3stwo miejsca na nogi i g\u0142ow\u0119. Jest pod\u0142okietnik, p\u0142aska pod\u0142oga, jedno gniazdo USB, a nawet regulowane oparcie. Pod\u0142oga jest do\u015b\u0107 wysoko wzgl\u0119dem kanapy, ale za drugi rz\u0105d siedze\u0144 przyznaj\u0119 plusa. Tu mo\u017cna jecha\u0107 na d\u0142u\u017csze trasy.<\/p>\n<p>Jaki baga\u017cnik ma Sportequipe 6 GT?<\/p>\n<p>Pojemno\u015b\u0107 baga\u017cnika nie robi du\u017cego wra\u017cenia. Ma on 486 l, a po roz\u0142o\u017ceniu foteli do dyspozycji jest 977 l. Dodatkowo butla gazowa o pojemno\u015bci 83 l, kt\u00f3ra zosta\u0142a umieszczona we wn\u0119ce, wystaje ponad lini\u0119 oryginalnej pod\u0142ogi, przez co powstaje niewielka szpara. Nie jest to mo\u017ce du\u017cy problem, ale drewniana pod\u0142oga, kt\u00f3ra nie jest doci\u0119ta idealnie na wymiar, potrafi przesuwa\u0107 si\u0119 po butli. Na pierwszy rzut oka tego nie wida\u0107, poniewa\u017c wyk\u0142adzina przyklejona do drewna jest wi\u0119ksza i doci\u0119ta pod wymiar baga\u017cnika. Tak to nie powinno wygl\u0105da\u0107. Co wi\u0119cej, klapa baga\u017cnika otwiera si\u0119 nisko, jak na europejskie standardy i wzrost typowej osoby z tego regionu \u015bwiata. S\u0105 za to haczyki, wn\u0119ki, siatki oraz niez\u0142e o\u015bwietlenie.<\/p>\n<p> <img decoding=\"async\" src=\"https:\/\/www.europesays.com\/pl\/wp-content\/uploads\/2026\/03\/6dEk9lBaHR0cHM6Ly9vY2RuLmV1L3B1bHNjbXMvTURBXy9kNDA0MWI5MDQ0ZmI0M2E1NTMyYzJjZjlmNzk2NTUzYi5qcGeRlQLNB.jpeg\" height=\"627\" width=\"940\" alt=\"2026 Sportequipe 6 GT\" loading=\"lazy\" class=\"ods-c-image__img ods-c-image__img--viewport-width\"\/> <\/p>\n<p>2026 Sportequipe 6 GT\u0179r\u00f3d\u0142o: Auto \u015awiat \/ Mateusz Pokorzy\u0144ski<\/p>\n<p>  <img decoding=\"async\" src=\"https:\/\/www.europesays.com\/pl\/wp-content\/uploads\/2026\/03\/iU4k9lBaHR0cHM6Ly9vY2RuLmV1L3B1bHNjbXMvTURBXy9lMDU4MmZmYmIwNWQzYzhmOGQxYmY0ZmIyMDU0MWQ0NC5qcGeRlQLNB.jpeg\" height=\"627\" width=\"940\" alt=\"2026 Sportequipe 6 GT\" loading=\"lazy\" class=\"ods-c-image__img ods-c-image__img--viewport-width\"\/> <\/p>\n<p>2026 Sportequipe 6 GT\u0179r\u00f3d\u0142o: Auto \u015awiat \/ Mateusz Pokorzy\u0144ski<\/p>\n<p>  <img decoding=\"async\" src=\"https:\/\/www.europesays.com\/pl\/wp-content\/uploads\/2026\/03\/Ih1k9lBaHR0cHM6Ly9vY2RuLmV1L3B1bHNjbXMvTURBXy85ZDFkNzMzZjQwMmU5NGRlYmVjZGYwNTQzMGQ5YzJmZi5qcGeRlQLNB.jpeg\" height=\"627\" width=\"940\" alt=\"2026 Sportequipe 6 GT\" loading=\"lazy\" class=\"ods-c-image__img ods-c-image__img--viewport-width\"\/> <\/p>\n<p>2026 Sportequipe 6 GT\u0179r\u00f3d\u0142o: Auto \u015awiat \/ Mateusz Pokorzy\u0144ski<\/p>\n<p> Jaki silnik ma Sportequipe 6 GT?<\/p>\n<p>Pod mask\u0105 Sportequipe 6 GT pracuje silnik 1.6 T-GDI o mocy 186 KM i momencie obrotowym wynosz\u0105cym 290 Nm. Przy zasilaniu LPG osi\u0105gi wynosz\u0105 odpowiednio 178 KM i 268 Nm. Producent podaje, \u017ce pr\u0119dko\u015b\u0107 maksymalna tego auta to 200 km na godz. Co ciekawe, w danych Jetoura Dashinga mo\u017cemy znale\u017a\u0107 informacj\u0119, \u017ce pr\u0119dko\u015b\u0107 maksymalna wynosi 180 km na godz. Nieznany jest natomiast czas sprintu do 100 km na godz. Jednostka nap\u0119dowa po\u0142\u0105czona jest z siedmiobiegow\u0105 dwusprz\u0119g\u0142ow\u0105 skrzyni\u0105 i do wsp\u00f3\u0142pracy tych dw\u00f3ch podzespo\u0142\u00f3w mam sporo zastrze\u017ce\u0144.<\/p>\n<p>     To dla mnie najgorsza cecha Sportequipe 6 GT<\/p>\n<p>Samochody pochodzenia chi\u0144skiego og\u00f3lnie maj\u0105 problem z reakcj\u0105 na gaz i dzia\u0142aniem skrzyni bieg\u00f3w, ale w Sportequipe problem ten by\u0142 bardzo m\u0119cz\u0105cy. Przede wszystkim automatyka nie wie, kiedy wysprz\u0119gla\u0107. Delikatne dodanie gazu powoduje podnoszenie obrot\u00f3w, ale bardzo powolne ruszanie (wysprz\u0119glanie trwa bardzo d\u0142ugo), natomiast mocniejsze wci\u015bni\u0119cie powoduje gwa\u0142towne ruszenie do przodu. Trudno jest znale\u017a\u0107 z\u0142oty \u015brodek, a w zasadzie jest to niemal niemo\u017cliwe, poniewa\u017c mam wra\u017cenie, \u017ce nie ma jednego punktu \u2014 zawsze ten moment p\u0142ynnego ruszania jest gdzie\u015b indziej.<\/p>\n<p>Cho\u0107 do irytuj\u0105cej charakterystyki nap\u0119du mo\u017cna z czasem przywykn\u0105\u0107, prawdziwy problem pojawia si\u0119 podczas parkowania. Niestety, takie nier\u00f3wnomierne ruszanie powoduje, \u017ce bardzo \u0142atwo jest przesadzi\u0107 i uderzy\u0107 w inny samoch\u00f3d. Szczeg\u00f3lnie ryzykowne okazuje si\u0119 ciasne parkowanie r\u00f3wnoleg\u0142e. Przyznam szczerze: to pierwszy samoch\u00f3d, w kt\u00f3rym czu\u0142em realny dyskomfort podczas manewrowania w w\u0105skich lukach. Tak by\u0107 nie powinno. Znacznie bardziej wola\u0142bym tutaj skrzyni\u0119 manualn\u0105.<\/p>\n<p>To jednak nie wszystko. Podczas jazdy, gdy pu\u015bcimy peda\u0142 gazu i zn\u00f3w go naciskamy, silnik dodaje obrot\u00f3w, a potem je redukuje, tak jakby przez sekund\u0119 sprz\u0119g\u0142a si\u0119 \u015blizga\u0142y. Po pierwsze, czasem powoduje to szarpni\u0119cie i przyspieszanie trwa d\u0142u\u017cej, a po drugie mo\u017ce zwiastowa\u0107 kr\u00f3tsz\u0105 \u017cywotno\u015b\u0107 sprz\u0119gie\u0142 tej przek\u0142adni. Swoj\u0105 drog\u0105, zachowanie tej skrzyni bardziej przypomina dzia\u0142anie klasycznego hydrokinetyka. Taka charakterystyka wyst\u0119puje zar\u00f3wno na LPG, jak i przy zasilaniu benzyn\u0105.<\/p>\n<p> <img decoding=\"async\" src=\"https:\/\/www.europesays.com\/pl\/wp-content\/uploads\/2026\/03\/bYuk9lBaHR0cHM6Ly9vY2RuLmV1L3B1bHNjbXMvTURBXy8zYWIzOWI0M2M4MjQ3ZWQxYzZjOTU5ZjE4ZmJhMjg2Ni5qcGeRlQLNB.jpeg\" height=\"627\" width=\"940\" alt=\"2026 Sportequipe 6 GT\" loading=\"lazy\" class=\"ods-c-image__img ods-c-image__img--viewport-width\"\/> <\/p>\n<p>2026 Sportequipe 6 GT\u0179r\u00f3d\u0142o: Auto \u015awiat \/ Mateusz Pokorzy\u0144ski<\/p>\n<p> Czy Sportequipe 6 GT jest szybki?<\/p>\n<p>Pod wzgl\u0119dem dynamiki Sportequipe 6 GT r\u00f3wnie\u017c nie jest demonem pr\u0119dko\u015bci. Samoch\u00f3d przyspiesza po prostu wystarczaj\u0105co \u017cwawo. W po\u0142\u0105czeniu z niezdecydowan\u0105 prac\u0105 skrzyni bieg\u00f3w zmusza to kierowc\u0119 do wcze\u015bniejszego planowania manewr\u00f3w. Cho\u0107 samo wyprzedzanie przebiega sprawnie, pojazd potrzebuje chwili na &#8222;przygotowanie si\u0119&#8221; do reakcji, co opisa\u0142em ju\u017c wcze\u015bniej.<\/p>\n<p>Ile pali Sportequipe 6 GT?<\/p>\n<p>Samoch\u00f3d nie imponuje spalaniem. Zu\u017cycie na poziomie 10,5-11 l\/100 km to standard w mie\u015bcie. Mowa tutaj o benzynie \u2014 ekonomizer (kt\u00f3rego nie da si\u0119 r\u0119cznie zresetowa\u0107) nie wskazywa\u0142 zu\u017cycia LPG, ale mo\u017cna zak\u0142ada\u0107, \u017ce b\u0119dzie to ok. litr wi\u0119cej. Warto zaznaczy\u0107, \u017ce komputer mierzy spalanie &#8222;od do\u0142u&#8221;, wi\u0119c \u0142atwo da\u0107 si\u0119 nabra\u0107 na zu\u017cycie rz\u0119du 8 l\/100 km, kt\u00f3re zaczyna si\u0119 stabilizowa\u0107 po przejechaniu 50-60 km i dopiero p\u00f3\u017aniej pokazuje warto\u015bci rzeczywiste.<\/p>\n<p>Podkre\u015blam te\u017c, \u017ce silnik ma wtrysk bezpo\u015bredni, zatem nawet na gazie jednostka b\u0119dzie zu\u017cywa\u0107 benzyn\u0119. B\u0119dzie to ok. 20-25 proc. zbiornika paliwa na ca\u0142\u0105 butl\u0119 gazu. W\u0142osi przynajmniej dmuchaj\u0105 na zimne i dodali zbiornik z lubryfikatorem na zawory, aby ograniczy\u0107 ich zu\u017cycie podczas pracy na gazie.<\/p>\n<p> <img decoding=\"async\" src=\"https:\/\/www.europesays.com\/pl\/wp-content\/uploads\/2026\/03\/dMWk9lBaHR0cHM6Ly9vY2RuLmV1L3B1bHNjbXMvTURBXy82MTA1YmEzYjRkZjYzODQ3ZmU2M2JlYjUxNGI3MWI0YS5qcGeRlQLNB.jpeg\" height=\"627\" width=\"940\" alt=\"2026 Sportequipe 6 GT\" loading=\"lazy\" class=\"ods-c-image__img ods-c-image__img--viewport-width\"\/> <\/p>\n<p>2026 Sportequipe 6 GT\u0179r\u00f3d\u0142o: Auto \u015awiat \/ Mateusz Pokorzy\u0144ski<\/p>\n<p> Jak je\u017adzi Sportequipe 6 GT?<\/p>\n<p>Zawieszenie Sportequipe 6 GT zestrojono do\u015b\u0107 sztywno. Cho\u0107 nadwozie miewa tendencj\u0119 do bocznych przechy\u0142\u00f3w, wi\u0119kszo\u015b\u0107 nier\u00f3wno\u015bci jest pokonywana twardo, co obni\u017ca komfort codziennej jazdy. Konstrukcja ta aspiruje do miana sportowej, jednak w praktyce skutkuje to wyra\u017anym przenoszeniem drga\u0144 do kabiny. Pod wzgl\u0119dem precyzji prowadzenia auto wypada przeci\u0119tnie, cho\u0107 sytuacj\u0119 ratuje ma\u0142a kierownica oraz regulowana si\u0142a wspomagania. Precyzj\u0105 wi\u0119c nie grzeszy, ale nie mo\u017cna na to szczeg\u00f3lnie narzeka\u0107.<\/p>\n<p>Kabina niestety nie jest dobrze wyciszona i w \u015brodku robi si\u0119 g\u0142o\u015bno ju\u017c powy\u017cej 100 km na godz. Silnik na wy\u017cszych obrotach r\u00f3wnie\u017c lubi sobie mocno wy\u0107. Najgorsze jednak jest to, \u017ce ty\u0142 samochodu trzeszczy. Pocz\u0105tkowo my\u015bla\u0142em, \u017ce jest to problem zwi\u0105zany z lu\u017anym plastikiem albo pod\u0142og\u0105 baga\u017cnika, ale nie znalaz\u0142em \u017ar\u00f3d\u0142a tego d\u017awi\u0119ku. Obawiam si\u0119, \u017ce ostatecznie to nie plastiki, a pracuj\u0105ca &#8222;mi\u0119kka&#8221; karoseria powodowa\u0142a te d\u017awi\u0119ki. Po prostu ty\u0142 nadwozia mocno si\u0119 rusza\u0142 na nier\u00f3wno\u015bciach, a to oznacza, \u017ce sztywno\u015b\u0107 karoserii pozostawia sporo do \u017cyczenia.<\/p>\n<p>Dobrze sprawuje si\u0119 za to tempomat. Nie prowadzi co prawda po pasie ruchu, ale \u0142agodnie hamuje i przyspiesza za poprzedzaj\u0105cym autem. Czujniki parkowania tak\u017ce dzia\u0142aj\u0105 poprawnie, tak samo, jak czujnik martwego pola.<\/p>\n<p>Ile kosztuje Sportequipe 6 GT?<\/p>\n<p>Nie nale\u017cy oczekiwa\u0107, \u017ce auto b\u0119dzie bardzo tanie. DR Automobiles \u017cyczy sobie za 6 GT 145 tys. z\u0142 bez instalacji LPG. Ta wydaje si\u0119 bardzo droga, bowiem wersja z fabrycznym gazem zosta\u0142a wyceniona na 177 tys. z\u0142. Nie widz\u0119 wi\u0119c sensu kupowania wersji z LPG, je\u015bli dop\u0142ata wynosi 32 tys. z\u0142. W takim przypadku europejska konkurencja wcale nie jest dro\u017csza, a cz\u0119sto mo\u017ce si\u0119 okaza\u0107 ta\u0144sza. Je\u015bli natomiast chcieliby\u015bmy auto z LPG, to powa\u017cn\u0105 konkurencj\u0105 jest Dacia Bigster \u2014 b\u0119dzie ta\u0144sza i bardziej dopracowana. Zaznacz\u0119 dodatkowo, \u017ce Jetour Dashing r\u00f3wnie\u017c jest sporo ta\u0144szy i mo\u017ce kosztowa\u0107 129 tys. 900 z\u0142 z tym samym silnikiem, ale bez LPG.<\/p>\n<p> <img decoding=\"async\" src=\"https:\/\/www.europesays.com\/pl\/wp-content\/uploads\/2026\/03\/JUxk9lBaHR0cHM6Ly9vY2RuLmV1L3B1bHNjbXMvTURBXy85NjVlYjMyOWRkODdjZWY0Yjc5M2YzNTRlYzIzOGE5NS5qcGeRlQLNB.jpeg\" height=\"627\" width=\"940\" alt=\"2026 Sportequipe 6 GT\" loading=\"lazy\" class=\"ods-c-image__img ods-c-image__img--viewport-width\"\/> <\/p>\n<p>2026 Sportequipe 6 GT\u0179r\u00f3d\u0142o: Auto \u015awiat \/ Mateusz Pokorzy\u0144ski<\/p>\n<p> Sportequipe 6 GT \u2014 podsumowanieMy\u015bla\u0142em, \u017ce Sportequipe 6 GT b\u0119dzie samochodem przynajmniej podobnie dopracowanym jak <a href=\"https:\/\/www.auto-swiat.pl\/testy\/testy-nowych-samochodow\/ich-x-k3-ma-naped-4x4-lpg-i-kosztuje-tyle-co-nic-tym-suv-em-oszukasz-system\/4plevzv\" id=\"66147a8f-3487-47e1-8f9f-8ec4f1cb29fc\" rel=\"nofollow noopener\" target=\"_blank\">teren\u00f3wka ICH-X K3<\/a>. Niestety, mocno si\u0119 myli\u0142em. Auto, kt\u00f3re dosta\u0142em do test\u00f3w przypomina\u0142o bardziej wersj\u0119 przedprodukcyjn\u0105. Nie da si\u0119 ukry\u0107, \u017ce auto ma mn\u00f3stwo problem\u00f3w \u2014 zaczynaj\u0105c od poziomu obs\u0142ugi, przez uk\u0142ad nap\u0119dowy, po prac\u0119 nadwozia. Do tego cena wcale nie jest atrakcyjna. Dlatego nie jestem w stanie go zarekomendowa\u0107. Przed W\u0142ochami, a mo\u017ce i Chi\u0144czykami, jeszcze bardzo du\u017co pracy. Z plus\u00f3w \u2014 to bardzo przestronny samoch\u00f3d z du\u017c\u0105 liczb\u0105 schowk\u00f3w.        1\/38 2026 Sportequipe 6 GT       <img class=\"ods-a-photo ods-a-photo--background\" src=\"https:\/\/www.europesays.com\/pl\/wp-content\/uploads\/2026\/03\/VNdk9lBaHR0cHM6Ly9vY2RuLmV1L3B1bHNjbXMvTURBXy8wMzI1YjA2ZGU1ZjJkY2M0ZWFhZWVjNGU5NTgzMTM5My5qcGeRkwXNB.jpeg\" height=\"627\" width=\"940\" alt=\"2026 Sportequipe 6 GT\" loading=\"lazy\" fetchpriority=\"auto\" decoding=\"auto\"\/>    <\/p>\n<p>Auto \u015awiat \/ Mateusz Pokorzy\u0144ski<\/p>\n<p>         2\/38 2026 Sportequipe 6 GT       <img class=\"ods-a-photo ods-a-photo--background\" src=\"https:\/\/www.europesays.com\/pl\/wp-content\/uploads\/2026\/03\/hNhk9lBaHR0cHM6Ly9vY2RuLmV1L3B1bHNjbXMvTURBXy9lNjdmZGM2ODQxODQ0ODM5MDc5MGZjYWIwNzMwYzhjZi5qcGeRkwXNB.jpeg\" height=\"627\" width=\"940\" alt=\"2026 Sportequipe 6 GT\" loading=\"lazy\" fetchpriority=\"auto\" decoding=\"auto\"\/>    <\/p>\n<p>Auto \u015awiat \/ Mateusz Pokorzy\u0144ski<\/p>\n<p>                3\/38 2026 Sportequipe 6 GT       <img class=\"ods-a-photo ods-a-photo--background\" src=\"https:\/\/www.europesays.com\/pl\/wp-content\/uploads\/2026\/03\/0ICk9lBaHR0cHM6Ly9vY2RuLmV1L3B1bHNjbXMvTURBXy8yYzEzN2YwZDI3OGMxNjEyZTgwOWUxNDcxM2I0YTYzMC5qcGeRkwXNB.jpeg\" height=\"627\" width=\"940\" alt=\"2026 Sportequipe 6 GT\" loading=\"lazy\" fetchpriority=\"auto\" decoding=\"auto\"\/>    <\/p>\n<p>Auto \u015awiat \/ Mateusz Pokorzy\u0144ski<\/p>\n<p>         4\/38 2026 Sportequipe 6 GT       <img class=\"ods-a-photo ods-a-photo--background\" src=\"https:\/\/www.europesays.com\/pl\/wp-content\/uploads\/2026\/03\/7tLk9lBaHR0cHM6Ly9vY2RuLmV1L3B1bHNjbXMvTURBXy9lMTVhMzEzMGZkMmQyNzAwZDYxYjdmNDBlZDIxN2ZkOS5qcGeRkwXNB.jpeg\" height=\"627\" width=\"940\" alt=\"2026 Sportequipe 6 GT\" loading=\"lazy\" fetchpriority=\"auto\" decoding=\"auto\"\/>    <\/p>\n<p>Auto \u015awiat \/ Mateusz Pokorzy\u0144ski<\/p>\n<p>                5\/38 2026 Sportequipe 6 GT       <img class=\"ods-a-photo ods-a-photo--background\" src=\"https:\/\/www.europesays.com\/pl\/wp-content\/uploads\/2026\/03\/n-lk9lBaHR0cHM6Ly9vY2RuLmV1L3B1bHNjbXMvTURBXy80ZDE5MzA2NjUwZmVhYWMxMmQ0NTBmM2YwOGE0ZDI5Ny5qcGeRkwXNB.jpeg\" height=\"627\" width=\"940\" alt=\"2026 Sportequipe 6 GT\" loading=\"lazy\" fetchpriority=\"auto\" decoding=\"auto\"\/>    <\/p>\n<p>Auto \u015awiat \/ Mateusz Pokorzy\u0144ski<\/p>\n<p>         6\/38 2026 Sportequipe 6 GT       <img class=\"ods-a-photo ods-a-photo--background\" src=\"https:\/\/www.europesays.com\/pl\/wp-content\/uploads\/2026\/03\/5QFk9lBaHR0cHM6Ly9vY2RuLmV1L3B1bHNjbXMvTURBXy9iNmFjZDFhNWIzMGVhMjY1YTM2MjhiNDg2NWM4YmQ2NS5qcGeRkwXNB.jpeg\" height=\"627\" width=\"940\" alt=\"2026 Sportequipe 6 GT\" loading=\"lazy\" fetchpriority=\"auto\" decoding=\"auto\"\/>    <\/p>\n<p>Auto \u015awiat \/ Mateusz Pokorzy\u0144ski<\/p>\n<p>                7\/38 2026 Sportequipe 6 GT       <img class=\"ods-a-photo ods-a-photo--background\" src=\"https:\/\/www.europesays.com\/pl\/wp-content\/uploads\/2026\/03\/8kFk9lBaHR0cHM6Ly9vY2RuLmV1L3B1bHNjbXMvTURBXy9kN2Y0NTkzNjAzNWQ4YzBmMmQyZDEyMmM0OTgxOWNkYS5qcGeRkwXNB.jpeg\" height=\"627\" width=\"940\" alt=\"2026 Sportequipe 6 GT\" loading=\"lazy\" fetchpriority=\"auto\" decoding=\"auto\"\/>    <\/p>\n<p>Auto \u015awiat \/ Mateusz Pokorzy\u0144ski<\/p>\n<p>         8\/38 2026 Sportequipe 6 GT       <img class=\"ods-a-photo ods-a-photo--background\" src=\"https:\/\/www.europesays.com\/pl\/wp-content\/uploads\/2026\/03\/ryak9lBaHR0cHM6Ly9vY2RuLmV1L3B1bHNjbXMvTURBXy9iM2QxNmZiZjg3ZmU2ZDgxNDZlMGFiMzE2YTFjMjViNi5qcGeRkwXNB.jpeg\" height=\"627\" width=\"940\" alt=\"2026 Sportequipe 6 GT\" loading=\"lazy\" fetchpriority=\"auto\" decoding=\"auto\"\/>    <\/p>\n<p>Auto \u015awiat \/ Mateusz Pokorzy\u0144ski<\/p>\n<p>                9\/38 2026 Sportequipe 6 GT       <img class=\"ods-a-photo ods-a-photo--background\" src=\"https:\/\/www.europesays.com\/pl\/wp-content\/uploads\/2026\/03\/CPtk9lBaHR0cHM6Ly9vY2RuLmV1L3B1bHNjbXMvTURBXy83MjM5NjY4ZGYzNzYzNDhiZDMzYWMyM2JlODgyZTIwYy5qcGeRkwXNB.jpeg\" height=\"627\" width=\"940\" alt=\"2026 Sportequipe 6 GT\" loading=\"lazy\" fetchpriority=\"auto\" decoding=\"auto\"\/>    <\/p>\n<p>Auto \u015awiat \/ Mateusz Pokorzy\u0144ski<\/p>\n<p>         10\/38 2026 Sportequipe 6 GT       <img class=\"ods-a-photo ods-a-photo--background\" src=\"https:\/\/www.europesays.com\/pl\/wp-content\/uploads\/2026\/03\/LaJk9lBaHR0cHM6Ly9vY2RuLmV1L3B1bHNjbXMvTURBXy85MDBhNzE2NjljMDg4NmVjNTRlYWVlZDUyOWExNmFlYS5qcGeRkwXNB.jpeg\" height=\"627\" width=\"940\" alt=\"2026 Sportequipe 6 GT\" loading=\"lazy\" fetchpriority=\"auto\" decoding=\"auto\"\/>    <\/p>\n<p>Auto \u015awiat \/ Mateusz Pokorzy\u0144ski<\/p>\n<p>                11\/38 2026 Sportequipe 6 GT       <img class=\"ods-a-photo ods-a-photo--background\" src=\"https:\/\/www.europesays.com\/pl\/wp-content\/uploads\/2026\/03\/yHfk9lBaHR0cHM6Ly9vY2RuLmV1L3B1bHNjbXMvTURBXy9jNTI4ZjNiY2E2OTBjNTEyMWVlYzhmZGYxYmI2MzgxYi5qcGeRkwXNB.jpeg\" height=\"627\" width=\"940\" alt=\"2026 Sportequipe 6 GT\" loading=\"lazy\" fetchpriority=\"auto\" decoding=\"auto\"\/>    <\/p>\n<p>Auto \u015awiat \/ Mateusz Pokorzy\u0144ski<\/p>\n<p>         12\/38 2026 Sportequipe 6 GT       <img class=\"ods-a-photo ods-a-photo--background\" src=\"https:\/\/www.europesays.com\/pl\/wp-content\/uploads\/2026\/03\/t5dk9lBaHR0cHM6Ly9vY2RuLmV1L3B1bHNjbXMvTURBXy83YTFiNDIxMjkwZTVlNWFhMjkwZGIzZTAzYTY1OWM5ZS5qcGeRkwXNB.jpeg\" height=\"627\" width=\"940\" alt=\"2026 Sportequipe 6 GT\" loading=\"lazy\" fetchpriority=\"auto\" decoding=\"auto\"\/>    <\/p>\n<p>Auto \u015awiat \/ Mateusz Pokorzy\u0144ski<\/p>\n<p>                13\/38 2026 Sportequipe 6 GT       <img class=\"ods-a-photo ods-a-photo--background\" src=\"https:\/\/www.europesays.com\/pl\/wp-content\/uploads\/2026\/03\/vnDk9lBaHR0cHM6Ly9vY2RuLmV1L3B1bHNjbXMvTURBXy85ZTg4NzMxZWZjMjkwMjEwZDM2ZTMxNDE5OWNkMWFhZC5qcGeRkwXNB.jpeg\" height=\"627\" width=\"940\" alt=\"2026 Sportequipe 6 GT\" loading=\"lazy\" fetchpriority=\"auto\" decoding=\"auto\"\/>    <\/p>\n<p>Auto \u015awiat \/ Mateusz Pokorzy\u0144ski<\/p>\n<p>         14\/38 2026 Sportequipe 6 GT       <img class=\"ods-a-photo ods-a-photo--background\" src=\"https:\/\/www.europesays.com\/pl\/wp-content\/uploads\/2026\/03\/igtk9lBaHR0cHM6Ly9vY2RuLmV1L3B1bHNjbXMvTURBXy8wOWUyMWJjNTIxZWFmNjEyMzViMmMzYzcwOWMwZTllZC5qcGeRkwXNB.jpeg\" height=\"627\" width=\"940\" alt=\"2026 Sportequipe 6 GT\" loading=\"lazy\" fetchpriority=\"auto\" decoding=\"auto\"\/>    <\/p>\n<p>Auto \u015awiat \/ Mateusz Pokorzy\u0144ski<\/p>\n<p>                15\/38 2026 Sportequipe 6 GT       <img class=\"ods-a-photo ods-a-photo--background\" src=\"https:\/\/www.europesays.com\/pl\/wp-content\/uploads\/2026\/03\/APYk9lBaHR0cHM6Ly9vY2RuLmV1L3B1bHNjbXMvTURBXy8wNzk4YmNhZTZjOTQwMTJhOTRhYmZjYjVhOTU2MDNjZS5qcGeRkwXNB.jpeg\" height=\"627\" width=\"940\" alt=\"2026 Sportequipe 6 GT\" loading=\"lazy\" fetchpriority=\"auto\" decoding=\"auto\"\/>    <\/p>\n<p>Auto \u015awiat \/ Mateusz Pokorzy\u0144ski<\/p>\n<p>         16\/38 2026 Sportequipe 6 GT       <img class=\"ods-a-photo ods-a-photo--background\" src=\"https:\/\/www.europesays.com\/pl\/wp-content\/uploads\/2026\/03\/obXk9lBaHR0cHM6Ly9vY2RuLmV1L3B1bHNjbXMvTURBXy81MTk3MDg5MDFhNzRkZTQzYzFmNjMxMDdhNWY5OGNmYy5qcGeRkwXNB.jpeg\" height=\"627\" width=\"940\" alt=\"2026 Sportequipe 6 GT\" loading=\"lazy\" fetchpriority=\"auto\" decoding=\"auto\"\/>    <\/p>\n<p>Auto \u015awiat \/ Mateusz Pokorzy\u0144ski<\/p>\n<p>                17\/38 2026 Sportequipe 6 GT       <img class=\"ods-a-photo ods-a-photo--background\" src=\"https:\/\/www.europesays.com\/pl\/wp-content\/uploads\/2026\/03\/aOLk9lBaHR0cHM6Ly9vY2RuLmV1L3B1bHNjbXMvTURBXy9kNzUyODFlYWRlYjM3NmY0NjBkZGMyNjNjZWI4MjkwNC5qcGeRkwXNB.jpeg\" height=\"627\" width=\"940\" alt=\"2026 Sportequipe 6 GT\" loading=\"lazy\" fetchpriority=\"auto\" decoding=\"auto\"\/>    <\/p>\n<p>Auto \u015awiat \/ Mateusz Pokorzy\u0144ski<\/p>\n<p>         18\/38 2026 Sportequipe 6 GT       <img class=\"ods-a-photo ods-a-photo--background\" src=\"https:\/\/www.europesays.com\/pl\/wp-content\/uploads\/2026\/03\/qApk9lBaHR0cHM6Ly9vY2RuLmV1L3B1bHNjbXMvTURBXy8yZjEzMGM4ZmRmNDQzYmY1MTBlZGQwYjVjNTQ5YTA3Ni5qcGeRkwXNB.jpeg\" height=\"627\" width=\"940\" alt=\"2026 Sportequipe 6 GT\" loading=\"lazy\" fetchpriority=\"auto\" decoding=\"auto\"\/>    <\/p>\n<p>Auto \u015awiat \/ Mateusz Pokorzy\u0144ski<\/p>\n<p>                19\/38 2026 Sportequipe 6 GT       <img class=\"ods-a-photo ods-a-photo--background\" src=\"https:\/\/www.europesays.com\/pl\/wp-content\/uploads\/2026\/03\/pbJk9lBaHR0cHM6Ly9vY2RuLmV1L3B1bHNjbXMvTURBXy8zNTE3N2Q5MmM3MmUwZDUzZjJjNjU4YTUzODI0MDFiNy5qcGeRkwXNB.jpeg\" height=\"627\" width=\"940\" alt=\"2026 Sportequipe 6 GT\" loading=\"lazy\" fetchpriority=\"auto\" decoding=\"auto\"\/>    <\/p>\n<p>Auto \u015awiat \/ Mateusz Pokorzy\u0144ski<\/p>\n<p>         20\/38 2026 Sportequipe 6 GT       <img class=\"ods-a-photo ods-a-photo--background\" src=\"https:\/\/www.europesays.com\/pl\/wp-content\/uploads\/2026\/03\/RESk9lBaHR0cHM6Ly9vY2RuLmV1L3B1bHNjbXMvTURBXy82ODc2YzNiY2NlMDA1YmQzNTIyZTE0ZTZlODBiZmQ2OC5qcGeRkwXNB.jpeg\" height=\"627\" width=\"940\" alt=\"2026 Sportequipe 6 GT\" loading=\"lazy\" fetchpriority=\"auto\" decoding=\"auto\"\/>    <\/p>\n<p>Auto \u015awiat \/ Mateusz Pokorzy\u0144ski<\/p>\n<p>                21\/38 2026 Sportequipe 6 GT       <img class=\"ods-a-photo ods-a-photo--background\" src=\"https:\/\/www.europesays.com\/pl\/wp-content\/uploads\/2026\/03\/7igk9lBaHR0cHM6Ly9vY2RuLmV1L3B1bHNjbXMvTURBXy82ZGJlNmE4YWZlZWEzMzBjMzA5Y2IxNDY1ZjljODc2Yy5qcGeRkwXNB.jpeg\" height=\"627\" width=\"940\" alt=\"2026 Sportequipe 6 GT\" loading=\"lazy\" fetchpriority=\"auto\" decoding=\"auto\"\/>    <\/p>\n<p>Auto \u015awiat \/ Mateusz Pokorzy\u0144ski<\/p>\n<p>         22\/38 2026 Sportequipe 6 GT       <img class=\"ods-a-photo ods-a-photo--background\" src=\"https:\/\/www.europesays.com\/pl\/wp-content\/uploads\/2026\/03\/-6Qk9lBaHR0cHM6Ly9vY2RuLmV1L3B1bHNjbXMvTURBXy80M2Q0YjkwNjhlMWJkZDk4NjkxYzBiOTg4MjY1MzdjMi5qcGeRkwXNB.jpeg\" height=\"627\" width=\"940\" alt=\"2026 Sportequipe 6 GT\" loading=\"lazy\" fetchpriority=\"auto\" decoding=\"auto\"\/>    <\/p>\n<p>Auto \u015awiat \/ Mateusz Pokorzy\u0144ski<\/p>\n<p>                23\/38 2026 Sportequipe 6 GT       <img class=\"ods-a-photo ods-a-photo--background\" src=\"https:\/\/www.europesays.com\/pl\/wp-content\/uploads\/2026\/03\/Tjqk9lBaHR0cHM6Ly9vY2RuLmV1L3B1bHNjbXMvTURBXy9lNjU5OTJiNjNmYWZjOGY2MzA5MGZkMTgzNTdlNjViMy5qcGeRkwXNB.jpeg\" height=\"627\" width=\"940\" alt=\"2026 Sportequipe 6 GT\" loading=\"lazy\" fetchpriority=\"auto\" decoding=\"auto\"\/>    <\/p>\n<p>Auto \u015awiat \/ Mateusz Pokorzy\u0144ski<\/p>\n<p>         24\/38 2026 Sportequipe 6 GT       <img class=\"ods-a-photo ods-a-photo--background\" src=\"https:\/\/www.europesays.com\/pl\/wp-content\/uploads\/2026\/03\/gVIk9lBaHR0cHM6Ly9vY2RuLmV1L3B1bHNjbXMvTURBXy8wMWQwY2I2MjI0NTY1NmM4ZWUyY2QwMzAyYjhmNTM5Zi5qcGeRkwXNB.jpeg\" height=\"627\" width=\"940\" alt=\"2026 Sportequipe 6 GT\" loading=\"lazy\" fetchpriority=\"auto\" decoding=\"auto\"\/>    <\/p>\n<p>Auto \u015awiat \/ Mateusz Pokorzy\u0144ski<\/p>\n<p>                25\/38 2026 Sportequipe 6 GT       <img class=\"ods-a-photo ods-a-photo--background\" src=\"https:\/\/www.europesays.com\/pl\/wp-content\/uploads\/2026\/03\/ARjk9lBaHR0cHM6Ly9vY2RuLmV1L3B1bHNjbXMvTURBXy9hM2UyYmUwZDAyZjIyZjk4NGNjOWVhOGM0ODU2OWIyMy5qcGeRkwXNB.jpeg\" height=\"627\" width=\"940\" alt=\"2026 Sportequipe 6 GT\" loading=\"lazy\" fetchpriority=\"auto\" decoding=\"auto\"\/>    <\/p>\n<p>Auto \u015awiat \/ Mateusz Pokorzy\u0144ski<\/p>\n<p>         26\/38 2026 Sportequipe 6 GT       <img class=\"ods-a-photo ods-a-photo--background\" src=\"https:\/\/www.europesays.com\/pl\/wp-content\/uploads\/2026\/03\/8vFk9lBaHR0cHM6Ly9vY2RuLmV1L3B1bHNjbXMvTURBXy8zM2NkNDRjZDJjMDA1MGJhNDVjMzVlMTYzMDM4MmJmNi5qcGeRkwXNB.jpeg\" height=\"627\" width=\"940\" alt=\"2026 Sportequipe 6 GT\" loading=\"lazy\" fetchpriority=\"auto\" decoding=\"auto\"\/>    <\/p>\n<p>Auto \u015awiat \/ Mateusz Pokorzy\u0144ski<\/p>\n<p>                27\/38 2026 Sportequipe 6 GT       <img class=\"ods-a-photo ods-a-photo--background\" src=\"https:\/\/www.europesays.com\/pl\/wp-content\/uploads\/2026\/03\/eqak9lBaHR0cHM6Ly9vY2RuLmV1L3B1bHNjbXMvTURBXy8xMDEzNDI4ZjRjNjFkZDRlZmQ5MThlZDk4YmM2MGY2ZS5qcGeRkwXNB.jpeg\" height=\"627\" width=\"940\" alt=\"2026 Sportequipe 6 GT\" loading=\"lazy\" fetchpriority=\"auto\" decoding=\"auto\"\/>    <\/p>\n<p>Auto \u015awiat \/ Mateusz Pokorzy\u0144ski<\/p>\n<p>         28\/38 2026 Sportequipe 6 GT       <img class=\"ods-a-photo ods-a-photo--background\" src=\"https:\/\/www.europesays.com\/pl\/wp-content\/uploads\/2026\/03\/ViUk9lBaHR0cHM6Ly9vY2RuLmV1L3B1bHNjbXMvTURBXy8zMzE3MDY2YWQwMGY4OGYyZGIyM2ZlNzA5OTg4ZDNiNS5qcGeRkwXNB.jpeg\" height=\"627\" width=\"940\" alt=\"2026 Sportequipe 6 GT\" loading=\"lazy\" fetchpriority=\"auto\" decoding=\"auto\"\/>    <\/p>\n<p>Auto \u015awiat \/ Mateusz Pokorzy\u0144ski<\/p>\n<p>                29\/38 2026 Sportequipe 6 GT       <img class=\"ods-a-photo ods-a-photo--background\" src=\"https:\/\/www.europesays.com\/pl\/wp-content\/uploads\/2026\/03\/C7pk9lBaHR0cHM6Ly9vY2RuLmV1L3B1bHNjbXMvTURBXy80OTFiODMxMzA3MTRlNDI4Y2Y4YjExM2NmMGUxYmNhMi5qcGeRkwXNB.jpeg\" height=\"627\" width=\"940\" alt=\"2026 Sportequipe 6 GT\" loading=\"lazy\" fetchpriority=\"auto\" decoding=\"auto\"\/>    <\/p>\n<p>Auto \u015awiat \/ Mateusz Pokorzy\u0144ski<\/p>\n<p>         30\/38 2026 Sportequipe 6 GT       <img class=\"ods-a-photo ods-a-photo--background\" src=\"https:\/\/www.europesays.com\/pl\/wp-content\/uploads\/2026\/03\/EW6k9lBaHR0cHM6Ly9vY2RuLmV1L3B1bHNjbXMvTURBXy81Yzg2NTMzN2JmNzViNTYyNTAwZmJlYWRhMDE3N2RmZC5qcGeRkwXNB.jpeg\" height=\"627\" width=\"940\" alt=\"2026 Sportequipe 6 GT\" loading=\"lazy\" fetchpriority=\"auto\" decoding=\"auto\"\/>    <\/p>\n<p>Auto \u015awiat \/ Mateusz Pokorzy\u0144ski<\/p>\n<p>                31\/38 2026 Sportequipe 6 GT       <img class=\"ods-a-photo ods-a-photo--background\" src=\"https:\/\/www.europesays.com\/pl\/wp-content\/uploads\/2026\/03\/P3Mk9lBaHR0cHM6Ly9vY2RuLmV1L3B1bHNjbXMvTURBXy82ZjM2MGUyZWQwZWZkNmMzZjZhN2UzYzcyYjJkMTU5Yi5qcGeRkwXNB.jpeg\" height=\"627\" width=\"940\" alt=\"2026 Sportequipe 6 GT\" loading=\"lazy\" fetchpriority=\"auto\" decoding=\"auto\"\/>    <\/p>\n<p>Auto \u015awiat \/ Mateusz Pokorzy\u0144ski<\/p>\n<p>         32\/38 2026 Sportequipe 6 GT       <img class=\"ods-a-photo ods-a-photo--background\" src=\"https:\/\/www.europesays.com\/pl\/wp-content\/uploads\/2026\/03\/FVhk9lBaHR0cHM6Ly9vY2RuLmV1L3B1bHNjbXMvTURBXy84ZGYwZTc5ZjIxOTUxNDhiNDBiNmYxNDlmOGE3ZTdlYi5qcGeRkwXNB.jpeg\" height=\"627\" width=\"940\" alt=\"2026 Sportequipe 6 GT\" loading=\"lazy\" fetchpriority=\"auto\" decoding=\"auto\"\/>    <\/p>\n<p>Auto \u015awiat \/ Mateusz Pokorzy\u0144ski<\/p>\n<p>                33\/38 2026 Sportequipe 6 GT       <img class=\"ods-a-photo ods-a-photo--background\" src=\"https:\/\/www.europesays.com\/pl\/wp-content\/uploads\/2026\/03\/hqCk9lBaHR0cHM6Ly9vY2RuLmV1L3B1bHNjbXMvTURBXy81M2E3NjMzZjY3MzFjNjE3ZmFkZDM0MmY0MTBkOTc0ZS5qcGeRkwXNB.jpeg\" height=\"627\" width=\"940\" alt=\"2026 Sportequipe 6 GT\" loading=\"lazy\" fetchpriority=\"auto\" decoding=\"auto\"\/>    <\/p>\n<p>Auto \u015awiat \/ Mateusz Pokorzy\u0144ski<\/p>\n<p>         34\/38 2026 Sportequipe 6 GT       <img class=\"ods-a-photo ods-a-photo--background\" src=\"https:\/\/www.europesays.com\/pl\/wp-content\/uploads\/2026\/03\/AStk9lBaHR0cHM6Ly9vY2RuLmV1L3B1bHNjbXMvTURBXy80NGFhNDlmOWE0ZmVhZjNhNTFjMjBlYWRlYjc3MTlmNS5qcGeRkwXNB.jpeg\" height=\"627\" width=\"940\" alt=\"2026 Sportequipe 6 GT\" loading=\"lazy\" fetchpriority=\"auto\" decoding=\"auto\"\/>    <\/p>\n<p>Auto \u015awiat \/ Mateusz Pokorzy\u0144ski<\/p>\n<p>                35\/38 2026 Sportequipe 6 GT       <img class=\"ods-a-photo ods-a-photo--background\" src=\"https:\/\/www.europesays.com\/pl\/wp-content\/uploads\/2026\/03\/Sa9k9lBaHR0cHM6Ly9vY2RuLmV1L3B1bHNjbXMvTURBXy8zMzc4MDZiMTUwMjRmM2E3NTg3Y2YxZTBhM2Y0MjQwOS5qcGeRkwXNB.jpeg\" height=\"627\" width=\"940\" alt=\"2026 Sportequipe 6 GT\" loading=\"lazy\" fetchpriority=\"auto\" decoding=\"auto\"\/>    <\/p>\n<p>Auto \u015awiat \/ Mateusz Pokorzy\u0144ski<\/p>\n<p>         36\/38 2026 Sportequipe 6 GT       <img class=\"ods-a-photo ods-a-photo--background\" src=\"https:\/\/www.europesays.com\/pl\/wp-content\/uploads\/2026\/03\/cdek9lBaHR0cHM6Ly9vY2RuLmV1L3B1bHNjbXMvTURBXy80ZGJkZmFlY2I5ZmE4ZjYxN2E0YWEwYmVmMThhNzZjMi5qcGeRkwXNB.jpeg\" height=\"627\" width=\"940\" alt=\"2026 Sportequipe 6 GT\" loading=\"lazy\" fetchpriority=\"auto\" decoding=\"auto\"\/>    <\/p>\n<p>Auto \u015awiat \/ Mateusz Pokorzy\u0144ski<\/p>\n<p>                37\/38 2026 Sportequipe 6 GT       <img class=\"ods-a-photo ods-a-photo--background\" src=\"https:\/\/www.europesays.com\/pl\/wp-content\/uploads\/2026\/03\/brnk9lBaHR0cHM6Ly9vY2RuLmV1L3B1bHNjbXMvTURBXy9lNThhMmU4ZDk4YTBiZmI3YWMwZDdmMzA3NWZkZWMxZS5qcGeRkwXNB.jpeg\" height=\"627\" width=\"940\" alt=\"2026 Sportequipe 6 GT\" loading=\"lazy\" fetchpriority=\"auto\" decoding=\"auto\"\/>    <\/p>\n<p>Auto \u015awiat \/ Mateusz Pokorzy\u0144ski<\/p>\n<p>         38\/38 2026 Sportequipe 6 GT       <img class=\"ods-a-photo ods-a-photo--background\" src=\"https:\/\/www.europesays.com\/pl\/wp-content\/uploads\/2026\/03\/xGRk9lBaHR0cHM6Ly9vY2RuLmV1L3B1bHNjbXMvTURBXy81YzczOTE4Yjk1MzliYWMzM2NhMmNlYTRjM2Y0ZDY4NC5qcGeRkwXNB.jpeg\" height=\"627\" width=\"940\" alt=\"2026 Sportequipe 6 GT\" loading=\"lazy\" fetchpriority=\"auto\" decoding=\"auto\"\/>    <\/p>\n<p>Auto \u015awiat \/ Mateusz Pokorzy\u0144ski<\/p>\n","protected":false},"excerpt":{"rendered":"Samoch\u00f3d zosta\u0142 u\u017cyczony do testu przez importera, a po te\u015bcie zwr\u00f3cony Nazwa Sportequipe prawdopodobnie nic nie m\u00f3wi wi\u0119kszo\u015bci&hellip;\n","protected":false},"author":2,"featured_media":306490,"comment_status":"","ping_status":"","sticky":false,"template":"","format":"standard","meta":{"footnotes":"","_share_on_mastodon":"0"},"categories":[16],"tags":[113,112,85,6337,48,46,42,38,40,39,41,47,2261,643,3355],"class_list":["post-306489","post","type-post","status-publish","format-standard","has-post-thumbnail","category-biznes","tag-biznes","tag-business","tag-chiny","tag-lpg","tag-nat_styl","tag-omp","tag-pl","tag-poland","tag-polish","tag-polska","tag-polski","tag-screening_general","tag-suv","tag-test","tag-testy"],"share_on_mastodon":{"url":"https:\/\/pubeurope.com\/@pl\/116232260234113240","error":""},"_links":{"self":[{"href":"https:\/\/www.europesays.com\/pl\/wp-json\/wp\/v2\/posts\/306489","targetHints":{"allow":["GET"]}}],"collection":[{"href":"https:\/\/www.europesays.com\/pl\/wp-json\/wp\/v2\/posts"}],"about":[{"href":"https:\/\/www.europesays.com\/pl\/wp-json\/wp\/v2\/types\/post"}],"author":[{"embeddable":true,"href":"https:\/\/www.europesays.com\/pl\/wp-json\/wp\/v2\/users\/2"}],"replies":[{"embeddable":true,"href":"https:\/\/www.europesays.com\/pl\/wp-json\/wp\/v2\/comments?post=306489"}],"version-history":[{"count":0,"href":"https:\/\/www.europesays.com\/pl\/wp-json\/wp\/v2\/posts\/306489\/revisions"}],"wp:featuredmedia":[{"embeddable":true,"href":"https:\/\/www.europesays.com\/pl\/wp-json\/wp\/v2\/media\/306490"}],"wp:attachment":[{"href":"https:\/\/www.europesays.com\/pl\/wp-json\/wp\/v2\/media?parent=306489"}],"wp:term":[{"taxonomy":"category","embeddable":true,"href":"https:\/\/www.europesays.com\/pl\/wp-json\/wp\/v2\/categories?post=306489"},{"taxonomy":"post_tag","embeddable":true,"href":"https:\/\/www.europesays.com\/pl\/wp-json\/wp\/v2\/tags?post=306489"}],"curies":[{"name":"wp","href":"https:\/\/api.w.org\/{rel}","templated":true}]}}