{"id":306620,"date":"2026-03-15T09:59:11","date_gmt":"2026-03-15T09:59:11","guid":{"rendered":"https:\/\/www.europesays.com\/pl\/306620\/"},"modified":"2026-03-15T09:59:11","modified_gmt":"2026-03-15T09:59:11","slug":"maja-rutkowski-wazyla-100-kg-pokazala-zdjecia-cicha-walka-o-marzenia","status":"publish","type":"post","link":"https:\/\/www.europesays.com\/pl\/306620\/","title":{"rendered":"Maja Rutkowski wa\u017cy\u0142a 100 kg. Pokaza\u0142a zdj\u0119cia. &#8222;Cicha walka o marzenia&#8221;"},"content":{"rendered":"<p class=\"Paragraph_desktopParagraph__U31Gm\">W jednym z ostatnich odcink\u00f3w <a href=\"https:\/\/plejada.pl\/temat\/maja-rutkowski\/e2xprts\" id=\"fd84ecb2-25d6-418a-b80e-b4ec5b8d8eac\" rel=\"nofollow noopener\" target=\"_blank\">Maja Rutkowski<\/a> wyzna\u0142a, \u017ce dwa lata temu wa\u017cy\u0142a 100 kg. Jak wyja\u015bni\u0142a, przyrost masy cia\u0142a wynika\u0142 z leczenia hormonalnego, kt\u00f3re mia\u0142o pom\u00f3c jej w zaj\u015bciu w ci\u0105\u017c\u0119. Niestety, terapia nie przynios\u0142a oczekiwanych rezultat\u00f3w. Rutkowski podkre\u015bli\u0142a, \u017ce sprawa jest dla niej bardzo trudna i wi\u0105\u017ce si\u0119 ze stratami, kt\u00f3rych do\u015bwiadczy\u0142a. Uczestniczka programu zaznaczy\u0142a, \u017ce ka\u017cdy przechodzi przez w\u0142asn\u0105 drog\u0119 w takich sytuacjach.<\/p>\n<ul class=\"OchatFollowUps_wrapper__1ry7X\">\n<li class=\"OchatFollowUps_item__Dhyly OchatFollowUps_itemDesktop__R6aBv\">Ile wa\u017cy Maja Rutkowski teraz?<\/li>\n<li class=\"OchatFollowUps_item__Dhyly OchatFollowUps_itemDesktop__R6aBv\">Dlaczego Maja przyty\u0142a do 100 kg?<\/li>\n<li class=\"OchatFollowUps_item__Dhyly OchatFollowUps_itemDesktop__R6aBv\">Jakie do\u015bwiadczenia Maja Rutkowski dzieli w programie?<\/li>\n<li class=\"OchatFollowUps_item__Dhyly OchatFollowUps_itemDesktop__R6aBv\">Co Maja Rutkowski my\u015bli o ocenie ludzi?<\/li>\n<\/ul>\n<p>Ile obecnie wa\u017cy \u017cona Krzysztofa Rutkowskiego? <\/p>\n<p class=\"Paragraph_desktopParagraph__U31Gm\">Maja Rutkowski od d\u0142u\u017cszego czasu opowiada\u0142a w mediach o swoich zmaganiach z wag\u0105 i diecie. W najnowszych relacjach zdradzi\u0142a, ile obecnie wa\u017cy. W jednym z wpis\u00f3w napisa\u0142a wprost, \u017ce obecnie jej waga wynosi 73 kg. Doda\u0142a r\u00f3wnie\u017c, \u017ce w styczniu wa\u017cy\u0142a 69 kilogram\u00f3w, co udokumentowa\u0142a nagraniem pokazuj\u0105cym wynik na wadze oraz zdj\u0119ciem, na kt\u00f3rym prezentuje swoj\u0105 sylwetk\u0119 w bieli\u017anie przed lustrem.<\/p>\n<blockquote>\n<p class=\"Paragraph_desktopParagraph__U31Gm\">W 2022 r. wa\u017cy\u0142am oko\u0142o 60 kg. Rok p\u00f3\u017aniej \u2014 prawie 100. Hormony, emocje, stres i cicha walka o marzenia potrafi\u0105 zmieni\u0107 wi\u0119cej, ni\u017c ktokolwiek z zewn\u0105trz jest w stanie zrozumie\u0107. A ludzie? Czasem oceniaj\u0105, nie znaj\u0105c historii. Pisz\u0105 s\u0142owa, kt\u00f3re bol\u0105. Nie wiedz\u0105c, \u017ce za u\u015bmiechem cz\u0119sto kryje si\u0119 czyja\u015b bardzo cicha, bardzo osobista walka<\/p>\n<\/blockquote>\n<p class=\"Paragraph_desktopParagraph__U31Gm\">\u2014 napisa\u0142a w nowym po\u015bcie na Instagramie.<\/p>\n<p><img decoding=\"async\" class=\"Image_image__0tuHp Image_autoHeight__f2n87 \" height=\"587\" width=\"751\" src=\"https:\/\/www.europesays.com\/pl\/wp-content\/uploads\/2026\/03\/3-Jk9kpTURBXy82YjMxYjUzY2M5YmZiNmMyMDhjZmFhODdjY2JlYzRmYi5qcGeSlQLNA6wAwsOVAgDNAkvCw94AA6EwAaExAaEzw.jpeg\" alt=\"Post Mai Rutkowski na Instagramie\" loading=\"lazy\" \/>https:\/\/www.instagram.com\/majaplich_rutkowski_\/<\/p>\n<p>Post Mai Rutkowski na Instagramie<\/p>\n<blockquote>\n<p class=\"Paragraph_desktopParagraph__U31Gm\">Poka\u017c\u0119 Wam te zdj\u0119cia nie dlatego, \u017ceby si\u0119 t\u0142umaczy\u0107. Tylko dlatego, \u017ceby powiedzie\u0107 ka\u017cdej kobiecie, kt\u00f3ra dzi\u015b walczy po cichu: nie jeste\u015b sama. \u017bycie czasem pisze trudne rozdzia\u0142y. Ale ja wci\u0105\u017c wierz\u0119, \u017ce te najpi\u0119kniejsze s\u0105 jeszcze przede mn\u0105\u2026 i przed Wami. Bo prawdziwa kr\u00f3lowa przetrwania mo\u017ce czasem upa\u015b\u0107. Mo\u017ce si\u0119 rozp\u0142aka\u0107. Ale nigdy si\u0119 nie poddaje<\/p>\n<\/blockquote>\n<p class=\"Paragraph_desktopParagraph__U31Gm\">\u2014 doda\u0142a.<\/p>\n<p><img decoding=\"async\" class=\"Image_image__0tuHp Image_autoHeight__f2n87 \" height=\"587\" width=\"391\" src=\"https:\/\/www.europesays.com\/pl\/wp-content\/uploads\/2026\/03\/Yb0k9kpTURBXy9jODQwNjQ0OGVmZDQzMzg1ZWFmYTUxMDc0MTNmZDQzYi5qcGeSlQLNA6wAwsOVAgDNAkvCw94AA6EwAaExAaEzw.jpeg\" alt=\"Maja Rutkowski\" loading=\"lazy\" \/>mwmedia \/ MW Media<\/p>\n<p>Maja Rutkowski<\/p>\n<p class=\"Paragraph_desktopParagraph__U31Gm\">Dzi\u0119kujemy, \u017ce przeczyta\u0142a\u015b\/e\u015b nasz artyku\u0142 do ko\u0144ca. W serwisie Plejada.pl ka\u017cdego dnia piszemy o najwa\u017cniejszych wydarzeniach show-biznesowych. B\u0105d\u017a na bie\u017c\u0105co!<a rel=\"nofollow noopener\" href=\"https:\/\/profile.google.com\/cp\/Cg0vZy8xMWJ6X19wdHBx\" id=\"f0d32829-c718-494a-9964-0655e7e70636\" target=\"_blank\"> Obserwuj<\/a> Plejad\u0119 w Google. Odwied\u017a nas tak\u017ce na<a rel=\"nofollow noopener\" href=\"https:\/\/www.facebook.com\/plejadapl\" id=\"8b4c48ac-fa34-4eac-b053-6a30420d698c\" target=\"_blank\"> Facebooku<\/a>,<a rel=\"nofollow noopener\" href=\"https:\/\/www.instagram.com\/plejadapl\/\" id=\"b629d63b-b8bd-4d48-8671-448e7a1e6d24\" target=\"_blank\"> Instagramie<\/a>,<a rel=\"nofollow noopener\" href=\"https:\/\/www.youtube.com\/c\/plejada\" id=\"1a5bc0bf-0b40-4b62-b3e6-44ac985930f1\" target=\"_blank\"> YouTubie<\/a> oraz<a rel=\"nofollow noopener\" href=\"https:\/\/www.tiktok.com\/@plejada_pl\" id=\"f6f9eedd-3eb5-470b-b06e-d31f095fc863\" target=\"_blank\"> TikToku<\/a>.<\/p>\n<p class=\"Paragraph_desktopParagraph__U31Gm\">Chcesz podzieli\u0107 si\u0119 ciekawym newsem lub zaproponowa\u0107 temat? Skontaktuj si\u0119 z nami, pisz\u0105c maila na adres: <a href=\"https:\/\/www.onet.pl\/styl-zycia\/plejada\/maja-rutkowski-wazyla-100-kg-pokazala-zdjecia-cicha-walka-o-marzenia\/mailto:plejada@redakcjaonet.pl\" id=\"c45891b7-d758-4a99-b050-591065f93363\" rel=\"nofollow noopener\" target=\"_blank\">plejada@redakcjaonet.pl<\/a>.<\/p>\n<p><script async src=\"\/\/www.instagram.com\/embed.js\"><\/script><script async src=\"\/\/www.tiktok.com\/embed.js\"><\/script><\/p>\n","protected":false},"excerpt":{"rendered":"W jednym z ostatnich odcink\u00f3w Maja Rutkowski wyzna\u0142a, \u017ce dwa lata temu wa\u017cy\u0142a 100 kg. Jak wyja\u015bni\u0142a, przyrost&hellip;\n","protected":false},"author":2,"featured_media":306621,"comment_status":"","ping_status":"","sticky":false,"template":"","format":"standard","meta":{"footnotes":"","_share_on_mastodon":"0"},"categories":[22],"tags":[122,67,46638,5866,53,52,68,51,55,42,38,40,39,41,123,47,196,65,50],"class_list":["post-306620","post","type-post","status-publish","format-standard","has-post-thumbnail","category-rozrywka","tag-entertainment","tag-intextvideo_splayer","tag-less_more_tst1","tag-maja_rutkowski","tag-new_header","tag-onet3","tag-onet3d","tag-onet3d_2i","tag-phx","tag-pl","tag-poland","tag-polish","tag-polska","tag-polski","tag-rozrywka","tag-screening_general","tag-styl_zycia","tag-update_me","tag-v2021"],"share_on_mastodon":{"url":"https:\/\/pubeurope.com\/@pl\/116232609043106901","error":""},"_links":{"self":[{"href":"https:\/\/www.europesays.com\/pl\/wp-json\/wp\/v2\/posts\/306620","targetHints":{"allow":["GET"]}}],"collection":[{"href":"https:\/\/www.europesays.com\/pl\/wp-json\/wp\/v2\/posts"}],"about":[{"href":"https:\/\/www.europesays.com\/pl\/wp-json\/wp\/v2\/types\/post"}],"author":[{"embeddable":true,"href":"https:\/\/www.europesays.com\/pl\/wp-json\/wp\/v2\/users\/2"}],"replies":[{"embeddable":true,"href":"https:\/\/www.europesays.com\/pl\/wp-json\/wp\/v2\/comments?post=306620"}],"version-history":[{"count":0,"href":"https:\/\/www.europesays.com\/pl\/wp-json\/wp\/v2\/posts\/306620\/revisions"}],"wp:featuredmedia":[{"embeddable":true,"href":"https:\/\/www.europesays.com\/pl\/wp-json\/wp\/v2\/media\/306621"}],"wp:attachment":[{"href":"https:\/\/www.europesays.com\/pl\/wp-json\/wp\/v2\/media?parent=306620"}],"wp:term":[{"taxonomy":"category","embeddable":true,"href":"https:\/\/www.europesays.com\/pl\/wp-json\/wp\/v2\/categories?post=306620"},{"taxonomy":"post_tag","embeddable":true,"href":"https:\/\/www.europesays.com\/pl\/wp-json\/wp\/v2\/tags?post=306620"}],"curies":[{"name":"wp","href":"https:\/\/api.w.org\/{rel}","templated":true}]}}