{"id":306634,"date":"2026-03-15T10:09:20","date_gmt":"2026-03-15T10:09:20","guid":{"rendered":"https:\/\/www.europesays.com\/pl\/306634\/"},"modified":"2026-03-15T10:09:20","modified_gmt":"2026-03-15T10:09:20","slug":"friedrich-merz-przyklasnal-decyzji-trumpa-o-ataku-na-iran-dzis-ma-watpliwosci","status":"publish","type":"post","link":"https:\/\/www.europesays.com\/pl\/306634\/","title":{"rendered":"Friedrich Merz przyklasn\u0105\u0142 decyzji Trumpa o ataku na Iran. Dzi\u015b ma w\u0105tpliwo\u015bci"},"content":{"rendered":"<p>Jednak teraz Merz musi wykona\u0107 gwa\u0142towny zwrot, gdy\u017c coraz wyra\u017aniej widzi skutki w dziedzinie gospodarki i bezpiecze\u0144stwa dla najwi\u0119kszej gospodarki UE. Publicznie wyra\u017ca te\u017c obawy, \u017ce Trump nie ma strategii wyj\u015bcia z konfliktu w rejonie Zatoki Perskiej.<\/p>\n<p>W pi\u0105tek, podczas wizyty w Norwegii, Merz przybra\u0142 jak dot\u0105d najbardziej krytyczny ton. Przekonywa\u0142, \u017ce wojna rodzi &#8222;powa\u017cne pytania&#8221; o bezpiecze\u0144stwo. \u2014 Ma ona <a href=\"https:\/\/www.onet.pl\/informacje\/onetwiadomosci\/ekspert-bije-na-alarm-w-sprawie-ropy-mowi-kiedy-moga-zniknac-rezerwy\/8mpm86z,79cfc278\" id=\"6956d6ea-79bb-429d-b68b-e528034e2312\" rel=\"nofollow noopener\" target=\"_blank\">ogromny wp\u0142yw na nasze koszty energii<\/a>, a tak\u017ce mo\u017ce wywo\u0142a\u0107 masow\u0105 migracj\u0119 \u2014 podkre\u015bli\u0142.     To spora zmiana w por\u00f3wnaniu z <a href=\"https:\/\/wiadomosci.onet.pl\/swiat\/europa-stala-sie-nieistotna-wizyta-friedricha-merza-w-bialym-domu-potwierdzila\/5721rsh\" id=\"1536d22f-3ebe-47ba-bd37-95fabd389029\" rel=\"nofollow noopener\" target=\"_blank\">wizyt\u0105 w Waszyngtonie w zesz\u0142ym tygodniu<\/a>. Podczas spotkania z Trumpem w Gabinecie Owalnym Merz popar\u0142 cele wojenne ameryka\u0144skiego prezydenta. Za\u015bmia\u0142 si\u0119 pochlebczo, gdy Trump chwali\u0142 si\u0119 zniszczeniami, jakie spowodowa\u0142y ameryka\u0144skie naloty w Iranie, i deklarowa\u0142, \u017ce Berlin w pe\u0142ni zgadza si\u0119 z Waszyngtonem co do konieczno\u015bci obalenia dyktatury w Teheranie. Dalszy ci\u0105g artyku\u0142u pod materia\u0142em wideo <\/p>\n<p>Dzi\u015b jednak kanclerz nie wydaje si\u0119 ju\u017c w nastroju do \u015bmiechu, gdy konsekwencje wojny \u2014 trwaj\u0105cej ju\u017c dwa tygodnie \u2014 coraz wyra\u017aniej zagra\u017caj\u0105 interesom Niemiec i Europy. Polityczna izolacja Merza w\u015br\u00f3d kluczowych europejskich sojusznik\u00f3w oraz rosn\u0105ca presja ze strony centrolewicowego koalicjanta SPD sk\u0142oni\u0142y go w ostatnich dniach do zaostrzenia stanowiska wobec wojny.<\/p>\n<p>     Merz coraz bardziej obawia si\u0119, \u017ce wojna z Iranem pog\u0142\u0119bi dotychczasowe, powa\u017cne k\u0142opoty gospodarcze kraju. I tak os\u0142abiona <a href=\"https:\/\/wiadomosci.onet.pl\/politico\/niemiecki-gigant-zwalnia-na-potege-trump-podcina-skrzydla-berlinowi-nasze-koszty-sa\/xb0jfmz\" id=\"6aa4b253-c692-418e-a5c7-d60060927ebb\" rel=\"nofollow noopener\" target=\"_blank\">niemiecka produkcja przemys\u0142owa<\/a> otrzyma kolejny cios z powodu rosn\u0105cych cen energii. Martwi si\u0119 tak\u017ce, \u017ce konflikt mo\u017ce zahamowa\u0107 europejskie wysi\u0142ki na rzecz <a href=\"https:\/\/wiadomosci.onet.pl\/swiat\/konflikt-usa-iran-rosja-bardzo-na-tym-korzysta-zle-wiesci-dla-ukrainy\/20ntv20\" id=\"75d0de5f-2303-4c2b-8540-4b9abffd03fb\" rel=\"nofollow noopener\" target=\"_blank\">zako\u0144czenia wojny Rosji przeciwko Ukrainie<\/a>, a nawet wywo\u0142a\u0107 nowy kryzys uchod\u017aczy \u2014 w sytuacji, gdy sam walczy, by nie dopu\u015bci\u0107 do przej\u0119cia politycznej inicjatywy przez skrajnie prawicow\u0105, antyimigranck\u0105 parti\u0119 Alternatywa dla Niemiec.W pi\u0105tek Merz pot\u0119pi\u0142 decyzj\u0119 administracji Trumpa, kt\u00f3ra p\u00f3\u017anym wieczorem w czwartek postanowi\u0142a <a href=\"https:\/\/wiadomosci.onet.pl\/swiat\/nie-czas-na-ustepstwa-byly-ambasador-usa-ostrzega-zlagodzenie-sankcji-w-tym-momencie\/srtddgv\" id=\"6d1aacdc-a0b9-4266-a87f-121fe9887a84\" rel=\"nofollow noopener\" target=\"_blank\">z\u0142agodzi\u0107 sankcje na rosyjsk\u0105 rop\u0119<\/a> w celu obni\u017cenia cen na ca\u0142ym \u015bwiecie. Kanclerz obawia si\u0119, \u017ce taki krok pozwoli jedynie nape\u0142ni\u0107 kas\u0119 Kremla i podtrzyma\u0107 pe\u0142noskalow\u0105 inwazj\u0119 Rosji na Ukrain\u0119. Okre\u015bli\u0142 t\u0119 decyzj\u0119 jako &#8222;niew\u0142a\u015bciw\u0105&#8221;. \u2014 Chcemy mie\u0107 pewno\u015b\u0107, \u017ce Rosja nie wykorzysta wojny w Iranie, by os\u0142abi\u0107 Ukrain\u0119 \u2014 doda\u0142 Merz.     &#8222;Nie jeste\u015bmy zainteresowani wojn\u0105 bez ko\u0144ca&#8221;Od pocz\u0105tku atak\u00f3w USA i Izraela Merz wysy\u0142a\u0142 sprzeczne sygna\u0142y w sprawie Iranu. Dzie\u0144 po pierwszym nalocie wyra\u017ca\u0142 w\u0105tpliwo\u015bci, czy uda si\u0119 obali\u0107 re\u017cim w Teheranie, i ostrzega\u0142 przed <a href=\"https:\/\/wiadomosci.onet.pl\/swiat\/iran-to-powtorka-z-rozrywki-oto-krotka-historia-amerykanskich-interwencji\/chg96xb\" id=\"4d778e19-16c3-489f-82e8-eccab0259a38\" rel=\"nofollow noopener\" target=\"_blank\">powt\u00f3rk\u0105 z Iraku<\/a>. Mimo to stwierdzi\u0142, \u017ce Niemcy nie s\u0105 w pozycji, by poucza\u0107 sojusznik\u00f3w, i popar\u0142 ich cel zmiany re\u017cimu.<\/p>\n<p>Te sprzeczne sygna\u0142y wywo\u0142a\u0142y nawet zamieszanie w rz\u0105dzie Iranu co do niemieckiego stanowiska. \u2014 Nie wiemy, jakie jest faktyczne stanowisko Niemiec \u2014 powiedzia\u0142 Majid Nili Ahmadabadi, ambasador Iranu w Niemczech, serwisowi POLITICO. \u2014 S\u0142yszymy r\u00f3\u017cne g\u0142osy z niemieckiego rz\u0105du.<\/p>\n<p>Jednak w ostatni\u0105 \u015brod\u0119 Merz zaj\u0105\u0142 nieco ostrzejsze stanowisko wobec ameryka\u0144skich i izraelskich nalot\u00f3w, gdy podczas spotkania z premierem Czech Andrejem Babiszem w Berlinie wyrazi\u0142 zaniepokojenie, \u017ce USA i Izrael nie maj\u0105 planu zako\u0144czenia konfliktu. \u2014 Nie jeste\u015bmy zainteresowani wojn\u0105 bez ko\u0144ca \u2014 powiedzia\u0142 wtedy Merz.<\/p>\n<p>Ta zmiana wynika przynajmniej cz\u0119\u015bciowo z rosn\u0105cej presji zar\u00f3wno w UE, jak i we w\u0142asnym rz\u0105dzie koalicyjnym. Centrolewicowi pos\u0142owie SPD coraz g\u0142o\u015bniej krytykuj\u0105 CDU, parti\u0119 Merza, za pob\u0142a\u017cliwo\u015b\u0107 wobec Trumpa i atak\u00f3w na Iran.<\/p>\n<p> <img decoding=\"async\" src=\"https:\/\/www.europesays.com\/pl\/wp-content\/uploads\/2026\/03\/0GHk9lBaHR0cHM6Ly9vY2RuLmV1L3B1bHNjbXMvTURBXy9mYmUzZGE1YzVlZWYwYzA3Zjk2MmYyZjkxNjUyZjZhZS5qcGeRlQLNB.jpeg\" height=\"627\" width=\"940\" alt=\"Friedrich Merz, kanclerz Niemiec, i Donald Trump, prezydent USA, w Gabinecie Owalnym. Waszyngton, 4 marca 2026 r. \" loading=\"lazy\" class=\"ods-c-image__img ods-c-image__img--viewport-width\"\/> <\/p>\n<p>Friedrich Merz, kanclerz Niemiec, i Donald Trump, prezydent USA, w Gabinecie Owalnym. Waszyngton, 4 marca 2026 r.SAMUEL CORUM \/ POOL \/ PAP<\/p>\n<p>\u2014 Stanowisko CDU jest coraz s\u0142absze \u2014 twierdzi Rene Repasi, europose\u0142 SPD. Wed\u0142ug niego krytyka atak\u00f3w USA i Izraela ze strony przewodnicz\u0105cego Rady Europejskiej Antonio Costy pokazuje izolacj\u0119 Berlina. \u2014 Costa wie, \u017ce stoi za nim wi\u0119kszo\u015b\u0107 pa\u0144stw cz\u0142onkowskich \u2014 dodaje Repasi.<\/p>\n<p>W tym tygodniu nawet <a href=\"https:\/\/wiadomosci.onet.pl\/swiat\/wojna-na-bliskim-wschodzie-giorgia-meloni-uderza-w-decyzje-donalda-trumpa\/9zp2pn6\" id=\"66ee396e-5398-4926-8fcb-c731983eddd6\" rel=\"nofollow noopener\" target=\"_blank\">premierka W\u0142och Giorgia Meloni<\/a> \u2014 zazwyczaj sojuszniczka Trumpa \u2014 do\u0142\u0105czy\u0142a do ch\u00f3ru przyw\u00f3dc\u00f3w UE pot\u0119piaj\u0105cyvch ataki na Iran jako sprzeczne z prawem mi\u0119dzynarodowym. Merz nie posun\u0105\u0142 si\u0119 tak daleko \u2014 i raczej tego nie zrobi. Jednak politycy SPD w Berlinie twierdz\u0105, \u017ce zaostrzenie retoryki przez Merza w ostatnich dniach wynika przynajmniej cz\u0119\u015bciowo z presji, jak\u0105 wywierali.     <\/p>\n<p>\u2014 Podczas kilku kolejnych rund rozm\u00f3w w koalicji bardzo stanowczo domagali\u015bmy si\u0119 jasnego odrzucenia tej wojny \u2014 powiedzia\u0142 Adis Ahmetovic, g\u0142\u00f3wny ekspert socjaldemokrat\u00f3w do spraw polityki zagranicznej, na antenie radia Deutschlandfunk na pocz\u0105tku tygodnia.<\/p>\n<p>&#8222;Nadzieje na powr\u00f3t do wzrostu po raz kolejny zostaj\u0105 os\u0142abione&#8221;<\/p>\n<p>Merza motywuj\u0105 te\u017c ryzyka gospodarcze wynikaj\u0105ce z przed\u0142u\u017caj\u0105cej si\u0119 wojny, zw\u0142aszcza \u017ce energoch\u0142onny sektor produkcyjny Niemiec \u2014 ju\u017c wcze\u015bniej borykaj\u0105cy si\u0119 z problemami \u2014 jest szczeg\u00f3lnie nara\u017cony na wzrost koszt\u00f3w.<\/p>\n<p>&#8222;Perspektywy wzrostu najprawdopodobniej b\u0119d\u0105 si\u0119 dalej pogarsza\u0107&#8221; \u2014 napisa\u0142a Veronika Grimm, jedna z czo\u0142owych niemieckich ekonomistek, w eseju dla dziennika &#8222;Handelsblatt&#8221;. &#8222;Dla Niemiec oznacza to, \u017ce nadzieje na powr\u00f3t do wzrostu po raz kolejny zostaj\u0105 os\u0142abione&#8221; \u2014 doda\u0142a.<\/p>\n<p>Niemcy maj\u0105 by\u0107 te\u017c jednym z najbardziej dotkni\u0119tych kraj\u00f3w UE, je\u015bli eskalacja wojny na Bliskim Wschodzie wywo\u0142a nowy kryzys uchod\u017aczy. By\u0142yby najpopularniejszym kierunkiem dla Ira\u0144czyk\u00f3w uciekaj\u0105cych przed wojn\u0105 \u2014 28 proc. z nich wskazuje w\u0142a\u015bnie ten kraj jako najbardziej prawdopodobny cel, jak wynika z bada\u0144 berli\u0144skiej fundacji Rockwool. To w du\u017cej mierze efekt tego, \u017ce w Niemczech ju\u017c dzi\u015b mieszka du\u017ca diaspora ira\u0144ska.<\/p>\n<p> <img decoding=\"async\" src=\"https:\/\/www.europesays.com\/pl\/wp-content\/uploads\/2026\/03\/ZBHk9lBaHR0cHM6Ly9vY2RuLmV1L3B1bHNjbXMvTURBXy8yNzE0YzY2YTRlMjlmMTM2ZmRmY2JjYzMwZDk4NWVkZi5qcGeRlQLNB.jpeg\" height=\"625\" width=\"940\" alt=\"Demonstracja poparcia dla narodu ira\u0144skiego po ataku Izraela i USA, kt\u00f3ry doprowadzi\u0142 do \u015bmierci Alego Chameneia. Berlin, 1 marca 2026 r.\" loading=\"lazy\" class=\"ods-c-image__img ods-c-image__img--viewport-width\"\/> <\/p>\n<p>Demonstracja poparcia dla narodu ira\u0144skiego po ataku Izraela i USA, kt\u00f3ry doprowadzi\u0142 do \u015bmierci Alego Chameneia. Berlin, 1 marca 2026 r.Halil Sa\u011f\u0131rkaya &#8211; Anadolu Agency \/ AFP<\/p>\n<p> Te wyzwania pojawiaj\u0105 si\u0119 w czasie, gdy chadecy Merza staj\u0105 w obliczu <a href=\"https:\/\/wiadomosci.onet.pl\/swiat\/bolesny-cios-dla-rzadu-friedricha-merza-po-wyborczej-porazce-zaczelo-sie-goraczkowe\/bvzfbhb\" id=\"c3a9cc19-ea95-4619-9b41-907e08879610\" rel=\"nofollow noopener\" target=\"_blank\">kolejnych wybor\u00f3w regionalnych<\/a>, w kt\u00f3rych narastaj\u0105cy l\u0119k o gospodark\u0119 i wojn\u0119 za granic\u0105 odgrywa kluczow\u0105 rol\u0119 \u2014 i nap\u0119dza poparcie dla skrajnej prawicy.<\/p>\n<p>W obliczu rosn\u0105cych zagro\u017ce\u0144 Merz w pi\u0105tek zapowiedzia\u0142, \u017ce b\u0119dzie pracowa\u0142 nad planem zako\u0144czenia wojny poprzez rozmowy z krajami G7 oraz Izraelem. \u2014 Niemcy nie s\u0105 stron\u0105 w tej wojnie i nie chcemy si\u0119 ni\u0105 sta\u0107 \u2014 powiedzia\u0142 Merz. \u2014 Wszystkie nasze dzia\u0142ania skupiaj\u0105 si\u0119 na zako\u0144czeniu tego konfliktu.<\/p>\n","protected":false},"excerpt":{"rendered":"Jednak teraz Merz musi wykona\u0107 gwa\u0142towny zwrot, gdy\u017c coraz wyra\u017aniej widzi skutki w dziedzinie gospodarki i bezpiecze\u0144stwa dla&hellip;\n","protected":false},"author":2,"featured_media":306635,"comment_status":"","ping_status":"","sticky":false,"template":"","format":"standard","meta":{"footnotes":"","_share_on_mastodon":"0"},"categories":[14],"tags":[56,32,33,3655,44,345,27,663,91,34,35,28,31,48,25,295,46,40,1314,41,47,80,29,30,48835,71,26,82,83,84],"class_list":["post-306634","post","type-post","status-publish","format-standard","has-post-thumbnail","category-swiat","tag-article_premium","tag-breaking-news","tag-breakingnews","tag-cdu","tag-donald_trump","tag-friedrich_merz","tag-headlines","tag-iran","tag-izrael","tag-latest-news","tag-latestnews","tag-naglowki","tag-najwazniejsze-artykuly","tag-nat_styl","tag-news","tag-niemcy","tag-omp","tag-polish","tag-politico","tag-polski","tag-screening_general","tag-swiat","tag-top-stories","tag-topstories","tag-tst_floating_paywall","tag-usa","tag-wiadomosci","tag-world","tag-world-news","tag-worldnews"],"share_on_mastodon":{"url":"https:\/\/pubeurope.com\/@pl\/116232648355810937","error":""},"_links":{"self":[{"href":"https:\/\/www.europesays.com\/pl\/wp-json\/wp\/v2\/posts\/306634","targetHints":{"allow":["GET"]}}],"collection":[{"href":"https:\/\/www.europesays.com\/pl\/wp-json\/wp\/v2\/posts"}],"about":[{"href":"https:\/\/www.europesays.com\/pl\/wp-json\/wp\/v2\/types\/post"}],"author":[{"embeddable":true,"href":"https:\/\/www.europesays.com\/pl\/wp-json\/wp\/v2\/users\/2"}],"replies":[{"embeddable":true,"href":"https:\/\/www.europesays.com\/pl\/wp-json\/wp\/v2\/comments?post=306634"}],"version-history":[{"count":0,"href":"https:\/\/www.europesays.com\/pl\/wp-json\/wp\/v2\/posts\/306634\/revisions"}],"wp:featuredmedia":[{"embeddable":true,"href":"https:\/\/www.europesays.com\/pl\/wp-json\/wp\/v2\/media\/306635"}],"wp:attachment":[{"href":"https:\/\/www.europesays.com\/pl\/wp-json\/wp\/v2\/media?parent=306634"}],"wp:term":[{"taxonomy":"category","embeddable":true,"href":"https:\/\/www.europesays.com\/pl\/wp-json\/wp\/v2\/categories?post=306634"},{"taxonomy":"post_tag","embeddable":true,"href":"https:\/\/www.europesays.com\/pl\/wp-json\/wp\/v2\/tags?post=306634"}],"curies":[{"name":"wp","href":"https:\/\/api.w.org\/{rel}","templated":true}]}}