{"id":30667,"date":"2025-10-04T04:41:14","date_gmt":"2025-10-04T04:41:14","guid":{"rendered":"https:\/\/www.europesays.com\/pl\/30667\/"},"modified":"2025-10-04T04:41:14","modified_gmt":"2025-10-04T04:41:14","slug":"gawkowski-straszy-cyberczolgami-czekaja-by-uderzyc","status":"publish","type":"post","link":"https:\/\/www.europesays.com\/pl\/30667\/","title":{"rendered":"Gawkowski straszy cyberczo\u0142gami. &#8222;Czekaj\u0105 by uderzy\u0107&#8221;"},"content":{"rendered":"\n<p>&#13;<br \/>\n\u2013 Jeste\u015bmy na\u00a0wojnie hybrydowej z\u00a0Rosj\u0105. GRU trzykrotnie zwi\u0119kszy\u0142o si\u0142y na\u00a0kierunku Polska \u2013\u00a0to\u00a0nie wr\u00f3\u017cy niczego dobrego \u2013\u00a0powiedzia\u0142 na\u00a0antenie Radia Zet Krzysztof Gawkowski, odnosz\u0105c si\u0119 m.in. do\u00a0incydentu, do\u00a0kt\u00f3rego mia\u0142o doj\u015b\u0107 w\u00a0\u015brod\u0119 niedaleko portu w\u00a0Szczecinie, o\u00a0czym poinformowa\u0142 w\u00a0czwartek premier Donald Tusk. &#13;\n<\/p>\n<p>&#13;<br \/>\nM\u00f3wi\u0142 o\u00a0tym w\u00a0Kopenhadze, przy okazji szczytu Europejskiej Wsp\u00f3lnoty Politycznej. \u2013\u00a0Otrzyma\u0142em wiadomo\u015b\u0107 z\u00a0Warszawy. Mieli\u015bmy kolejny incydent w\u00a0pobli\u017cu portu w\u00a0Szczecinie. Dwa dni temu dosz\u0142o do\u00a0incydentu w\u00a0pobli\u017cu platformy Petrobaltic i\u00a0naszych ruroci\u0105g\u00f3w. Sta\u0142y za\u00a0nimi rosyjskie statki \u2013\u00a0podkre\u015bli\u0142 premier. \u2013\u00a0Mamy incydenty w\u00a0naszym regionie na\u00a0Morzu Ba\u0142tyckim niemal ka\u017cdego dnia \u2013\u00a0powiedzia\u0142 szef polskiego rz\u0105du. &#13;\n<\/p>\n<p> Komentarz do\u00a0incydentu w\u00a0szczeci\u0144skim porcie <\/p>\n<p>&#13;<br \/>\nGawkowski skomentowa\u0142 w\u00a0ten spos\u00f3b s\u0142owa premiera Donalda Tuska, kt\u00f3ry na\u00a0szczycie w\u00a0Kopenhadze ujawni\u0142, \u017ce\u00a0w\u00a0ostatnich dniach dosz\u0142o do\u00a0<a href=\"https:\/\/dorzeczy.pl\/kraj\/787326\/incydent-kolo-szczecina-mswia-rosyjski-kuter-nieopodal-rurociagu.html\" rel=\"nofollow noopener\" target=\"_blank\">incydentu w\u00a0porcie w\u00a0Szczecinie<\/a>. Cho\u0107 zarz\u0105dy port\u00f3w w\u00a0Szczecinie i\u00a0\u015awinouj\u015bciu zaprzeczaj\u0105, wicepremier zaznaczy\u0142, \u017ce\u00a0&#8222;to materia\u0142y niejawne&#8221; i\u00a0\u017ce spraw\u0119 nale\u017cy wyja\u015bnia\u0107 z\u00a0ministrem Tomaszem Siemoniakiem. &#13;\n<\/p>\n<p>&#13;<br \/>\nWed\u0142ug Gawkowskiego Agencja Bezpiecze\u0144stwa Wewn\u0119trznego odnotowuje coraz wi\u0119cej zg\u0142osze\u0144 dotycz\u0105cych sabota\u017cu i\u00a0pr\u00f3b destabilizacji \u2013\u00a0w\u00a0tym atak\u00f3w na\u00a0infrastruktur\u0119 krytyczn\u0105. \u2013\u00a0Nie\u00a0chc\u0119 nikogo straszy\u0107, ale\u00a0to, co\u00a0wiem, wskazuje na\u00a0ca\u0142kiem inn\u0105 sytuacj\u0119 ni\u017c\u00a0oficjalne komunikaty \u2013\u00a0podkre\u015bli\u0142. &#13;\n<\/p>\n<p> Cyberczo\u0142gi ju\u017c stoj\u0105 i\u00a0czekaj\u0105, by\u00a0uderzy\u0107 <\/p>\n<p>&#13;<br \/>\nMinister ostrzeg\u0142 szczeg\u00f3lnie przed atakami w\u00a0cyberprzestrzeni. \u2013\u00a0Widzimy wzrost liczby incydent\u00f3w rok do\u00a0roku. Najcz\u0119\u015bciej celem s\u0105 woda, kanalizacja, energia \u2013\u00a0to\u00a0podstawowe potrzeby mieszka\u0144c\u00f3w. Na\u00a0polskich ulicach nie\u00a0ma\u00a0rosyjskich czo\u0142g\u00f3w, ale\u00a0cyberczo\u0142gi ju\u017c stoj\u0105 i\u00a0czekaj\u0105, by\u00a0uderzy\u0107 \u2013\u00a0stwierdzi\u0142. &#13;\n<\/p>\n<p>&#13;<br \/>\nGawkowski poda\u0142, \u017ce\u00a0tylko jednego dnia s\u0142u\u017cby odnotowa\u0142y ponad 2,5 tysi\u0105ca zg\u0142osze\u0144 o\u00a0cyberatakach, z\u00a0czego ponad 700 wymaga\u0142o podj\u0119cia dzia\u0142a\u0144. \u2013\u00a0Rz\u0105d inwestuje ogromne \u015brodki w\u00a0cyberbezpiecze\u0144stwo, bo\u00a0zagro\u017cenie stale ro\u015bnie \u2013\u00a0zaznaczy\u0142. Wicepremier doda\u0142, \u017ce\u00a0Rosja chce zdestabilizowa\u0107 sytuacj\u0119 w\u00a0Europie i\u00a0zatrzyma\u0107 pomoc dla\u00a0Ukrainy, aby\u00a0m\u00f3c kontynuowa\u0107 agresj\u0119. &#13;\n<\/p>\n<p>&#13;<br \/>\nCzytaj te\u017c:<br \/><a href=\"https:\/\/dorzeczy.pl\/kraj\/787170\/kolejna-rosyjska-prowokacja-incydent-w-poblizu-portu-w-szczecinie.html\" rel=\"follow nofollow noopener\" data-schema=\"DORZECZY\" data-image=\"https:\/\/img.dorzeczy.pl\/_thumb\/55\/47\/fe12fecf81ef3be37b486823505c.jpeg\" target=\"_blank\">Kolejna rosyjska prowokacja? Premier poinformowa\u0142 o\u00a0&#8222;incydencie&#8221;<\/a>Czytaj te\u017c:<br \/><a href=\"https:\/\/dorzeczy.pl\/swiat\/786915\/drony-w-niemczech-obserwowaly-infrastrukture-krytyczna.html\" rel=\"follow nofollow noopener\" data-schema=\"DORZECZY\" data-image=\"https:\/\/img.dorzeczy.pl\/_thumb\/bc\/03\/d48afe8acf0fcecaf7ca3310869a.jpeg\" target=\"_blank\">Niepokoj\u0105cy incydent w\u00a0Niemczech. Wiadomo, co\u00a0obserwowa\u0142y drony<\/a>&#13;<\/p>\n","protected":false},"excerpt":{"rendered":"&#13; \u2013 Jeste\u015bmy na\u00a0wojnie hybrydowej z\u00a0Rosj\u0105. GRU trzykrotnie zwi\u0119kszy\u0142o si\u0142y na\u00a0kierunku Polska \u2013\u00a0to\u00a0nie wr\u00f3\u017cy niczego dobrego \u2013\u00a0powiedzia\u0142 na\u00a0antenie&hellip;\n","protected":false},"author":2,"featured_media":30668,"comment_status":"","ping_status":"","sticky":false,"template":"","format":"standard","meta":{"footnotes":""},"categories":[12],"tags":[2231,32,33,9115,9114,98,36,37,9112,27,2089,49,34,35,9113,28,31,25,102,42,38,40,39,41,87,380,29,30,99,26,7792,892],"class_list":{"0":"post-30667","1":"post","2":"type-post","3":"status-publish","4":"format-standard","5":"has-post-thumbnail","7":"category-polska","8":"tag-alina-piekarz","9":"tag-breaking-news","10":"tag-breakingnews","11":"tag-cybebezpieczenstwo","12":"tag-czolg","13":"tag-dorzeczy","14":"tag-featured-news","15":"tag-featurednews","16":"tag-gawkowski","17":"tag-headlines","18":"tag-infrastruktura","19":"tag-kraj","20":"tag-latest-news","21":"tag-latestnews","22":"tag-minister-cyfryzacji","23":"tag-naglowki","24":"tag-najwazniejsze-artykuly","25":"tag-news","26":"tag-opinie","27":"tag-pl","28":"tag-poland","29":"tag-polish","30":"tag-polska","31":"tag-polski","32":"tag-rosja","33":"tag-rzad","34":"tag-top-stories","35":"tag-topstories","36":"tag-tusk","37":"tag-wiadomosci","38":"tag-wicepremier","39":"tag-wojna"},"share_on_mastodon":{"url":"","error":""},"_links":{"self":[{"href":"https:\/\/www.europesays.com\/pl\/wp-json\/wp\/v2\/posts\/30667","targetHints":{"allow":["GET"]}}],"collection":[{"href":"https:\/\/www.europesays.com\/pl\/wp-json\/wp\/v2\/posts"}],"about":[{"href":"https:\/\/www.europesays.com\/pl\/wp-json\/wp\/v2\/types\/post"}],"author":[{"embeddable":true,"href":"https:\/\/www.europesays.com\/pl\/wp-json\/wp\/v2\/users\/2"}],"replies":[{"embeddable":true,"href":"https:\/\/www.europesays.com\/pl\/wp-json\/wp\/v2\/comments?post=30667"}],"version-history":[{"count":0,"href":"https:\/\/www.europesays.com\/pl\/wp-json\/wp\/v2\/posts\/30667\/revisions"}],"wp:featuredmedia":[{"embeddable":true,"href":"https:\/\/www.europesays.com\/pl\/wp-json\/wp\/v2\/media\/30668"}],"wp:attachment":[{"href":"https:\/\/www.europesays.com\/pl\/wp-json\/wp\/v2\/media?parent=30667"}],"wp:term":[{"taxonomy":"category","embeddable":true,"href":"https:\/\/www.europesays.com\/pl\/wp-json\/wp\/v2\/categories?post=30667"},{"taxonomy":"post_tag","embeddable":true,"href":"https:\/\/www.europesays.com\/pl\/wp-json\/wp\/v2\/tags?post=30667"}],"curies":[{"name":"wp","href":"https:\/\/api.w.org\/{rel}","templated":true}]}}