{"id":306969,"date":"2026-03-15T13:44:13","date_gmt":"2026-03-15T13:44:13","guid":{"rendered":"https:\/\/www.europesays.com\/pl\/306969\/"},"modified":"2026-03-15T13:44:13","modified_gmt":"2026-03-15T13:44:13","slug":"wygrala-milion-w-milionerach-lecz-wlasnie-wyznala-ze-nie-zobaczyla-jeszcze-ani-zlotoweczki-pani","status":"publish","type":"post","link":"https:\/\/www.europesays.com\/pl\/306969\/","title":{"rendered":"Wygra\u0142a\u00a0milion w\u00a0&#8222;Milionerach&#8221;, lecz w\u0142a\u015bnie wyzna\u0142a, \u017ce &#8222;nie zobaczy\u0142a\u00a0jeszcze ani z\u0142ot\u00f3weczki&#8221;. Pani&#8230;"},"content":{"rendered":"<p class=\"Paragraph_desktopPostParagraph__6f0Vh\">Wygra\u0142a milion w &#8222;Milionerach&#8221;, lecz w\u0142a\u015bnie wyzna\u0142a, \u017ce &#8222;nie zobaczy\u0142a jeszcze ani z\u0142ot\u00f3weczki&#8221;. Pani El\u017cbieta w rozmowie z mediami dok\u0142adnie opisa\u0142a to, jak wygl\u0105da proces wyp\u0142acania nagrody w programie i doda\u0142a: &#8222;Mam nadziej\u0119, \u017ce o mnie nie zapomnieli&#8221;. Odcinek z jej mistrzowsk\u0105 gr\u0105 o milion zosta\u0142 wyemitowany w Polsacie 12 marca, ale nagrania odby\u0142y si\u0119 ponad dwa miesi\u0105ce temu.<\/p>\n","protected":false},"excerpt":{"rendered":"Wygra\u0142a milion w &#8222;Milionerach&#8221;, lecz w\u0142a\u015bnie wyzna\u0142a, \u017ce &#8222;nie zobaczy\u0142a jeszcze ani z\u0142ot\u00f3weczki&#8221;. Pani El\u017cbieta w rozmowie z&hellip;\n","protected":false},"author":2,"featured_media":306970,"comment_status":"","ping_status":"","sticky":false,"template":"","format":"standard","meta":{"footnotes":"","_share_on_mastodon":"0"},"categories":[22],"tags":[122,53,52,68,51,55,42,2120,38,40,39,41,123,47,50],"class_list":["post-306969","post","type-post","status-publish","format-standard","has-post-thumbnail","category-rozrywka","tag-entertainment","tag-new_header","tag-onet3","tag-onet3d","tag-onet3d_2i","tag-phx","tag-pl","tag-plejada","tag-poland","tag-polish","tag-polska","tag-polski","tag-rozrywka","tag-screening_general","tag-v2021"],"share_on_mastodon":{"url":"https:\/\/pubeurope.com\/@pl\/116233493706726128","error":""},"_links":{"self":[{"href":"https:\/\/www.europesays.com\/pl\/wp-json\/wp\/v2\/posts\/306969","targetHints":{"allow":["GET"]}}],"collection":[{"href":"https:\/\/www.europesays.com\/pl\/wp-json\/wp\/v2\/posts"}],"about":[{"href":"https:\/\/www.europesays.com\/pl\/wp-json\/wp\/v2\/types\/post"}],"author":[{"embeddable":true,"href":"https:\/\/www.europesays.com\/pl\/wp-json\/wp\/v2\/users\/2"}],"replies":[{"embeddable":true,"href":"https:\/\/www.europesays.com\/pl\/wp-json\/wp\/v2\/comments?post=306969"}],"version-history":[{"count":0,"href":"https:\/\/www.europesays.com\/pl\/wp-json\/wp\/v2\/posts\/306969\/revisions"}],"wp:featuredmedia":[{"embeddable":true,"href":"https:\/\/www.europesays.com\/pl\/wp-json\/wp\/v2\/media\/306970"}],"wp:attachment":[{"href":"https:\/\/www.europesays.com\/pl\/wp-json\/wp\/v2\/media?parent=306969"}],"wp:term":[{"taxonomy":"category","embeddable":true,"href":"https:\/\/www.europesays.com\/pl\/wp-json\/wp\/v2\/categories?post=306969"},{"taxonomy":"post_tag","embeddable":true,"href":"https:\/\/www.europesays.com\/pl\/wp-json\/wp\/v2\/tags?post=306969"}],"curies":[{"name":"wp","href":"https:\/\/api.w.org\/{rel}","templated":true}]}}