{"id":307060,"date":"2026-03-15T14:47:27","date_gmt":"2026-03-15T14:47:27","guid":{"rendered":"https:\/\/www.europesays.com\/pl\/307060\/"},"modified":"2026-03-15T14:47:27","modified_gmt":"2026-03-15T14:47:27","slug":"jerzy-dobrowolski-na-scenie-bawil-za-kulisami-pil-dzwonili-ze-lezy-w-rowie-2","status":"publish","type":"post","link":"https:\/\/www.europesays.com\/pl\/307060\/","title":{"rendered":"Jerzy Dobrowolski na scenie bawi\u0142, za kulisami pi\u0142. &#8222;Dzwonili, \u017ce le\u017cy w rowie&#8221;"},"content":{"rendered":"<p class=\"Paragraph_desktopParagraph__U31Gm\">W skr\u00f3cie:<\/p>\n<ul class=\"UnorderedList_container__nmfSl\">\n<li class=\"UnorderedList_listElement__Py7xi UnorderedList_listElementDefault__oEOOV\">Artysta mia\u0142 na koncie filmy takie jak &#8222;Hydrozagadka&#8221; i &#8222;Poszukiwany, poszukiwana&#8221;. Zapisa\u0142 si\u0119 jednak w historii przede wszystkim jako satyryk i kabareciarz.<\/li>\n<li class=\"UnorderedList_listElement__Py7xi UnorderedList_listElementDefault__oEOOV\">&#8222;Nikt, tak jak on, nie potrafi\u0142 opisa\u0107 PRL-owskiej rzeczywisto\u015bci. (&#8230;) Jego humoru nie da si\u0119 z niczym por\u00f3wna\u0107. To by\u0142a piekielna, b\u0142yskawiczna riposta, podkre\u015blenie jednym s\u0142owem, co\u015b, co obezw\u0142adnia\u0142o&#8221; \u2014 opowiada\u0142 Roman Dziewo\u0144ski na antenie Polskiego Radia<\/li>\n<li class=\"UnorderedList_listElement__Py7xi UnorderedList_listElementDefault__oEOOV\">Jerzy Dobrowolski przez lata zmaga\u0142 si\u0119 z na\u0142ogiem alkoholowym. Zmar\u0142 w wieku 57 lat z powodu zapalenia jelita<\/li>\n<\/ul>\n<p class=\"Paragraph_desktopParagraph__U31Gm\">&#8222;Nie ma nic gorszego ni\u017c cz\u0142owiek wykszta\u0142cony ponad w\u0142asn\u0105 inteligencj\u0119&#8221;, &#8222;ale si\u0119 porobi\u0142o&#8221;, &#8222;dla mnie bomba&#8221; czy &#8222;nie twoja broszka&#8221; to sentencje, kt\u00f3re ka\u017cdy z nas s\u0142ysza\u0142 nieraz. A wszystko to dzi\u0119ki Jerzemu Dobrowolskiemu, kt\u00f3ry przez niemal trzy dekady poprawia\u0142 humor Polakom w szarej rzeczywisto\u015bci PRL-u.<\/p>\n<blockquote>\n<p class=\"Paragraph_desktopParagraph__U31Gm\">Jego humoru nie da si\u0119 z niczym por\u00f3wna\u0107. To by\u0142a piekielna, b\u0142yskawiczna riposta, podkre\u015blenie jednym s\u0142owem, co\u015b, co obezw\u0142adnia\u0142o<\/p>\n<\/blockquote>\n<p class=\"Paragraph_desktopParagraph__U31Gm\">\u2014 opowiada\u0142 Roman Dziewo\u0144ski (cytat za Polskim Radiem).<\/p>\n<p class=\"Paragraph_desktopParagraph__U31Gm\">Jerzy Dobrowolski zagra\u0142 w kilku popularnych filmach, takich jak &#8222;Poszukiwany, poszukiwana&#8221;, &#8222;Rejs&#8221; i &#8222;Hydrozagadka&#8221;, ale spe\u0142nia\u0142 si\u0119 przede wszystkim na kabaretowej scenie. Przed publiczno\u015bci\u0105 zawsze towarzyszy\u0142 mu u\u015bmiech. Codzienno\u015b\u0107 nie by\u0142a dla niego ju\u017c taka kolorowa, a problemy z nieustann\u0105 cenzur\u0105 tylko pogarsza\u0142y sytuacj\u0119. Artysta przez lata nie m\u00f3g\u0142 poradzi\u0107 sobie z na\u0142ogiem alkoholowym i depresj\u0105.<\/p>\n<ul class=\"OchatFollowUps_wrapper__1ry7X\">\n<li class=\"OchatFollowUps_item__Dhyly OchatFollowUps_itemDesktop__R6aBv\">Jakie filmy zagra\u0142 Jerzy Dobrowolski?<\/li>\n<li class=\"OchatFollowUps_item__Dhyly OchatFollowUps_itemDesktop__R6aBv\">Kiedy Jerzy Dobrowolski obchodzi\u0142by swoje urodziny?<\/li>\n<li class=\"OchatFollowUps_item__Dhyly OchatFollowUps_itemDesktop__R6aBv\">Jakie problemy zdrowotne mia\u0142 Jerzy Dobrowolski?<\/li>\n<li class=\"OchatFollowUps_item__Dhyly OchatFollowUps_itemDesktop__R6aBv\">Jakie grupy kabaretowe wsp\u00f3\u0142tworzy\u0142 Jerzy Dobrowolski?<\/li>\n<\/ul>\n<p>Jerzy Dobrowolski na scenie bawi\u0142, a za kulisami pi\u0142. &#8222;Dzwonili, \u017ce le\u017cy w rowie&#8221; <\/p>\n<p class=\"Paragraph_desktopParagraph__U31Gm\">Najlepsze lata \u017cycia Jerzego Dobrowolskiego przypad\u0142y na okres okupacji niemieckiej, a potem PRL-u. Aktor urodzi\u0142 si\u0119 15 marca 1930 r. w rodzinie majora Wojska Polskiego W\u0142adys\u0142awa Dobrowolskiego i nauczycielki Janiny G\u00f3reckiej. Ojciec artysty mia\u0142 te\u017c na koncie sukcesy sportowe. Trzykrotnie wyst\u0119powa\u0142 na igrzyskach olimpijskich. Z Los Angeles w 1932 r. przywi\u00f3z\u0142 br\u0105zowy medal w szermierce dru\u017cynowej.<\/p>\n<p class=\"Paragraph_desktopParagraph__U31Gm\">Jerzy Dobrowolski podczas wojny dzia\u0142a\u0142 w Szarych Szeregach. W czasie powstania warszawskiego za\u015b s\u0142u\u017cy\u0142 jako \u0142\u0105cznik oddzia\u0142\u00f3w na \u017boliborzu. Stolic\u0119 opu\u015bci\u0142 wraz z ludno\u015bci\u0105 cywiln\u0105. W obozie w Pruszkowie zosta\u0142 jednak aresztowany przez gestapo. Z niewoli wr\u00f3ci\u0142 dopiero w styczniu 1945 r. Chcia\u0142 zacz\u0105\u0107 wszystko od nowa. Zda\u0142 matur\u0119 i dosta\u0142 si\u0119 na wymarzone studia aktorskie. Uko\u0144czy\u0142 je w 1954 r. wraz z takimi s\u0142awami jak Franciszek Pieczka, Wies\u0142aw Go\u0142as i Mieczys\u0142aw Czechowicz.<\/p>\n<blockquote>\n<p class=\"Paragraph_desktopParagraph__U31Gm\">On mia\u0142 taki swoisty wdzi\u0119k, taki troch\u0119 \u0142obuzerski. (&#8230;) Od wewn\u0105trz. si\u0119 czu\u0142o, \u017ce te iskierki strzelaj\u0105 z niego, \u017ce tu za chwil\u0119 mo\u017ce strzeli\u0107 co\u015b dowcipnego<\/p>\n<\/blockquote>\n<p class=\"Paragraph_desktopParagraph__U31Gm\">\u2014 opowiada\u0142 Wojciech M\u0142ynarski w filmie dokumentalnym &#8222;Pasa\u017cer na gap\u0119&#8221;.<\/p>\n<p class=\"Paragraph_desktopParagraph__U31Gm\">&#8222;Nikt, tak jak on, nie potrafi\u0142 opisa\u0107 PRL-owskiej rzeczywisto\u015bci. Nie chodzi tylko o jego fenomenalne zdolno\u015bci aktorskie czy teksty, kt\u00f3re napisa\u0142 dla siebie i koleg\u00f3w, ale tak\u017ce o zaproponowanie zupe\u0142nie nowej formy sztuki kabaretowej&#8221; \u2014 m\u00f3wi\u0142 z kolei Roman Dziewo\u0144ski w &#8222;Polskim Radiu&#8221;.<\/p>\n<p class=\"Paragraph_desktopParagraph__U31Gm\">I faktycznie Jerzy Dobrowolski znakomicie sprawdza\u0142 si\u0119 na scenie kabaretowej. Dla artyst\u00f3w skecz by\u0142 wtedy jedyn\u0105 form\u0105 wyra\u017cenia sprzeciwu wobec szarej rzeczywisto\u015bci komunistycznego pa\u0144stwa. Aktor wsp\u00f3\u0142tworzy\u0142 s\u0142ynne grupy takie jak &#8222;Ko\u0144&#8221; i &#8222;Owca&#8221;. Wyst\u0119powa\u0142 te\u017c w popularnych s\u0142uchowiskach tworzonych razem z Wojciechem M\u0142ynarskim czy Mari\u0105 Czubaszek.<\/p>\n<blockquote>\n<p class=\"Paragraph_desktopParagraph__U31Gm\">Napisali\u015bmy razem dwa zatrzymane przez cenzur\u0119 scenariusze. Jeden z nich, &#8222;Wies\u0142aw Go\u0142as show&#8221; cenzura zatrzyma\u0142a dlatego, \u017ce wtedy przy w\u0142adzy by\u0142 Gomu\u0142ka i nosi\u0142 pseudonim &#8222;Wies\u0142aw&#8221;. To by\u0142a dla nas prawdziwa tragedia, \u017ce jacy\u015b kretyni, z takich powod\u00f3w, zatrzymuj\u0105 nam scenariusz<\/p>\n<\/blockquote>\n<p class=\"Paragraph_desktopParagraph__U31Gm\">\u2014 opowiada\u0142 Wojciech M\u0142ynarski w audycji &#8222;Ludzie radia&#8221;.<\/p>\n<p><img decoding=\"async\" class=\"Image_image__0tuHp Image_autoHeight__f2n87 \" height=\"587\" width=\"393\" src=\"https:\/\/www.europesays.com\/pl\/wp-content\/uploads\/2026\/03\/fc6k9kpTURBXy8yYzE1Yzg4NjZmNzg1NGM2Y2Q0YTExYjYwMDI0MjU0NC5qcGeSlQLNA6wAwsOVAgDNAkvCw94AA6EwAaExAaEzw.jpeg\" alt=\"Jerzy Dobrowolski\" loading=\"lazy\" \/>Narodowe Archiwum Cyfrowe<\/p>\n<p>Jerzy Dobrowolski<\/p>\n<p class=\"Paragraph_desktopParagraph__U31Gm\">Jerzy Dobrowolski s\u0142yn\u0105\u0142 z ci\u0119tych wypowiedzi i inteligentnego poczucia humoru. Cenili go za to nie tylko widzowie, ale te\u017c koledzy z bran\u017cy. Antoni Marianowicz opisywa\u0142 go jako &#8222;najwi\u0119ksz\u0105 indywidualno\u015bci\u0105 powojennego kabaretu polskiego&#8221;. To w\u0142a\u015bnie dzi\u0119ki tym cechom otrzyma\u0142 rol\u0119 w telewizyjnym spektaklu &#8222;K\u0142opoty to moja specjalno\u015b\u0107&#8221; w re\u017cyserii Marka Piwowskiego.<\/p>\n<blockquote>\n<p class=\"Paragraph_desktopParagraph__U31Gm\">Do roli Philipa Marlowe&#8217;a w spektaklu &#8222;K\u0142opoty to moja specjalno\u015b\u0107&#8221; wzi\u0105\u0142em go w\u0142a\u015bnie z powodu j\u0119zyka. Dobrowolski m\u00f3wi\u0142 prywatnie tak samo ironicznie jak Marlowe. Pod niego dopisywa\u0142em Chandlerowi nowe dialogi \u2014 np. policja znajduje trupa z dziur\u0105 w g\u0142owie. Pytaj\u0105 Marlowe&#8217;a: \u2014 Zna\u0142 go pan? \u2014 Nie zna\u0142em nikogo z tak\u0105 dziur\u0105 w g\u0142owie<\/p>\n<\/blockquote>\n<p class=\"Paragraph_desktopParagraph__U31Gm\">\u2014 m\u00f3wi\u0142 re\u017cyser Marek Piwowski w artykule &#8222;Dzie\u0144 dobry jestem z Kobry&#8221;.<\/p>\n<p class=\"Paragraph_desktopParagraph__U31Gm\">Aktor zagra\u0142 te\u017c w kilku uwielbianych filmach takich jak &#8222;Hydrozagadka&#8221; czy &#8222;Poszukiwany, poszukiwana&#8221;. Ale to nie znaczy, \u017ce jego \u017cycie to pasmo samych sukces\u00f3w. Wprost przeciwnie. \u017bycie Jerzego Dobrowolskiego by\u0142o naznaczone przez uzale\u017cnienie. Artysta nadu\u017cywa\u0142 alkoholu i przez lata nikt nie by\u0142 w stanie mu pom\u00f3c.<\/p>\n<blockquote>\n<p class=\"Paragraph_desktopParagraph__U31Gm\">A to policja rzeczna dzwoni\u0142a z Zegrza, a to le\u017ca\u0142 gdzie\u015b w rowie&#8230; Ile razy wyci\u0105ga\u0142 go M\u0142ynarski, ile razy Derfel. Prze\u017cy\u0142am gehenn\u0119 przez swoje uzale\u017cnienie od Jurka<\/p>\n<\/blockquote>\n<p class=\"Paragraph_desktopParagraph__U31Gm\">\u2014 opowiada\u0142 druga \u017cona artysty, Jolanta Zykun.<\/p>\n<p class=\"Paragraph_desktopParagraph__U31Gm\">Aktorka pozna\u0142a przysz\u0142ego m\u0119\u017ca, gdy tu\u017c po studiach dosta\u0142a prac\u0119 w teatrze. To dla niej Jerzy Dobrowolski zostawi\u0142 pierwsz\u0105 \u017con\u0119, Ew\u0119 Szmidt. Para mia\u0142a c\u00f3rk\u0119. W ich domu jednak nie dzia\u0142o si\u0119 dobrze. Jolanta Zykun wiele razy pr\u00f3bowa\u0142a wp\u0142yn\u0105\u0107 na m\u0119\u017ca. Jak sama m\u00f3wi, by\u0142a wsp\u00f3\u0142uzale\u017cniona. Dopiero gdy po\u0142o\u017cy\u0142a na stole pozew rozwodowy, Jerzy Dobrowolski podj\u0105\u0142 pr\u00f3b\u0119 leczenia. By\u0142o ju\u017c jednak za p\u00f3\u017ano.<\/p>\n<p class=\"Paragraph_desktopParagraph__U31Gm\">Jerzy Dobrowolski i Jolanta Zykun rozwiedli si\u0119 w 1984 r., czyli trzy lata przed \u015bmierci\u0105 aktora.<\/p>\n<p><img decoding=\"async\" class=\"Image_image__0tuHp Image_autoHeight__f2n87 \" height=\"587\" width=\"800\" src=\"https:\/\/www.europesays.com\/pl\/wp-content\/uploads\/2026\/03\/Njyk9kpTURBXy9iMzRiMGE5NmEyYmI0NmM2NGUzOWFiYjA4ZjQ4ZjFiMi5qcGeSlQLNA6wAwsOVAgDNAkvCw94AA6EwAaExAaEzw.jpeg\" alt=\"Kabaret Owca: Wojciech Pokora, Jerzy Dobrowolski i J\u00f3zef Nowak\" loading=\"lazy\" \/>PAP\/CAF &#8211; ARCHIWUM \/ PAP<\/p>\n<p>Kabaret Owca: Wojciech Pokora, Jerzy Dobrowolski i J\u00f3zef Nowak<\/p>\n<p class=\"Paragraph_desktopParagraph__U31Gm\">Artysta zmar\u0142 17 lipca 1987 r., maj\u0105c 57 lat. Oficjaln\u0105 przyczyn\u0105 jego \u015bmierci by\u0142o zapalenie jelit. Wp\u0142yw na jego stan zdrowia mia\u0142o te\u017c d\u0142ugoletnie nadu\u017cywanie alkoholu. Druga \u017cona Jerzego Dobrowolskiego zadba\u0142a o to, aby podczas pogrzebu spe\u0142niono jego ostatni\u0105 wol\u0119. &#8222;Chcia\u0142, \u017ceby by\u0142o weso\u0142o. Wyda\u0142am maj\u0105tek, \u017ceby u\u0142o\u017cyli go w trumnie na boczku. Poduszeczka, kurteczka, sztruksy, tak jak lubi\u0142&#8221;  \u2014 przyzna\u0142a (cytat za Onet Kultura).<\/p>\n<p class=\"Paragraph_desktopParagraph__U31Gm\">Dzi\u0119kujemy, \u017ce przeczyta\u0142a\u015b\/e\u015b nasz artyku\u0142 do ko\u0144ca. W serwisie Plejada.pl ka\u017cdego dnia piszemy o najwa\u017cniejszych wydarzeniach show-biznesowych. B\u0105d\u017a na bie\u017c\u0105co! <a rel=\"nofollow noopener\" href=\"https:\/\/news.google.com\/publications\/CAAiEF0PeAlb7W1llpV_mwV2rL4qFAgKIhBdD3gJW-1tZZaVf5sFdqy-?hl=pl&amp;gl=PL&amp;ceid=PL%3Apl\" id=\"f6b5955d-2f4f-41ff-93ac-cfba32736b4b\" target=\"_blank\">Obserwuj<\/a> Plejad\u0119 w Wiadomo\u015bciach Google. Odwied\u017a nas tak\u017ce na <a rel=\"nofollow noopener\" href=\"https:\/\/www.facebook.com\/plejadapl\" id=\"d45441ad-4ad2-44e8-b3a7-67e8a8972b93\" target=\"_blank\">Facebooku<\/a>, <a rel=\"nofollow noopener\" href=\"https:\/\/www.instagram.com\/plejadapl\/\" id=\"77989f6a-db35-4373-963f-c6b33bf0cfd1\" target=\"_blank\">Instagramie<\/a>, <a rel=\"nofollow noopener\" href=\"https:\/\/www.youtube.com\/c\/plejada\" id=\"709aff61-2822-4857-92a2-45b39e5b559a\" target=\"_blank\">YouTubie<\/a> oraz <a rel=\"nofollow noopener\" href=\"https:\/\/www.tiktok.com\/@plejada_pl\" id=\"508f4dd1-aacf-44be-b11b-c8d5c236e8d5\" target=\"_blank\">TikToku<\/a>.<\/p>\n<p class=\"Paragraph_desktopParagraph__U31Gm\">Chcesz podzieli\u0107 si\u0119 ciekawym newsem lub zaproponowa\u0107 temat? Skontaktuj si\u0119 z nami, pisz\u0105c maila na adres: <a href=\"https:\/\/www.onet.pl\/styl-zycia\/plejada\/jerzy-dobrowolski-na-scenie-bawil-za-kulisami-pil-dzwonili-ze-lezy-w-rowie\/mailto:plejada@redakcjaonet.pl\" id=\"7dccf671-9875-4ee6-aece-9f6f327f89e0\" rel=\"nofollow noopener\" target=\"_blank\">plejada@redakcjaonet.pl<\/a>.<\/p>\n<p><script async src=\"\/\/www.instagram.com\/embed.js\"><\/script><script async src=\"\/\/www.tiktok.com\/embed.js\"><\/script><\/p>\n","protected":false},"excerpt":{"rendered":"W skr\u00f3cie: Artysta mia\u0142 na koncie filmy takie jak &#8222;Hydrozagadka&#8221; i &#8222;Poszukiwany, poszukiwana&#8221;. Zapisa\u0142 si\u0119 jednak w historii&hellip;\n","protected":false},"author":2,"featured_media":307061,"comment_status":"","ping_status":"","sticky":false,"template":"","format":"standard","meta":{"footnotes":"","_share_on_mastodon":"0"},"categories":[22],"tags":[470,122,2728,67,49552,261,46638,53,52,68,51,55,42,38,40,39,41,123,47,627,50],"class_list":["post-307060","post","type-post","status-publish","format-standard","has-post-thumbnail","category-rozrywka","tag-educate_me","tag-entertainment","tag-evergreen","tag-intextvideo_splayer","tag-jerzy_dobrowolski","tag-kultura","tag-less_more_tst1","tag-new_header","tag-onet3","tag-onet3d","tag-onet3d_2i","tag-phx","tag-pl","tag-poland","tag-polish","tag-polska","tag-polski","tag-rozrywka","tag-screening_general","tag-uzaleznienie","tag-v2021"],"share_on_mastodon":{"url":"https:\/\/pubeurope.com\/@pl\/116233741554283069","error":""},"_links":{"self":[{"href":"https:\/\/www.europesays.com\/pl\/wp-json\/wp\/v2\/posts\/307060","targetHints":{"allow":["GET"]}}],"collection":[{"href":"https:\/\/www.europesays.com\/pl\/wp-json\/wp\/v2\/posts"}],"about":[{"href":"https:\/\/www.europesays.com\/pl\/wp-json\/wp\/v2\/types\/post"}],"author":[{"embeddable":true,"href":"https:\/\/www.europesays.com\/pl\/wp-json\/wp\/v2\/users\/2"}],"replies":[{"embeddable":true,"href":"https:\/\/www.europesays.com\/pl\/wp-json\/wp\/v2\/comments?post=307060"}],"version-history":[{"count":0,"href":"https:\/\/www.europesays.com\/pl\/wp-json\/wp\/v2\/posts\/307060\/revisions"}],"wp:featuredmedia":[{"embeddable":true,"href":"https:\/\/www.europesays.com\/pl\/wp-json\/wp\/v2\/media\/307061"}],"wp:attachment":[{"href":"https:\/\/www.europesays.com\/pl\/wp-json\/wp\/v2\/media?parent=307060"}],"wp:term":[{"taxonomy":"category","embeddable":true,"href":"https:\/\/www.europesays.com\/pl\/wp-json\/wp\/v2\/categories?post=307060"},{"taxonomy":"post_tag","embeddable":true,"href":"https:\/\/www.europesays.com\/pl\/wp-json\/wp\/v2\/tags?post=307060"}],"curies":[{"name":"wp","href":"https:\/\/api.w.org\/{rel}","templated":true}]}}