{"id":307080,"date":"2026-03-15T15:00:11","date_gmt":"2026-03-15T15:00:11","guid":{"rendered":"https:\/\/www.europesays.com\/pl\/307080\/"},"modified":"2026-03-15T15:00:11","modified_gmt":"2026-03-15T15:00:11","slug":"kwalifikacje-dla-niki-prevc-polki-w-konkursie","status":"publish","type":"post","link":"https:\/\/www.europesays.com\/pl\/307080\/","title":{"rendered":"Kwalifikacje dla Niki Prevc, Polki w konkursie"},"content":{"rendered":"<p><a href=\"http:\/\/www.orlen.pl\" target=\"_blank\" rel=\"nofollow noopener\"><img decoding=\"async\" class=\"hidden-sm hidden-xs img-responsive lazyload\" src=\"https:\/\/www.europesays.com\/pl\/wp-content\/uploads\/2026\/03\/1773586810_482_840x70 - belka gorna w wiadomosciach.png\" alt=\"\" title=\"Orlen\" style=\"\" loading=\"lazy\"\/><img decoding=\"async\" class=\"hidden-md hidden-lg img-responsive lazyload\" src=\"https:\/\/www.europesays.com\/pl\/wp-content\/uploads\/2026\/03\/1773586810_482_840x70 - belka gorna w wiadomosciach.png\" alt=\"\" title=\"Orlen\" loading=\"lazy\"\/><\/a><\/p>\n<p>                                                                    <img decoding=\"async\" src=\"https:\/\/www.europesays.com\/pl\/wp-content\/uploads\/2026\/03\/nika_2026-03-15_13-59-24.jpg\" _data-fancybox=\"gallery38531\" _data-caption=\"Nika Prevc\" class=\"img-responsive lazyload\" alt=\"Nika Prevc\" title=\"Nika Prevc\"\/><\/p>\n<p>                                            Nika Prevc                                        <\/p>\n<p>                                            fot. Tadeusz Mieczy\u0144ski                                        <\/p>\n<p>Nika Prevc wygra\u0142a kwalifikacje do niedzielnego konkursu indywidualnego Pucharu \u015awiata pa\u0144 na Holmenkollbakken (HS134) w Oslo. Reprezentantka S\u0142owenii zwyci\u0119\u017cy\u0142a po skoku na odleg\u0142o\u015b\u0107 128 metr\u00f3w. Polki w komplecie awansowa\u0142y do zawod\u00f3w.<\/p>\n<p>                            <a class=\"fancybox\" href=\"https:\/\/www.europesays.com\/pl\/wp-content\/uploads\/2026\/03\/nika_2026-03-15_13-59-24.jpg\" data-fancybox=\"gallery38531\" data-caption=\"Nika Prevc, fot. Tadeusz Mieczy\u0144ski\"><img decoding=\"async\" class=\"img-responsive lazyload\" src=\"https:\/\/www.europesays.com\/pl\/wp-content\/uploads\/2026\/03\/280x190_q80_nika_2026-03-15_13-59-24.jpg\" alt=\"Nika Prevc\" title=\"Nika Prevc\"\/><\/a>Nika Prevc<\/p>\n<p>Niedzielne kwalifikacje wygra\u0142a dzisiejsza solenizantka, Nika Prevc. Zdobywczyni Kryszta\u0142owej Kuli wyl\u0105dowa\u0142a ze skr\u00f3conego rozbiegu na 128. metrze i wyprzedzi\u0142a o 8,3 punktu Abigail Strate (127 m). Trzecie miejsce zaj\u0119\u0142a Agnes Reisch (122,5 m), czwarta by\u0142a Yuki Ito (125,5 m), pi\u0105ta Nozomi Maruyama (125 m), z kolei sz\u00f3sta Sara Takanashi (123 m).<\/p>\n<p>W czo\u0142owej dziesi\u0105tce sklasyfikowane zosta\u0142y r\u00f3wnie\u017c Yuka Seto (120 m), Anna Odine Stroem (118 m), Lisa Eder (118,5 m) i Nika Vodan (120 m).<\/p>\n<p>Anna Twardosz z wynikiem 104,5 metra zaj\u0119\u0142a dwudzieste dziewi\u0105te miejsce. Trzydziesta pi\u0105ta by\u0142a Pola Be\u0142towska (99 m).<\/p>\n<p>Upadek po skoku na 113. metr zanotowa\u0142a Sofia Mattila. Finka wsta\u0142a jednak o w\u0142asnych si\u0142ach i awansowa\u0142a do dzisiejszego konkursu.<\/p>\n<p>Kwalifikacje rozegrano z 21., 20. i 19. belki.<\/p>\n<p>Pocz\u0105tek konkursu o 14:20. Transmisja w HBO Max.<\/p>\n<p><a href=\"https:\/\/www.skijumping.pl\/live-berkutschi\/lps\" target=\"_blank\" rel=\"nofollow noopener\">Wyniki b\u0119dziecie mogli \u015bledzi\u0107 za po\u015brednictwem relacji LIVE Berkutschi &gt;&gt;&gt;<\/a><\/p>\n<p>lub <a href=\"http:\/\/live.skijumping.pl\/lps\" target=\"_blank\" rel=\"nofollow noopener\">relacji LIVE FIS &gt;&gt;&gt;<\/a><\/p>\n<p><a href=\"http:\/\/www.orlen.pl\" target=\"_blank\" rel=\"nofollow noopener\"><img decoding=\"async\" class=\"hidden-sm hidden-xs img-responsive lazyload\" src=\"https:\/\/www.europesays.com\/pl\/wp-content\/uploads\/2026\/03\/1773586811_936_840x50 - belka dolna w wiadomosciach.png\" alt=\"\" title=\"Orlen\" style=\"\" loading=\"lazy\"\/><img decoding=\"async\" class=\"hidden-md hidden-lg img-responsive lazyload\" src=\"https:\/\/www.europesays.com\/pl\/wp-content\/uploads\/2026\/03\/1773586811_936_840x50 - belka dolna w wiadomosciach.png\" alt=\"\" title=\"Orlen\" loading=\"lazy\"\/><\/a><\/p>\n<p>                                    Adam Bucholz,<br \/>\n                                    \u017ar\u00f3d\u0142o: Informacja w\u0142asna\n                            <\/p>\n<p>\n                                    ogl\u0105dalno\u015b\u0107: (2622)<br \/>\n                                    komentarze: (20)\n                                <\/p>\n","protected":false},"excerpt":{"rendered":"Nika Prevc fot. Tadeusz Mieczy\u0144ski Nika Prevc wygra\u0142a kwalifikacje do niedzielnego konkursu indywidualnego Pucharu \u015awiata pa\u0144 na Holmenkollbakken&hellip;\n","protected":false},"author":2,"featured_media":307081,"comment_status":"","ping_status":"","sticky":false,"template":"","format":"standard","meta":{"footnotes":"","_share_on_mastodon":"0"},"categories":[24],"tags":[1574,1546,1557,1558,1561,1573,1571,1563,291,1553,1564,1549,1551,1543,1550,1562,1547,1565,1540,1568,1544,42,38,40,39,41,1554,1359,1567,1560,1559,1566,1556,1569,1539,1538,1555,127,126,1552,1541,1548,1542,1570,1572,645,1545],"class_list":["post-307080","post","type-post","status-publish","format-standard","has-post-thumbnail","category-sport","tag-4skocznie","tag-adam","tag-adam-malysz","tag-adammalysz","tag-coc","tag-czteryskocznie","tag-fis","tag-fis-cup","tag-historia","tag-horngacher","tag-io","tag-kobayashi","tag-kraft","tag-kuba","tag-kubacki","tag-lotos-cup","tag-malysz","tag-ms","tag-narciarskie","tag-narty","tag-piotrek","tag-pl","tag-poland","tag-polish","tag-polska","tag-polski","tag-polskie","tag-ranking","tag-ski-jumping","tag-skijump","tag-skijumping","tag-skoczkowie","tag-skocznia","tag-skocznie","tag-skoki","tag-skoki-narciarskie","tag-skokinarciarskie","tag-sport","tag-sports","tag-stefan","tag-stoch","tag-wellinger","tag-wolny","tag-zakopane","tag-zawody","tag-zdjecia","tag-zyla"],"share_on_mastodon":{"url":"https:\/\/pubeurope.com\/@pl\/116233792963404393","error":""},"_links":{"self":[{"href":"https:\/\/www.europesays.com\/pl\/wp-json\/wp\/v2\/posts\/307080","targetHints":{"allow":["GET"]}}],"collection":[{"href":"https:\/\/www.europesays.com\/pl\/wp-json\/wp\/v2\/posts"}],"about":[{"href":"https:\/\/www.europesays.com\/pl\/wp-json\/wp\/v2\/types\/post"}],"author":[{"embeddable":true,"href":"https:\/\/www.europesays.com\/pl\/wp-json\/wp\/v2\/users\/2"}],"replies":[{"embeddable":true,"href":"https:\/\/www.europesays.com\/pl\/wp-json\/wp\/v2\/comments?post=307080"}],"version-history":[{"count":0,"href":"https:\/\/www.europesays.com\/pl\/wp-json\/wp\/v2\/posts\/307080\/revisions"}],"wp:featuredmedia":[{"embeddable":true,"href":"https:\/\/www.europesays.com\/pl\/wp-json\/wp\/v2\/media\/307081"}],"wp:attachment":[{"href":"https:\/\/www.europesays.com\/pl\/wp-json\/wp\/v2\/media?parent=307080"}],"wp:term":[{"taxonomy":"category","embeddable":true,"href":"https:\/\/www.europesays.com\/pl\/wp-json\/wp\/v2\/categories?post=307080"},{"taxonomy":"post_tag","embeddable":true,"href":"https:\/\/www.europesays.com\/pl\/wp-json\/wp\/v2\/tags?post=307080"}],"curies":[{"name":"wp","href":"https:\/\/api.w.org\/{rel}","templated":true}]}}