{"id":307143,"date":"2026-03-15T15:50:13","date_gmt":"2026-03-15T15:50:13","guid":{"rendered":"https:\/\/www.europesays.com\/pl\/307143\/"},"modified":"2026-03-15T15:50:13","modified_gmt":"2026-03-15T15:50:13","slug":"brooklyn-beckham-wywolal-poruszenie-oto-co-zrobil-syn-davida-i-victorii","status":"publish","type":"post","link":"https:\/\/www.europesays.com\/pl\/307143\/","title":{"rendered":"Brooklyn Beckham wywo\u0142a\u0142 poruszenie! Oto co zrobi\u0142 syn Davida i Victorii"},"content":{"rendered":"<p>O konflikcie w rodzinie Beckham\u00f3w media rozpisuj\u0105 si\u0119 od miesi\u0119cy. Apogeum nast\u0105pi\u0142o w styczniu, gdy Brooklyn zamie\u015bci\u0142 na Instagramie szokuj\u0105ce o\u015bwiadczenie. Zarzuci\u0142 rodzicom m.in., \u017ce kontrowali go przez wi\u0119kszo\u015b\u0107 jego \u017cycia i niejednokrotnie pr\u00f3bowali rozbi\u0107 jego zwi\u0105zek. Pad\u0142y r\u00f3wnie\u017c oskar\u017cenia, \u017ce Victoria zrujnowa\u0142a wesele syna (<a href=\"https:\/\/przegladsportowy.onet.pl\/ofsajd\/szokujace-oswiadczenie-brooklyna-beckhama-o-to-oskarza-slynnych-rodzicow\/pw1vddk\" id=\"d24de71f-a705-43e3-a1a6-1dcf7dbd9f18\" rel=\"nofollow noopener\" target=\"_blank\">o szczeg\u00f3\u0142ach przeczytasz tutaj<\/a>). Dalszy ci\u0105g artyku\u0142u pod materia\u0142em wideo <\/p>\n<p>By\u0142y pi\u0142karz i projektantka mody pr\u00f3bowali wyci\u0105gn\u0105\u0107 r\u0119k\u0119 do syna. Gdy 4 marca Brooklyn obchodzi\u0142 urodziny, rodzice z\u0142o\u017cyli mu \u017cyczenia za po\u015brednictwem medi\u00f3w spo\u0142eczno\u015bciowych. Podkre\u015blali, \u017ce bardzo go kochaj\u0105. Solenizant mia\u0142 jednak zignorowa\u0107 gest matki i ojca. Pojawi\u0142y si\u0119 te\u017c doniesienia, \u017ce by\u0142 niezadowolony, gdy dowiedzia\u0142 si\u0119, co zrobili jego rodzice. Mia\u0142 stwierdzi\u0107, \u017ce by\u0142y to \u017cyczenia &#8222;pod publiczk\u0119&#8221;.<\/p>\n<p>     Brooklyn Beckham \u015bwi\u0119towa\u0142 urodziny te\u015bciowej. Oto co pojawi\u0142o si\u0119 w sieci<\/p>\n<p>Tymczasem brytyjskie portale zwracaj\u0105 uwag\u0119 na ostatnie zachowanie Brooklyna Beckhama. 27-latek celebrowa\u0142 urodziny te\u015bciowej Claudii Heffner Peltz, co jego \u017cona pokaza\u0142a na Instagramie. Nicola Peltz opublikowa\u0142a zdj\u0119cia z mam\u0105 i m\u0119\u017cem.<\/p>\n<p> Co si\u0119 sta\u0142o mi\u0119dzy Brooklynem Beckhamem a jego rodzicami? <\/p>\n<p> Jak Brooklyn Beckham obchodzi\u0142 urodziny te\u015bciowej? <\/p>\n<p> Jakie \u017cyczenia Brooklyn Beckham skierowa\u0142 do te\u015bciowej? <\/p>\n<p> Jak reagowali rodzice Brooklyna na jego urodziny? <\/p>\n<p>&#8222;Wszystkiego najlepszego z okazji urodzin, mamo! Sam fakt, \u017ce mog\u0119 nazywa\u0107 ci\u0119 mam\u0105, sprawia, \u017ce czuj\u0119 si\u0119 naprawd\u0119 najszcz\u0119\u015bliwsza na \u015bwiecie. Bardzo si\u0119 ciesz\u0119, \u017ce mog\u0142am sp\u0119dzi\u0107 ten wyj\u0105tkowy dzie\u0144 razem z tob\u0105. Uwielbiam \u015bwi\u0119towa\u0107 twoje urodziny \u2014 twoje \u015bwiat\u0142o jest tak jasne, \u017ce dzi\u0119ki tobie wszystko na tym \u015bwiecie staje si\u0119 lepsze. Kocham ci\u0119 bardziej, ni\u017c kiedykolwiek b\u0119dziesz w stanie poj\u0105\u0107. Mam nadziej\u0119, \u017ce wszystkie twoje marzenia i pragnienia si\u0119 spe\u0142ni\u0105!&#8221; \u2014 zwr\u00f3ci\u0142a si\u0119 do swojej rodzicielki 31-letnia aktorka.<\/p>\n<p>&#8222;Victoria Beckham otrzyma\u0142a nowy cios przed Dniem Matki (ten w tym roku w Wielkiej Brytanii obchodzony jest 15 marca \u2014 przyp. red.), gdy jej syn Brooklyn \u015bwi\u0119towa\u0142 urodziny matki Nicoli Peltz&#8221; \u2014 podsumowa\u0142 Daily Mail.<\/p>\n<p>Dodajmy, \u017ce Brooklyn Beckham udost\u0119pni\u0142 na Instastory post \u017cony i bezpo\u015brednio zwr\u00f3ci\u0142 si\u0119 do te\u015bciowej. &#8222;Wszystkiego najlepszego z okazji urodzin dla najlepszej te\u015bciowej, kocham ci\u0119 bardzo i mam nadziej\u0119, \u017ce sp\u0119dzi\u0142a\u015b najwspanialszy dzie\u0144&#8221; \u2014 napisa\u0142.<\/p>\n<p> <img decoding=\"async\" src=\"https:\/\/www.europesays.com\/pl\/wp-content\/uploads\/2026\/03\/BPJk9lBaHR0cHM6Ly9vY2RuLmV1L3B1bHNjbXMvTURBXy85NGE0OTQzMTcxODI1ODBkYjJlMjgyMTM5ZWQzM2Q2Ny5wbmeRlQLNA.jpeg\" height=\"426\" width=\"242\" alt=\"Wpis Brooklyna Beckhama\" loading=\"lazy\" class=\"ods-c-image__img ods-c-image__img--vertical\"\/> <\/p>\n<p>Wpis Brooklyna Beckhama\u0179r\u00f3d\u0142o: Instagram\/brooklynpeltzbeckham<\/p>\n","protected":false},"excerpt":{"rendered":"O konflikcie w rodzinie Beckham\u00f3w media rozpisuj\u0105 si\u0119 od miesi\u0119cy. Apogeum nast\u0105pi\u0142o w styczniu, gdy Brooklyn zamie\u015bci\u0142 na&hellip;\n","protected":false},"author":2,"featured_media":307144,"comment_status":"","ping_status":"","sticky":false,"template":"","format":"standard","meta":{"footnotes":"","_share_on_mastodon":"0"},"categories":[22],"tags":[9693,9400,122,48789,48,16484,129,46,42,38,40,39,41,123,47,9326,130],"class_list":["post-307143","post","type-post","status-publish","format-standard","has-post-thumbnail","category-rozrywka","tag-brooklyn_beckham","tag-david_beckham","tag-entertainment","tag-m_ps_bb_delay_tst0","tag-nat_styl","tag-nicola_peltz","tag-ofsajd","tag-omp","tag-pl","tag-poland","tag-polish","tag-polska","tag-polski","tag-rozrywka","tag-screening_general","tag-victoria_beckham","tag-wiadomosci_sportowe"],"share_on_mastodon":{"url":"https:\/\/pubeurope.com\/@pl\/116233989502373041","error":""},"_links":{"self":[{"href":"https:\/\/www.europesays.com\/pl\/wp-json\/wp\/v2\/posts\/307143","targetHints":{"allow":["GET"]}}],"collection":[{"href":"https:\/\/www.europesays.com\/pl\/wp-json\/wp\/v2\/posts"}],"about":[{"href":"https:\/\/www.europesays.com\/pl\/wp-json\/wp\/v2\/types\/post"}],"author":[{"embeddable":true,"href":"https:\/\/www.europesays.com\/pl\/wp-json\/wp\/v2\/users\/2"}],"replies":[{"embeddable":true,"href":"https:\/\/www.europesays.com\/pl\/wp-json\/wp\/v2\/comments?post=307143"}],"version-history":[{"count":0,"href":"https:\/\/www.europesays.com\/pl\/wp-json\/wp\/v2\/posts\/307143\/revisions"}],"wp:featuredmedia":[{"embeddable":true,"href":"https:\/\/www.europesays.com\/pl\/wp-json\/wp\/v2\/media\/307144"}],"wp:attachment":[{"href":"https:\/\/www.europesays.com\/pl\/wp-json\/wp\/v2\/media?parent=307143"}],"wp:term":[{"taxonomy":"category","embeddable":true,"href":"https:\/\/www.europesays.com\/pl\/wp-json\/wp\/v2\/categories?post=307143"},{"taxonomy":"post_tag","embeddable":true,"href":"https:\/\/www.europesays.com\/pl\/wp-json\/wp\/v2\/tags?post=307143"}],"curies":[{"name":"wp","href":"https:\/\/api.w.org\/{rel}","templated":true}]}}