{"id":307159,"date":"2026-03-15T16:10:10","date_gmt":"2026-03-15T16:10:10","guid":{"rendered":"https:\/\/www.europesays.com\/pl\/307159\/"},"modified":"2026-03-15T16:10:10","modified_gmt":"2026-03-15T16:10:10","slug":"japonski-dublet-zwyciestwo-yuki-ito","status":"publish","type":"post","link":"https:\/\/www.europesays.com\/pl\/307159\/","title":{"rendered":"Japo\u0144ski dublet, zwyci\u0119stwo Yuki Ito"},"content":{"rendered":"<p>Yuki Ito zosta\u0142a triumfatork\u0105 niedzielnego konkursu indywidualnego Pucharu \u015awiata pa\u0144 na Holmenkollbakken (HS134) w Oslo. Reprezentantka Japonii poszybowa\u0142a na odleg\u0142o\u015b\u0107 127 m i 126,5 m. Druga by\u0142a Nozomi Maruyama, a trzecia Anna Odine Stroem. Awans do fina\u0142u wywalczy\u0142a Anna Twardosz, kt\u00f3ra zosta\u0142a sklasyfikowana na dwudziestej czwartej pozycji.<\/p>\n<p>                            <a class=\"fancybox\" href=\"https:\/\/www.skijumping.pl\/content\/images\/news\/powieksz\/podium_2026-03-15_16-32-25.jpg\" data-fancybox=\"gallery38533\" data-caption=\"15.03.2026 - Podium P\u015a Pa\u0144 w Oslo, fot. Tadeusz Mieczy\u0144ski\" rel=\"nofollow noopener\" target=\"_blank\"><img decoding=\"async\" class=\"img-responsive lazyload\" src=\"https:\/\/www.europesays.com\/pl\/wp-content\/uploads\/2026\/03\/280x190_q80_podium_2026-03-15_16-32-25.jpg\" alt=\"15.03.2026 - Podium P\u015a Pa\u0144 w Oslo\" title=\"15.03.2026 - Podium P\u015a Pa\u0144 w Oslo\"\/><\/a>15.03.2026 &#8211; Podium P\u015a Pa\u0144 w Oslo<a class=\"fancybox\" href=\"https:\/\/www.skijumping.pl\/content\/images\/news\/powieksz\/ito_2026-03-15_16-34-11.jpg\" data-fancybox=\"gallery38533\" data-caption=\"Yuki Ito, fot. Tadeusz Mieczy\u0144ski\" rel=\"nofollow noopener\" target=\"_blank\"><img decoding=\"async\" class=\"img-responsive lazyload\" src=\"https:\/\/www.europesays.com\/pl\/wp-content\/uploads\/2026\/03\/280x190_q80_ito_2026-03-15_16-34-11.jpg\" alt=\"Yuki Ito\" title=\"Yuki Ito\"\/><\/a>Yuki Ito<\/p>\n<p>fot. Tadeusz Mieczy\u0144ski<\/p>\n<p><a class=\"fancybox\" href=\"https:\/\/www.skijumping.pl\/content\/images\/news\/powieksz\/nozomi_2026-03-15_16-34-22.jpg\" data-fancybox=\"gallery38533\" data-caption=\"Nozomi Maruyama, fot. Tadeusz Mieczy\u0144ski\" rel=\"nofollow noopener\" target=\"_blank\"><img decoding=\"async\" class=\"img-responsive lazyload\" src=\"https:\/\/www.europesays.com\/pl\/wp-content\/uploads\/2026\/03\/280x190_q80_nozomi_2026-03-15_16-34-22.jpg\" alt=\"Nozomi Maruyama\" title=\"Nozomi Maruyama\"\/><\/a>Nozomi Maruyama<\/p>\n<p>fot. Tadeusz Mieczy\u0144ski<\/p>\n<p><a class=\"fancybox\" href=\"https:\/\/www.skijumping.pl\/content\/images\/news\/powieksz\/stroem_2026-03-15_16-34-34.jpg\" data-fancybox=\"gallery38533\" data-caption=\"Anna Odine Stroem, fot. Tadeusz Mieczy\u0144ski\" rel=\"nofollow noopener\" target=\"_blank\"><img decoding=\"async\" class=\"img-responsive lazyload\" src=\"https:\/\/www.europesays.com\/pl\/wp-content\/uploads\/2026\/03\/280x190_q80_stroem_2026-03-15_16-34-34.jpg\" alt=\"Anna Odine Stroem\" title=\"Anna Odine Stroem\"\/><\/a>Anna Odine Stroem<\/p>\n<p>fot. Tadeusz Mieczy\u0144ski<\/p>\n<p>Po pierwszej serii liderk\u0105 zosta\u0142a Nozomi Maruyama (123 m), kt\u00f3ra wyprzedza\u0142a reprezentantki gospodarzy &#8211; Ann\u0119 Odine Stroem (122 m) i Heidi Dyhre Traaserud (123 m). Czwarte miejsce zajmowa\u0142a Yuki Ito (127 m), pi\u0105ta by\u0142a Nika Prevc (120 m), a sz\u00f3sta Abigail Strate (119 m).<\/p>\n<p>Na kolejnych pozycjach sklasyfikowane zosta\u0142y Eirin Maria Kvandal (121 m), Lisa Eder (119 m), Nika Vodan (119,5 m) i Silje Opseth (122 m).<\/p>\n<p>Anna Twardosz z wynikiem 109,5 metra awansowa\u0142a do fina\u0142u z dwudziestej \u00f3smej pozycji.<\/p>\n<p>Pola Be\u0142towska po skoku na 101. metr zako\u0144czy\u0142a zawody na trzydziestym dziewi\u0105tym miejscu.<\/p>\n<p>Pierwsz\u0105 seri\u0119 konkursow\u0105 rozegrano z 22. i 21. belki. Frida Westman jako jedyna rusza\u0142a z 18. platformy.<\/p>\n<p>W finale po zwyci\u0119stwo poszybowa\u0142a Yuki Ito. Japonka uzyska\u0142a wynik 126,5 metra i wygra\u0142a z przewag\u0105 p\u00f3\u0142 punktu nad kole\u017cank\u0105 z kadry, Nozomi Maruyam\u0105 (125 m z ni\u017cszymi notami za styl). Na najni\u017cszym stopniu podium stan\u0119\u0142a Anna Odine Stroem (120,5 m), kt\u00f3ra okaza\u0142a si\u0119 lepsza od Eirin Marii Kvandal (127 m) i Abigail Strate (122,5 m).<\/p>\n<p>Ko\u0144cz\u0105ca dzi\u015b 21 lat, Nika Prevc (120 m) uko\u0144czy\u0142a rywalizacj\u0119 na sz\u00f3stej pozycji, przed Heidi Dyhre Traaserud (115,5 m), Agnes Reisch (119,5 m) i Silje Opseth (115 m). Dziesi\u0105te miejsce zaj\u0119\u0142y ex aequo Nika Vodan (114,5 m) i Sara Takanashi (119 m).<\/p>\n<p>Anna Twardosz w rundzie fina\u0142owej uzyska\u0142a odleg\u0142o\u015b\u0107 110,5 metra i awansowa\u0142a na dwudzieste czwarte miejsce.<\/p>\n<p>Rund\u0119 fina\u0142ow\u0105 przeprowadzono z 23. platformy. Frida Westman rusza\u0142a z 19. belki.<\/p>\n<p>W Pucharze \u015awiata pa\u0144 pewna Kryszta\u0142owej Kuli jest Nika Prevc (2436 pkt.), za\u015b drugie miejsce na koniec sezonu zapewni\u0142a sobie Nozomi Maruyama (1774 pkt.). Trzecia jest Anna Odine Stroem (1473 pkt.). Anna Twardosz (229 pkt.) jest sklasyfikowana na dwudziestej czwartej pozycji.<\/p>\n<p>Na czele Pucharu Narod\u00f3w znajduj\u0105 si\u0119 Japonki (4695 pkt.) przed Norwe\u017ckami (4076 pkt.) i S\u0142owenkami (3965 pkt.). Polki (323 pkt.) s\u0105 jedenaste.<\/p>\n<p>Teraz na zawodniczki czeka wyst\u0119p w Pucharze \u015awiata w lotach narciarskich za tydzie\u0144, 21-22 marca w Vikersund. Prawo startu na Vikersundbakken (HS240) uzyska\u0142a czo\u0142owa trzydziestka klasyfikacji generalnej cyklu.<\/p>\n<p>WYNIKI I KLASYFIKACJE:<br \/>&#13;<br \/>\n<a href=\"https:\/\/www.skijumping.pl\/wyniki\/zawody\/5614\/1\" target=\"_blank\" rel=\"nofollow noopener\">Zobacz wyniki I serii konkursu &gt;&gt;&gt;<\/a><br \/>&#13;<br \/>\n<a href=\"https:\/\/www.skijumping.pl\/wyniki\/zawody\/5614\" target=\"_blank\" rel=\"nofollow noopener\">Zobacz ko\u0144cowe wyniki konkursu &gt;&gt;&gt;<\/a><br \/>&#13;<br \/>\n<a href=\"https:\/\/data.fis-ski.com\/pdf\/2026\/JP\/3173\/2026JP3173RL.pdf\" target=\"_blank\" rel=\"nofollow noopener\">Zobacz protok\u00f3\u0142 FIS z wynikami konkursu &gt;&gt;&gt;<\/a><br \/>&#13;<br \/>\n<a href=\"https:\/\/www.skijumping.pl\/wyniki\/klasyfikacja\/lps\/2025-2026\" target=\"_blank\" rel=\"nofollow noopener\">Zobacz aktualn\u0105 klasyfikacj\u0119 Pucharu \u015awiata Pa\u0144 &gt;&gt;&gt;<\/a><br \/>&#13;<br \/>\n<a href=\"https:\/\/www.skijumping.pl\/wyniki\/klasyfikacja\/lps\/puchar_narodow\/2025-2026\" target=\"_blank\" rel=\"nofollow noopener\">Zobacz aktualn\u0105 klasyfikacj\u0119 Pucharu Narod\u00f3w Pa\u0144 &gt;&gt;&gt;<\/a><\/p>\n","protected":false},"excerpt":{"rendered":"Yuki Ito zosta\u0142a triumfatork\u0105 niedzielnego konkursu indywidualnego Pucharu \u015awiata pa\u0144 na Holmenkollbakken (HS134) w Oslo. Reprezentantka Japonii poszybowa\u0142a&hellip;\n","protected":false},"author":2,"featured_media":307160,"comment_status":"","ping_status":"","sticky":false,"template":"","format":"standard","meta":{"footnotes":"","_share_on_mastodon":"0"},"categories":[24],"tags":[1574,1546,1557,1558,1561,1573,1571,1563,291,1553,1564,1549,1551,1543,1550,1562,1547,1565,1540,1568,1544,42,38,40,39,41,1554,1359,1567,1560,1559,1566,1556,1569,1539,1538,1555,127,126,1552,1541,1548,1542,1570,1572,645,1545],"class_list":["post-307159","post","type-post","status-publish","format-standard","has-post-thumbnail","category-sport","tag-4skocznie","tag-adam","tag-adam-malysz","tag-adammalysz","tag-coc","tag-czteryskocznie","tag-fis","tag-fis-cup","tag-historia","tag-horngacher","tag-io","tag-kobayashi","tag-kraft","tag-kuba","tag-kubacki","tag-lotos-cup","tag-malysz","tag-ms","tag-narciarskie","tag-narty","tag-piotrek","tag-pl","tag-poland","tag-polish","tag-polska","tag-polski","tag-polskie","tag-ranking","tag-ski-jumping","tag-skijump","tag-skijumping","tag-skoczkowie","tag-skocznia","tag-skocznie","tag-skoki","tag-skoki-narciarskie","tag-skokinarciarskie","tag-sport","tag-sports","tag-stefan","tag-stoch","tag-wellinger","tag-wolny","tag-zakopane","tag-zawody","tag-zdjecia","tag-zyla"],"share_on_mastodon":{"url":"https:\/\/pubeurope.com\/@pl\/116234068209579201","error":""},"_links":{"self":[{"href":"https:\/\/www.europesays.com\/pl\/wp-json\/wp\/v2\/posts\/307159","targetHints":{"allow":["GET"]}}],"collection":[{"href":"https:\/\/www.europesays.com\/pl\/wp-json\/wp\/v2\/posts"}],"about":[{"href":"https:\/\/www.europesays.com\/pl\/wp-json\/wp\/v2\/types\/post"}],"author":[{"embeddable":true,"href":"https:\/\/www.europesays.com\/pl\/wp-json\/wp\/v2\/users\/2"}],"replies":[{"embeddable":true,"href":"https:\/\/www.europesays.com\/pl\/wp-json\/wp\/v2\/comments?post=307159"}],"version-history":[{"count":0,"href":"https:\/\/www.europesays.com\/pl\/wp-json\/wp\/v2\/posts\/307159\/revisions"}],"wp:featuredmedia":[{"embeddable":true,"href":"https:\/\/www.europesays.com\/pl\/wp-json\/wp\/v2\/media\/307160"}],"wp:attachment":[{"href":"https:\/\/www.europesays.com\/pl\/wp-json\/wp\/v2\/media?parent=307159"}],"wp:term":[{"taxonomy":"category","embeddable":true,"href":"https:\/\/www.europesays.com\/pl\/wp-json\/wp\/v2\/categories?post=307159"},{"taxonomy":"post_tag","embeddable":true,"href":"https:\/\/www.europesays.com\/pl\/wp-json\/wp\/v2\/tags?post=307159"}],"curies":[{"name":"wp","href":"https:\/\/api.w.org\/{rel}","templated":true}]}}