{"id":307191,"date":"2026-03-15T16:39:10","date_gmt":"2026-03-15T16:39:10","guid":{"rendered":"https:\/\/www.europesays.com\/pl\/307191\/"},"modified":"2026-03-15T16:39:10","modified_gmt":"2026-03-15T16:39:10","slug":"dzien-matki-u-beckhamow-david-zachwyca-sie-victoria-brooklyn-wychwala-tesciowa","status":"publish","type":"post","link":"https:\/\/www.europesays.com\/pl\/307191\/","title":{"rendered":"Dzie\u0144 Matki u Beckham\u00f3w. David zachwyca si\u0119 Victori\u0105, Brooklyn wychwala te\u015bciow\u0105"},"content":{"rendered":"<p><a href=\"https:\/\/plejada.pl\/temat\/brooklyn-beckham-syn-davida\/4yn09ew\" id=\"3e55053b-10ad-4abd-8dfd-6082ca19999c\" rel=\"nofollow noopener\" target=\"_blank\">Brooklyn Beckham<\/a>, mieszkaj\u0105cy obecnie w Stanach Zjednoczonych, opublikowa\u0142 na Instagramie zdj\u0119cie z Claudi\u0105 Heffner Peltz i \u017con\u0105 Nicol\u0105, sk\u0142adaj\u0105c te\u015bciowej \u017cyczenia z okazji jej 71. urodzin. Post pojawi\u0142 si\u0119 zaledwie kilka godzin przed Dniem Matki w Wielkiej Brytanii, co nie umkn\u0119\u0142o uwadze obserwator\u00f3w. W tym samym czasie wi\u0119kszo\u015b\u0107 Brytyjczyk\u00f3w \u015bwi\u0119towa\u0142a ten dzie\u0144, obdarowuj\u0105c swoje mamy prezentami i ciep\u0142ymi s\u0142owami.<\/p>\n<blockquote class=\"ods-o-quote\">\n<p class=\"ods-o-quote__paragraph\">Wszystkiego najlepszego dla najlepszej te\u015bciowej na \u015bwiecie<\/p>\n<\/blockquote>\n<p>\u2014 napisa\u0142.<\/p>\n<p> <img decoding=\"async\" src=\"https:\/\/www.europesays.com\/pl\/wp-content\/uploads\/2026\/03\/tgJk9lBaHR0cHM6Ly9vY2RuLmV1L3B1bHNjbXMvTURBXy85NGE0OTQzMTcxODI1ODBkYjJlMjgyMTM5ZWQzM2Q2Ny5wbmeRlQLNA.jpeg\" height=\"426\" width=\"242\" alt=\"Wpis Brooklyna Beckhama\" loading=\"lazy\" class=\"ods-c-image__img ods-c-image__img--vertical\"\/> <\/p>\n<p>Wpis Brooklyna Beckhama\u0179r\u00f3d\u0142o: Instagram\/brooklynpeltzbeckham<\/p>\n<p>Wed\u0142ug informatora cytowanego przez ET Brooklyn nie z\u0142o\u017cy\u0142 \u017cycze\u0144 Victorii ze wzgl\u0119du na napi\u0119te relacje rodzinne. Osoba ta przekaza\u0142a, \u017ce Brooklyn i Nicola byli rozczarowani publicznymi postami rodzic\u00f3w z okazji jego urodzin, kt\u00f3re uznali za pozbawione szczero\u015bci. Informator doda\u0142, \u017ce Brooklyn stara si\u0119 zako\u0144czy\u0107 wszelk\u0105 publiczn\u0105 komunikacj\u0119 ze strony rodzic\u00f3w, tak\u017ce w mediach spo\u0142eczno\u015bciowych.<\/p>\n<p>      Dalszy ci\u0105g artyku\u0142u pod materia\u0142em wideo    <\/p>\n<p> Dlaczego Brooklyn nie z\u0142o\u017cy\u0142 \u017cycze\u0144 Victorii? <\/p>\n<p> Jakie \u017cyczenia przes\u0142a\u0142 David dla Victorii? <\/p>\n<p> Co Brooklyn napisa\u0142 o swojej te\u015bciowej? <\/p>\n<p> Jakie problemy rodzinne maj\u0105 Beckhamowie? <\/p>\n<p>  W tym samym czasie <a href=\"https:\/\/plejada.pl\/temat\/david-beckham-pilkarz\/f0sh8yx\" id=\"425de39f-933f-423b-b2e0-f54d1d8d8dc9\" rel=\"nofollow noopener\" target=\"_blank\">David Beckham<\/a> opublikowa\u0142 na Instagramie zdj\u0119cie Victorii z czas\u00f3w ci\u0105\u017cy, sk\u0142adaj\u0105c jej \u017cyczenia z okazji Dnia Matki.<\/p>\n<blockquote class=\"ods-o-quote\">\n<p class=\"ods-o-quote__paragraph\">Wszystkiego najlepszego z okazji Dnia Matki dla najcudowniejszej mamusi. Jeste\u015b inspiracj\u0105 przez to, jak\u0105 jeste\u015b mam\u0105 dla naszych dzieci. Kochamy ci\u0119 bardzo, a ja jestem tak niezwykle wdzi\u0119czny za rodzin\u0119, jak\u0105 stworzyli\u015bmy. Oby\u015b mia\u0142a wspania\u0142y Dzie\u0144 Matki, bo jeste\u015b osob\u0105, kt\u00f3ra na to wyj\u0105tkowo zas\u0142uguje. Kocham ci\u0119<\/p>\n<\/blockquote>\n<p>\u2014 napisa\u0142 sportowiec.<\/p>\n<p>Zar\u00f3wno Victoria, jak i David skierowali tak\u017ce \u017cyczenia do swoich w\u0142asnych matek, Jackie i Sandry, publikuj\u0105c wsp\u00f3lne fotografie i kr\u00f3tkie dedykacje.<\/p>\n<p>Sytuacja rodzinna Beckham\u00f3w od d\u0142u\u017cszego czasu pozostaje napi\u0119ta. Brooklyn sp\u0119dzi\u0142 ostatnie Bo\u017ce Narodzenie z rodzin\u0105 \u017cony, a nie z rodzicami. Wed\u0142ug doniesie\u0144 poczu\u0142 si\u0119 zawiedziony, gdy rodzice publicznie z\u0142o\u017cyli mu \u017cyczenia urodzinowe, co mia\u0142o by\u0107 sprzeczne z wcze\u015bniejszymi ustaleniami dotycz\u0105cymi komunikacji. Victoria, David oraz jego bracia, Romeo i Cruz, opublikowali serdeczne posty z okazji urodzin Brooklyna, jednak ich gesty nie spotka\u0142y si\u0119 z odpowiedzi\u0105.<\/p>\n<p> <img decoding=\"async\" src=\"https:\/\/www.europesays.com\/pl\/wp-content\/uploads\/2026\/03\/vlTk9lBaHR0cHM6Ly9vY2RuLmV1L3B1bHNjbXMvTURBXy9jN2YwNDdhOWIwNWM1NjcyYTY2OWJlZjM3YjBhMDAxNy5wbmeRlQLNB.jpeg\" height=\"462\" width=\"820\" alt=\"Brooklyn Beckham, David Beckham, Victoria Beckham\" loading=\"lazy\" class=\"ods-c-image__img ods-c-image__img--viewport-width\"\/> <\/p>\n<p>Brooklyn Beckham, David Beckham, Victoria BeckhamCubankite, DFree \/ Shutterstock<\/p>\n<p> Dzi\u0119kujemy, \u017ce przeczyta\u0142a\u015b\/e\u015b nasz artyku\u0142 do ko\u0144ca. W serwisie Plejada.pl ka\u017cdego dnia piszemy o najwa\u017cniejszych wydarzeniach show-biznesowych. B\u0105d\u017a na bie\u017c\u0105co!<a rel=\"nofollow noopener\" href=\"https:\/\/profile.google.com\/cp\/Cg0vZy8xMWJ6X19wdHBx\" id=\"0542d7f8-8b2b-4f4a-bbfa-92cf3a77d8dc\" target=\"_blank\"> Obserwuj<\/a> Plejad\u0119 w Google. Odwied\u017a nas tak\u017ce na<a rel=\"nofollow noopener\" href=\"https:\/\/www.facebook.com\/plejadapl\" id=\"4aa59923-f454-4665-a519-9b50df16c8ad\" target=\"_blank\"> Facebooku<\/a>,<a rel=\"nofollow noopener\" href=\"https:\/\/www.instagram.com\/plejadapl\/\" id=\"01e70288-b145-4547-a424-deb58422da51\" target=\"_blank\"> Instagramie<\/a>,<a rel=\"nofollow noopener\" href=\"https:\/\/www.youtube.com\/c\/plejada\" id=\"a5535dd4-2ed0-41a5-82f9-ab2a85734291\" target=\"_blank\"> YouTubie<\/a> oraz<a rel=\"nofollow noopener\" href=\"https:\/\/www.tiktok.com\/@plejada_pl\" id=\"054362bb-e99b-4de2-9ed8-60b4535842f1\" target=\"_blank\"> TikToku<\/a>.Chcesz podzieli\u0107 si\u0119 ciekawym newsem lub zaproponowa\u0107 temat? Skontaktuj si\u0119 z nami, pisz\u0105c maila na adres: <a rel=\"nofollow noopener\" href=\"https:\/\/plejada.pl\/newsy\/dzien-matki-u-beckhamow-david-zachwyca-sie-victoria-brooklyn-wychwala-tesciowa\/mailto:plejada@redakcjaonet.pl\" id=\"98ca3c4f-651d-47aa-8f23-65a65661f5f0\" target=\"_blank\">plejada@redakcjaonet.pl<\/a>.<script async src=\"\/\/www.instagram.com\/embed.js\"><\/script><script async src=\"\/\/www.tiktok.com\/embed.js\"><\/script><\/p>\n","protected":false},"excerpt":{"rendered":"Brooklyn Beckham, mieszkaj\u0105cy obecnie w Stanach Zjednoczonych, opublikowa\u0142 na Instagramie zdj\u0119cie z Claudi\u0105 Heffner Peltz i \u017con\u0105 Nicol\u0105,&hellip;\n","protected":false},"author":2,"featured_media":307192,"comment_status":"","ping_status":"","sticky":false,"template":"","format":"standard","meta":{"footnotes":"","_share_on_mastodon":"0"},"categories":[22],"tags":[9693,9400,122,48,125,46,42,38,40,39,41,123,47,9326],"class_list":["post-307191","post","type-post","status-publish","format-standard","has-post-thumbnail","category-rozrywka","tag-brooklyn_beckham","tag-david_beckham","tag-entertainment","tag-nat_styl","tag-newsy","tag-omp","tag-pl","tag-poland","tag-polish","tag-polska","tag-polski","tag-rozrywka","tag-screening_general","tag-victoria_beckham"],"share_on_mastodon":{"url":"https:\/\/pubeurope.com\/@pl\/116234182118125538","error":""},"_links":{"self":[{"href":"https:\/\/www.europesays.com\/pl\/wp-json\/wp\/v2\/posts\/307191","targetHints":{"allow":["GET"]}}],"collection":[{"href":"https:\/\/www.europesays.com\/pl\/wp-json\/wp\/v2\/posts"}],"about":[{"href":"https:\/\/www.europesays.com\/pl\/wp-json\/wp\/v2\/types\/post"}],"author":[{"embeddable":true,"href":"https:\/\/www.europesays.com\/pl\/wp-json\/wp\/v2\/users\/2"}],"replies":[{"embeddable":true,"href":"https:\/\/www.europesays.com\/pl\/wp-json\/wp\/v2\/comments?post=307191"}],"version-history":[{"count":0,"href":"https:\/\/www.europesays.com\/pl\/wp-json\/wp\/v2\/posts\/307191\/revisions"}],"wp:featuredmedia":[{"embeddable":true,"href":"https:\/\/www.europesays.com\/pl\/wp-json\/wp\/v2\/media\/307192"}],"wp:attachment":[{"href":"https:\/\/www.europesays.com\/pl\/wp-json\/wp\/v2\/media?parent=307191"}],"wp:term":[{"taxonomy":"category","embeddable":true,"href":"https:\/\/www.europesays.com\/pl\/wp-json\/wp\/v2\/categories?post=307191"},{"taxonomy":"post_tag","embeddable":true,"href":"https:\/\/www.europesays.com\/pl\/wp-json\/wp\/v2\/tags?post=307191"}],"curies":[{"name":"wp","href":"https:\/\/api.w.org\/{rel}","templated":true}]}}