{"id":307564,"date":"2026-03-15T21:03:20","date_gmt":"2026-03-15T21:03:20","guid":{"rendered":"https:\/\/www.europesays.com\/pl\/307564\/"},"modified":"2026-03-15T21:03:20","modified_gmt":"2026-03-15T21:03:20","slug":"policyjny-mustang-hitem-w-sieci-kwp-dementuje-ze-juz-zostal-rozbity","status":"publish","type":"post","link":"https:\/\/www.europesays.com\/pl\/307564\/","title":{"rendered":"Policyjny Mustang hitem w sieci. KWP dementuje, \u017ce ju\u017c zosta\u0142 rozbity"},"content":{"rendered":"\n<p class=\"ods-o-frame-in-text__paragraph\">W skr\u00f3cie:<\/p>\n<ul class=\"ods-m-bullet-list\">\n<li class=\"ods-a-bullet ods-a-bullet--normal\"> Policyjny Ford Mustang to pierwszy taki radiow\u00f3z w Polsce, auto odebrano pijanemu kierowcy <\/li>\n<li class=\"ods-a-bullet ods-a-bullet--normal\"> Samoch\u00f3d trafi do jednej z komend na Mazowszu, zosta\u0142 przekazany policji na mocy wyroku s\u0105dowego <\/li>\n<li class=\"ods-a-bullet ods-a-bullet--normal\"> W sieci pojawi\u0142y si\u0119 fa\u0142szywe informacje o rzekomym wypadku Mustanga, policja zaprzecza tym doniesieniom <\/li>\n<\/ul>\n<p>Ford Mustang z charakterystycznym policyjnym oklejeniem i &#8222;kogutami&#8221; na dachu wzbudzi\u0142 du\u017ce zainteresowanie. Na TikToku pojawi\u0142o si\u0119 nagranie z nietypowym radiowozem. To prawda \u2014 sportowy samoch\u00f3d ju\u017c wkr\u00f3tce trafi do jednej z komend na Mazowszu. W dodatku zosta\u0142 on pozyskany za darmo, poniewa\u017c auto w 2025 r. odebrano pijanemu kierowcy.<\/p>\n<p>R\u00f3wnolegle zacz\u0119\u0142y pojawia\u0107 si\u0119 informacje o tym, \u017ce ameryka\u0144skie coupe ju\u017c zosta\u0142o do\u015b\u0107 powa\u017cnie uszkodzone. Tak si\u0119 nie sta\u0142o.<\/p>\n<p>&#8222;W sieci pojawi\u0142y si\u0119 nieprawdziwe informacje, jakoby Mustang odebrany nietrze\u017awemu kierowcy i przekazany do u\u017cytkowania policjantom mia\u0142 ulec wypadkowi. Uspokajamy \u2013 to FAKE NEWS. Auto jest ca\u0142e i ma si\u0119 dobrze&#8221; &#8211; napisano na profilu Policji Mazowieckiej w serwisie spo\u0142eczno\u015bciowym X (dawny Twitter).<\/p>\n<p> Gdzie zostanie u\u017cytkowany policyjny Ford Mustang? <\/p>\n<p> Kiedy odb\u0119dzie si\u0119 oficjalna prezentacja Mustanga? <\/p>\n<p> Jakie informacje pojawi\u0142y si\u0119 w sieci na temat Mustanga? <\/p>\n<p> Kim jest rzeczniczka prasowa KWP w Radomiu? <\/p>\n<p>        Jak Ford Mustang trafi\u0142 do policji?<\/p>\n<p>Jak wyja\u015bni\u0142a Komenda Wojew\u00f3dzka Policji w Radomiu, pojazd zosta\u0142 przekazany funkcjonariuszom na mocy wyroku s\u0105dowego \u2013 wcze\u015bniej odebrano go pijanemu kierowcy.<\/p>\n<p>\u2013 W naszym garnizonie by\u0142o ju\u017c kilka samochod\u00f3w innych marek z podobn\u0105 histori\u0105. Policja wnioskuje o przekazanie jej auta, w kt\u00f3rego sprawie orzeczony zosta\u0142 przepadek, kieruj\u0105c si\u0119 przede wszystkim stanem technicznym pojazdu i aktualnymi potrzebami \u2013 przekaza\u0142a PAP podinsp. Katarzyna Kucharska, rzeczniczka prasowa KWP w Radomiu.<\/p>\n<p>     Mustang jest ca\u0142y i zdrowy. Oficjalna prezentacja ju\u017c wkr\u00f3tce<\/p>\n<p>W nadchodz\u0105cym tygodniu Ford Mustang ma zosta\u0107 oficjalnie zaprezentowany w barwach policji. W\u00f3wczas funkcjonariusze poinformuj\u0105, w kt\u00f3rej komendzie pojazd b\u0119dzie u\u017cytkowany i do jakich zada\u0144 zostanie przypisany. Ju\u017c teraz sta\u0142 si\u0119 on najpopularniejszym polskim radiowozem, cho\u0107 raczej \u017caden kierowca nie chcia\u0142by go zobaczy\u0107 w lusterku wstecznym.<\/p>\n<p>&#8222;Przy okazji przypominamy: jed\u017acie odpowiedzialnie i nigdy nie wsiadajcie za kierownic\u0119 pod wp\u0142ywem alkoholu. W przeciwnym razie mo\u017ce si\u0119 okaza\u0107, \u017ce to w\u0142a\u015bnie Wasz samoch\u00f3d trafi w r\u0119ce policjant\u00f3w i b\u0119dzie wykorzystywany do dbania o bezpiecze\u0144stwo innych uczestnik\u00f3w ruchu&#8221; &#8211; napisa\u0142a w komunikacie policja.<\/p>\n<p>Policyjny Ford Mustang \u2014 co to za auto?<\/p>\n<p>Przekazany policji Ford Mustang to model poprzedniej, sz\u00f3stej generacji, kt\u00f3ry by\u0142 produkowany w latach 2014-2023 (w 2018 r. do sprzeda\u017cy trafi\u0142a wersja po liftingu). Samoch\u00f3d by\u0142 oferowany w dw\u00f3ch wersjach \u2014 jako coupe i kabriolet \u2014 oraz nap\u0119dzany silnikiem 2.3 EcoBoost o mocy 290-317 KM lub wolnoss\u0105cym motorem 5.0 V8 generuj\u0105cym 421 lub nawet 450 KM.<\/p>\n<p>Mustang GT z nadwoziem typu fastback potrafi przyspieszy\u0107 do 100 km na godz. w czasie 4,3 s. Nap\u0119d przekazywany jest na tylne ko\u0142a.<\/p>\n<p> <img decoding=\"async\" src=\"https:\/\/www.europesays.com\/pl\/wp-content\/uploads\/2026\/03\/r5tk9lBaHR0cHM6Ly9vY2RuLmV1L3B1bHNjbXMvTURBXy9kMGY5NTEzODgzMWI5YWFjZTU1MDgwMTEwYTllZjc4NS5qcGeSlQMAA.jpeg\" height=\"342\" width=\"512\" alt=\"Ford Mustang GT \u2014 zdj. ilustracyjne\" loading=\"lazy\" class=\"ods-c-image__img ods-c-image__img--viewport-width\"\/> <\/p>\n<p>Ford Mustang GT \u2014 zdj. ilustracyjneAdam Miku\u0142a \/ Auto \u015awiat<\/p>\n","protected":false},"excerpt":{"rendered":"W skr\u00f3cie: Policyjny Ford Mustang to pierwszy taki radiow\u00f3z w Polsce, auto odebrano pijanemu kierowcy Samoch\u00f3d trafi do&hellip;\n","protected":false},"author":2,"featured_media":307565,"comment_status":"","ping_status":"","sticky":false,"template":"","format":"standard","meta":{"footnotes":"","_share_on_mastodon":"0"},"categories":[12],"tags":[210,32,33,36,37,49746,27,1766,34,35,28,31,48,25,46,42,38,414,40,39,41,8434,47,45997,29,30,26],"class_list":["post-307564","post","type-post","status-publish","format-standard","has-post-thumbnail","category-polska","tag-aktualnosci","tag-breaking-news","tag-breakingnews","tag-featured-news","tag-featurednews","tag-ford_mustang","tag-headlines","tag-internet","tag-latest-news","tag-latestnews","tag-naglowki","tag-najwazniejsze-artykuly","tag-nat_styl","tag-news","tag-omp","tag-pl","tag-poland","tag-policja","tag-polish","tag-polska","tag-polski","tag-radiowoz","tag-screening_general","tag-sportowe","tag-top-stories","tag-topstories","tag-wiadomosci"],"share_on_mastodon":{"url":"https:\/\/pubeurope.com\/@pl\/116235219976825352","error":""},"_links":{"self":[{"href":"https:\/\/www.europesays.com\/pl\/wp-json\/wp\/v2\/posts\/307564","targetHints":{"allow":["GET"]}}],"collection":[{"href":"https:\/\/www.europesays.com\/pl\/wp-json\/wp\/v2\/posts"}],"about":[{"href":"https:\/\/www.europesays.com\/pl\/wp-json\/wp\/v2\/types\/post"}],"author":[{"embeddable":true,"href":"https:\/\/www.europesays.com\/pl\/wp-json\/wp\/v2\/users\/2"}],"replies":[{"embeddable":true,"href":"https:\/\/www.europesays.com\/pl\/wp-json\/wp\/v2\/comments?post=307564"}],"version-history":[{"count":0,"href":"https:\/\/www.europesays.com\/pl\/wp-json\/wp\/v2\/posts\/307564\/revisions"}],"wp:featuredmedia":[{"embeddable":true,"href":"https:\/\/www.europesays.com\/pl\/wp-json\/wp\/v2\/media\/307565"}],"wp:attachment":[{"href":"https:\/\/www.europesays.com\/pl\/wp-json\/wp\/v2\/media?parent=307564"}],"wp:term":[{"taxonomy":"category","embeddable":true,"href":"https:\/\/www.europesays.com\/pl\/wp-json\/wp\/v2\/categories?post=307564"},{"taxonomy":"post_tag","embeddable":true,"href":"https:\/\/www.europesays.com\/pl\/wp-json\/wp\/v2\/tags?post=307564"}],"curies":[{"name":"wp","href":"https:\/\/api.w.org\/{rel}","templated":true}]}}