{"id":307815,"date":"2026-03-16T00:39:07","date_gmt":"2026-03-16T00:39:07","guid":{"rendered":"https:\/\/www.europesays.com\/pl\/307815\/"},"modified":"2026-03-16T00:39:07","modified_gmt":"2026-03-16T00:39:07","slug":"donald-trump-rozmawial-z-premierami-wielkiej-brytanii-i-kanady-tematem-ciesnina-ormuz-wiadomosci-onet","status":"publish","type":"post","link":"https:\/\/www.europesays.com\/pl\/307815\/","title":{"rendered":"Donald Trump rozmawia\u0142 z premierami Wielkiej Brytanii i Kanady. Tematem cie\u015bnina Ormuz &#8211; Wiadomo\u015bci Onet"},"content":{"rendered":"<ol>\n<li><a href=\"https:\/\/news.google.com\/rss\/articles\/CBMiqwFBVV95cUxPWktIQmpHbXZPV3F4VVNJMFhjdXVXY3h0R1U3T1ktVk1YSFVtcWUwMGRIRU1BN3VnZUlUdlBlNGlaYWxNM1BIYzJPMURVN1diVV9UdjlGdWViT3FjQjlrS3Rjd2VZeFpTMks2SXFyUGZFdDhhOE1fdG1qeE4yOEdaNzhuejBZSzlLNGdjaG5LS1BPRWZHQ3BTbDZLZm9tVkNhQVRVOC1uSEdGdlU?oc=5\" target=\"_blank\" rel=\"nofollow noopener\">Donald Trump rozmawia\u0142 z premierami Wielkiej Brytanii i Kanady. Tematem cie\u015bnina Ormuz<\/a>&nbsp;&nbsp;Wiadomo\u015bci Onet<\/li>\n<li><a href=\"https:\/\/news.google.com\/rss\/articles\/CBMizAFBVV95cUxPRmtYcUc4ZHNnZEdubXlGY2psaVdqai16Y09WRlE4bGJReTFpSGo3Z25IWG9MdUlxSGw5RFA4aGdENGJ3YjRkSV9USzFjOE5qMDRSTEVzbU9sc1p2R1hYQVBRMmh5U245WkxWUzlMSkhWUG9IVldmU2JsWkdhanlfUDdGYmFqNThublVVZUkyVG8xSmZEdnhvLWRLTjZ6TzIzclFGcEpESl9abHo5RDVILW1FbllDVG9lV3JKN0NPQ3RYLU9CU1cwR0ZwbUw?oc=5\" target=\"_blank\" rel=\"nofollow noopener\">Chiny si\u0119 okopa\u0142y. A ropa z Iranu wci\u0105\u017c do nich p\u0142ynie. Xi obra\u0142 inn\u0105 strategi\u0119<\/a>&nbsp;&nbsp;Money.pl<\/li>\n<li><a href=\"https:\/\/news.google.com\/rss\/articles\/CBMipgFBVV95cUxQUHh2YjA1V1JJM21Qdk93M2hwUU5wTmxGUjg5cmF6SWJ1QzNhdGwzeS04OHpnQTNjby1BU2ZnbS1uUjYyVzRjRVlZWnNYZ3dkOGozR0djNEpNdnpILU9ubG9FRzg4ajRQY0tPdnhya1duTUZDVVJwckJwZTU2ZElEWl9LM1NaWGprTEhydGRMOXh3SUVuNEhVOUVIUEtBSjRlTDhFN0ZR?oc=5\" target=\"_blank\" rel=\"nofollow noopener\">USA wzywaj\u0105 inne kraje do dzia\u0142ania ws. Cie\u015bniny Ormuz. &#8222;\u017b\u0105damy&#8221;<\/a>&nbsp;&nbsp;WP Wiadomo\u015bci<\/li>\n<li><a href=\"https:\/\/news.google.com\/rss\/articles\/CBMiowFBVV95cUxPS2h2NUpqd28xaXk5YkhaeVJYQ3RaUFltaTEzUGMtNktyeXoxZDN1bXYxeDVTRG9KdkdrRHFTVnNGVG93XzBLUHB4b0R2OUxELUxtbVZjMm5WcVRWOGl3X29jT2xQY2stcTUwV1RwazNJUDJPZld5ajVjMDRiQ1E2RmxRcHVaVFpWWU8tMGRlYTZEekhoMW0ybjJYOW0yQi0wY0VF?oc=5\" target=\"_blank\" rel=\"nofollow noopener\">Wojna z Iranem. Korpus Stra\u017cnik\u00f3w Rewolucji obiecuje zabi\u0107 Netanjahu<\/a>&nbsp;&nbsp;Wyborcza.pl<\/li>\n<li><a href=\"https:\/\/news.google.com\/rss\/articles\/CBMiwgFBVV95cUxQNnBwT0V3dUdXX1p2dGdJbkJDcTNCN1lEb1dMQ1Y0eXYwNHozeHZYbzZBLXljMVdkNVJOeGdEQ040dUNGN2FzaGg0UnNKb1BmU3dsc29tODR1cmpSYkJKUU0yelB6d3JtWE5zbTVTSk9RY1lyRG9mSE1ha3pjSGplaHFCU2ZJYllQcXg1TUdSd1NpY2R0S3NndENmV09zcU4wSWpjY1dFNVhsdVNPSkFlbGtoSkVIeU5QRXVCakU3cWY2dw?oc=5\" target=\"_blank\" rel=\"nofollow noopener\">USA: \u201eWSJ\u201d: Administracja Trumpa planuje og\u0142osi\u0107 koalicj\u0119 eskortuj\u0105c\u0105 tankowce przez Ormuz<\/a>&nbsp;&nbsp;wnp.pl<\/li>\n<\/ol>\n","protected":false},"excerpt":{"rendered":"Donald Trump rozmawia\u0142 z premierami Wielkiej Brytanii i Kanady. Tematem cie\u015bnina Ormuz&nbsp;&nbsp;Wiadomo\u015bci Onet Chiny si\u0119 okopa\u0142y. A ropa&hellip;\n","protected":false},"author":2,"featured_media":307816,"comment_status":"","ping_status":"","sticky":false,"template":"","format":"standard","meta":{"footnotes":"","_share_on_mastodon":"0"},"categories":[14],"tags":[905,32,33,45486,44,27,12071,34,35,10875,28,31,48,25,46,40,41,48836,47,80,29,30,70,26,82,83,84],"class_list":["post-307815","post","type-post","status-publish","format-standard","has-post-thumbnail","category-swiat","tag-bliski_wschod","tag-breaking-news","tag-breakingnews","tag-ciesnina_ormuz","tag-donald_trump","tag-headlines","tag-keir_starmer","tag-latest-news","tag-latestnews","tag-mark_carney","tag-naglowki","tag-najwazniejsze-artykuly","tag-nat_styl","tag-news","tag-omp","tag-polish","tag-polski","tag-ref_floating_paywall_tst0","tag-screening_general","tag-swiat","tag-top-stories","tag-topstories","tag-w_skrocie","tag-wiadomosci","tag-world","tag-world-news","tag-worldnews"],"share_on_mastodon":{"url":"https:\/\/pubeurope.com\/@pl\/116236069416519752","error":""},"_links":{"self":[{"href":"https:\/\/www.europesays.com\/pl\/wp-json\/wp\/v2\/posts\/307815","targetHints":{"allow":["GET"]}}],"collection":[{"href":"https:\/\/www.europesays.com\/pl\/wp-json\/wp\/v2\/posts"}],"about":[{"href":"https:\/\/www.europesays.com\/pl\/wp-json\/wp\/v2\/types\/post"}],"author":[{"embeddable":true,"href":"https:\/\/www.europesays.com\/pl\/wp-json\/wp\/v2\/users\/2"}],"replies":[{"embeddable":true,"href":"https:\/\/www.europesays.com\/pl\/wp-json\/wp\/v2\/comments?post=307815"}],"version-history":[{"count":0,"href":"https:\/\/www.europesays.com\/pl\/wp-json\/wp\/v2\/posts\/307815\/revisions"}],"wp:featuredmedia":[{"embeddable":true,"href":"https:\/\/www.europesays.com\/pl\/wp-json\/wp\/v2\/media\/307816"}],"wp:attachment":[{"href":"https:\/\/www.europesays.com\/pl\/wp-json\/wp\/v2\/media?parent=307815"}],"wp:term":[{"taxonomy":"category","embeddable":true,"href":"https:\/\/www.europesays.com\/pl\/wp-json\/wp\/v2\/categories?post=307815"},{"taxonomy":"post_tag","embeddable":true,"href":"https:\/\/www.europesays.com\/pl\/wp-json\/wp\/v2\/tags?post=307815"}],"curies":[{"name":"wp","href":"https:\/\/api.w.org\/{rel}","templated":true}]}}