{"id":307843,"date":"2026-03-16T01:00:09","date_gmt":"2026-03-16T01:00:09","guid":{"rendered":"https:\/\/www.europesays.com\/pl\/307843\/"},"modified":"2026-03-16T01:00:09","modified_gmt":"2026-03-16T01:00:09","slug":"piec-panstw-zachodnich-mowi-nie-broni-jadrowej-jest-nowe-porozumienie-2","status":"publish","type":"post","link":"https:\/\/www.europesays.com\/pl\/307843\/","title":{"rendered":"Pi\u0119\u0107 pa\u0144stw zachodnich m\u00f3wi &#8222;nie&#8221; broni j\u0105drowej. Jest nowe porozumienie"},"content":{"rendered":"\n<p class=\"ods-o-frame-in-text__paragraph\">W skr\u00f3cie:<\/p>\n<ul class=\"ods-m-bullet-list\">\n<li class=\"ods-a-bullet ods-a-bullet--normal\"> Przyw\u00f3dcy kraj\u00f3w nordyckich i Kanady, kt\u00f3rzy obraduj\u0105 w niedziel\u0119 w Oslo, sprzeciwili si\u0119 obecno\u015bci broni j\u0105drowej na terytoriach ich pa\u0144stw <\/li>\n<li class=\"ods-a-bullet ods-a-bullet--normal\"> Uczestnicy spotkania og\u0142osili zawarcie nowego strategicznego porozumienia dotycz\u0105cego zacie\u015bnienia wsp\u00f3\u0142pracy w regionie nordycko-arktycznym <\/li>\n<li class=\"ods-a-bullet ods-a-bullet--normal\"> We wsp\u00f3lnej deklaracji podkre\u015blili, \u017ce w obecnych warunkach mi\u0119dzynarodowych konieczna jest \u015bci\u015blejsza koordynacja dzia\u0142a\u0144 oparta na prawie, wsp\u00f3lnych warto\u015bciach i interesach <\/li>\n<li class=\"ods-a-bullet ods-a-bullet--normal\"> Szefowie rz\u0105d\u00f3w potwierdzili r\u00f3wnie\u017c trwa\u0142e poparcie dla Ukrainy i potrzeb\u0119 dalszego wzmacniania bezpiecze\u0144stwa europejskiego wobec rosyjskiej agresji <\/li>\n<\/ul>\n<p>W Oslo premier Norwegii Jonas Gahr Stoere oraz szefowie rz\u0105d\u00f3w Danii, Szwecji, Finlandii, Islandii i Kanady zadeklarowali, \u017ce nie planuj\u0105 pozyskiwania w\u0142asnej broni atomowej. Norwegowie zaznaczyli, \u017ce nie zamierzaj\u0105 zmienia\u0107 swojej polityki nierozmieszczania takiej broni. Kanada r\u00f3wnie\u017c o\u015bwiadczy\u0142a, \u017ce nie przewiduje \u017cadnej zmiany stanowiska w tej sprawie.<\/p>\n<p> Dalszy ci\u0105g artyku\u0142u pod materia\u0142em wideo <\/p>\n<p>\u2014 Finlandia nie d\u0105\u017cy do rozmieszczenia broni j\u0105drowej na swoim terytorium \u2014 powiedzia\u0142 premier Petteri Orpo.<\/p>\n<p>Premier Danii Mette Frederiksen podkre\u015bli\u0142a, \u017ce kluczowym celem dla NATO jest wzmacnianie potencja\u0142u odstraszania.<\/p>\n<p> Jakie pa\u0144stwa sprzeciwi\u0142y si\u0119 obecno\u015bci broni j\u0105drowej? <\/p>\n<p> Co obejmuje nowe porozumienie dotycz\u0105ce wsp\u00f3\u0142pracy? <\/p>\n<p> Jakie zagro\u017cenie bezpiecze\u0144stwa w Arktyce podkre\u015blono? <\/p>\n<p> Co liderzy powiedzieli o wsparciu dla Ukrainy? <\/p>\n<p>\u2014 Odstraszanie nuklearne jest cz\u0119\u015bci\u0105 og\u00f3lnego systemu bezpiecze\u0144stwa Europy i NATO \u2014 powiedzia\u0142a Frederiksen.<\/p>\n<p>     Region nordycko-arktyczny. Zawarto nowe porozumienie<\/p>\n<p>Uczestnicy spotkania og\u0142osili zawarcie nowego strategicznego porozumienia dotycz\u0105cego zacie\u015bnienia wsp\u00f3\u0142pracy w regionie nordycko-arktycznym. We wsp\u00f3lnej deklaracji podkre\u015blili, \u017ce w obecnych warunkach mi\u0119dzynarodowych konieczna jest \u015bci\u015blejsza koordynacja dzia\u0142a\u0144 oparta na prawie, wsp\u00f3lnych warto\u015bciach i interesach.<\/p>\n<p>\u2014 W czasie wojen i licznych kryzys\u00f3w jeste\u015bmy zgodni, \u017ce wsp\u00f3\u0142praca mi\u0119dzynarodowa oparta na prawie mi\u0119dzynarodowym, wsp\u00f3lnych warto\u015bciach i interesach jest najlepszym sposobem na wzmocnienie naszego wsp\u00f3lnego bezpiecze\u0144stwa \u2014 powiedzia\u0142 podczas konferencji prasowej Stoere.<\/p>\n<p>Porozumienie ma szeroki zakres i obejmuje zar\u00f3wno kwestie gospodarcze, jak i militarne. Liderzy wskazywali, \u017ce wsp\u00f3\u0142praca powinna zosta\u0107 pog\u0142\u0119biona w takich obszarach jak bezpiecze\u0144stwo Arktyki, handel, nowoczesne technologie, przemys\u0142 obronny, sektor kosmiczny, sztuczna inteligencja, rozwi\u0105zania kwantowe, surowce krytyczne i metale ziem rzadkich, a tak\u017ce energetyka.<\/p>\n<p>Premier Kanady Mark Carney zapowiedzia\u0142, \u017ce jego kraj chce w wi\u0119kszym stopniu rozwija\u0107 te zasoby z partnerami innymi ni\u017c USA i budowa\u0107 \u015bci\u015blejsze powi\u0105zania przemys\u0142owe z pa\u0144stwami nordyckimi.<\/p>\n<p>\u2014 Historycznie ponad 70 cent\u00f3w z ka\u017cdego dolara kanadyjskich wydatk\u00f3w obronnych trafia\u0142o do Stan\u00f3w Zjednoczonych. To nie jest najskuteczniejszy spos\u00f3b budowania naszego przemys\u0142u ani wzmacniania bezpiecze\u0144stwa. Pa\u0144stwa nordyckie s\u0105 dla Kanady naturalnymi partnerami, zw\u0142aszcza w sprawach bezpiecze\u0144stwa morskiego i arktycznego \u2014 powiedzia\u0142 Carney.<\/p>\n<p>Uczestnicy szczytu staj\u0105 po stronie Danii. Chodzi o Grenlandi\u0119<\/p>\n<p>Uczestnicy szczytu zapewnili tak\u017ce o sta\u0142ym poparciu dla Danii w sporze z USA wok\u00f3\u0142 Grenlandii. Premierzy podkre\u015blili, \u017ce o przysz\u0142o\u015bci du\u0144skiej wyspy mog\u0105 decydowa\u0107 wy\u0142\u0105cznie jej mieszka\u0144cy oraz Kr\u00f3lestwo Danii. Szef norweskiego rz\u0105du podkre\u015bli\u0142, \u017ce ta postawa wyra\u017ca nie tylko solidarno\u015b\u0107 z Dani\u0105, lecz tak\u017ce obron\u0119 podstawowych zasad prawa mi\u0119dzynarodowego, suwerenno\u015bci pa\u0144stw i integralno\u015bci terytorialnej.<\/p>\n<p>\u2014 Ta sprawa jest do wy\u0142\u0105cznej decyzji mieszka\u0144c\u00f3w Grenlandii i Kr\u00f3lestwa Danii \u2014 oceni\u0142 Stoere.<\/p>\n<p>Jednym z g\u0142\u00f3wnych temat\u00f3w by\u0142a te\u017c rola bezpiecze\u0144stwa zbiorowego w NATO. Przyw\u00f3dcy ocenili, \u017ce Arktyka musi sta\u0107 si\u0119 trwa\u0142ym priorytetem sojuszu, a odpowiedzi\u0105 na zagro\u017cenia powinny by\u0107 wsp\u00f3lne plany, wsp\u00f3lne zakupy uzbrojenia, zwi\u0119kszona obecno\u015b\u0107 wojskowa i rozw\u00f3j zdolno\u015bci dostosowanych do warunk\u00f3w p\u00f3\u0142nocnych. Premier Danii oceni\u0142a, \u017ce pa\u0144stwa nordyckie i Kanada powinny utrzymywa\u0107 sta\u0142\u0105 obecno\u015b\u0107 w Arktyce, wzmacnia\u0107 nadz\u00f3r i inwestowa\u0107 w potrzebne zdolno\u015bci.<\/p>\n<p>\u2014 Najwi\u0119kszym zagro\u017ceniem bezpiecze\u0144stwa w Arktyce pozostaje Rosja. Dlatego NATO musi zwi\u0119ksza\u0107 swoj\u0105 uwag\u0119 i obecno\u015b\u0107 w tym regionie \u2014 podkre\u015bli\u0142 premier Kanady Mark Carney.<\/p>\n<p>     Liderzy m\u00f3wi\u0105 jednym g\u0142osem. &#8222;W pe\u0142ni popieramy uzasadnion\u0105 walk\u0119 Ukrainy&#8221;<\/p>\n<p>Szefowie rz\u0105d\u00f3w we wsp\u00f3lnej deklaracji potwierdzili trwa\u0142e poparcie dla Ukrainy i potrzeb\u0119 dalszego wzmacniania bezpiecze\u0144stwa europejskiego wobec rosyjskiej agresji.<\/p>\n<p>\u2014 W pe\u0142ni popieramy uzasadnion\u0105 walk\u0119 Ukrainy o obron\u0119 przed nielegaln\u0105 i brutaln\u0105 agresj\u0105 Rosji. Wzywamy partner\u00f3w do dalszego zwi\u0119kszania wsparcia \u2014 powiedzia\u0142 Stoere.<\/p>\n<p>Liderzy odnie\u015bli si\u0119 r\u00f3wnie\u017c do wojny w Zatoce i napi\u0119\u0107 wok\u00f3\u0142 Iranu. Uczestnicy szczytu zaznaczyli, \u017ce nie s\u0105 stron\u0105 tego konfliktu, cho\u0107 odczuwaj\u0105 jego skutki.<\/p>\n<p>\u2014 Ta wojna mo\u017ce by\u0107 d\u0142uga. Nie jeste\u015bmy jej cz\u0119\u015bci\u0105. Nie my j\u0105 rozpocz\u0119li\u015bmy, ale wszyscy jeste\u015bmy ni\u0105 dotkni\u0119ci. B\u0119dziemy wykorzystywa\u0107 wszystkie dost\u0119pne kana\u0142y dyplomatyczne, aby zach\u0119ca\u0107 strony do dzia\u0142a\u0144, kt\u00f3re nie doprowadz\u0105 do dalszej eskalacji \u2014 podsumowa\u0142 Jonas Gahr Stoere.<\/p>\n","protected":false},"excerpt":{"rendered":"W skr\u00f3cie: Przyw\u00f3dcy kraj\u00f3w nordyckich i Kanady, kt\u00f3rzy obraduj\u0105 w niedziel\u0119 w Oslo, sprzeciwili si\u0119 obecno\u015bci broni j\u0105drowej&hellip;\n","protected":false},"author":2,"featured_media":307844,"comment_status":"","ping_status":"","sticky":false,"template":"","format":"standard","meta":{"footnotes":"","_share_on_mastodon":"0"},"categories":[14],"tags":[2649,32,33,3222,2787,74,9796,27,13100,193,34,35,28,31,48,25,3155,46,40,41,47,80,547,29,30,48835,26,82,83,84],"class_list":["post-307843","post","type-post","status-publish","format-standard","has-post-thumbnail","category-swiat","tag-arktyka","tag-breaking-news","tag-breakingnews","tag-bron_nuklearna","tag-dania","tag-finlandia","tag-grenlandia","tag-headlines","tag-islandia","tag-kanada","tag-latest-news","tag-latestnews","tag-naglowki","tag-najwazniejsze-artykuly","tag-nat_styl","tag-news","tag-norwegia","tag-omp","tag-polish","tag-polski","tag-screening_general","tag-swiat","tag-szwecja","tag-top-stories","tag-topstories","tag-tst_floating_paywall","tag-wiadomosci","tag-world","tag-world-news","tag-worldnews"],"share_on_mastodon":{"url":"https:\/\/pubeurope.com\/@pl\/116236152114103533","error":""},"_links":{"self":[{"href":"https:\/\/www.europesays.com\/pl\/wp-json\/wp\/v2\/posts\/307843","targetHints":{"allow":["GET"]}}],"collection":[{"href":"https:\/\/www.europesays.com\/pl\/wp-json\/wp\/v2\/posts"}],"about":[{"href":"https:\/\/www.europesays.com\/pl\/wp-json\/wp\/v2\/types\/post"}],"author":[{"embeddable":true,"href":"https:\/\/www.europesays.com\/pl\/wp-json\/wp\/v2\/users\/2"}],"replies":[{"embeddable":true,"href":"https:\/\/www.europesays.com\/pl\/wp-json\/wp\/v2\/comments?post=307843"}],"version-history":[{"count":0,"href":"https:\/\/www.europesays.com\/pl\/wp-json\/wp\/v2\/posts\/307843\/revisions"}],"wp:featuredmedia":[{"embeddable":true,"href":"https:\/\/www.europesays.com\/pl\/wp-json\/wp\/v2\/media\/307844"}],"wp:attachment":[{"href":"https:\/\/www.europesays.com\/pl\/wp-json\/wp\/v2\/media?parent=307843"}],"wp:term":[{"taxonomy":"category","embeddable":true,"href":"https:\/\/www.europesays.com\/pl\/wp-json\/wp\/v2\/categories?post=307843"},{"taxonomy":"post_tag","embeddable":true,"href":"https:\/\/www.europesays.com\/pl\/wp-json\/wp\/v2\/tags?post=307843"}],"curies":[{"name":"wp","href":"https:\/\/api.w.org\/{rel}","templated":true}]}}