{"id":307968,"date":"2026-03-16T04:04:10","date_gmt":"2026-03-16T04:04:10","guid":{"rendered":"https:\/\/www.europesays.com\/pl\/307968\/"},"modified":"2026-03-16T04:04:10","modified_gmt":"2026-03-16T04:04:10","slug":"oscary-2026-demi-moore-w-sukni-z-lusek-i-pior-ten-look-zapamietamy-na-dlugo","status":"publish","type":"post","link":"https:\/\/www.europesays.com\/pl\/307968\/","title":{"rendered":"Oscary 2026. Demi Moore w sukni z \u0142usek i pi\u00f3r. Ten look zapami\u0119tamy na d\u0142ugo"},"content":{"rendered":"<p><a href=\"https:\/\/plejada.pl\/temat\/demi-moore-aktorka\/ckh6fwv\" id=\"5598ed39-6040-45e5-b7b5-26a440bbb3f4\" rel=\"nofollow noopener\" target=\"_blank\">Demi Moore<\/a> w zesz\u0142ym roku by\u0142a nominowana do Oscara za g\u0142\u00f3wn\u0105 rol\u0119 w filmie &#8222;Substancja&#8221;. Cho\u0107 nie zdoby\u0142a w\u00f3wczas statuetki Akademii, wcze\u015bniej zosta\u0142a uhonorowana Z\u0142otym Globem. Podczas odbierania tej nagrody wyg\u0142osi\u0142a poruszaj\u0105c\u0105 przemow\u0119, w kt\u00f3rej otwarcie m\u00f3wi\u0142a o ageizmie w bran\u017cy filmowej.<\/p>\n<p>&#8222;Robi\u0119 to od bardzo dawna, ponad 45 lat, i to jest pierwszy raz, kiedy dosta\u0142am jak\u0105kolwiek nagrod\u0119 jako aktorka. Jestem tym naprawd\u0119 pokorna i ogromnie wdzi\u0119czna&#8221; \u2014 podkre\u015bli\u0142a Moore. Przypomnia\u0142a r\u00f3wnie\u017c, \u017ce trzy dekady temu us\u0142ysza\u0142a od producenta, i\u017c jest &#8222;aktork\u0105 od popcornu&#8221; i takie nagrody nie s\u0105 dla niej.<\/p>\n<p>      Dalszy ci\u0105g artyku\u0142u pod materia\u0142em wideo <\/p>\n<p>Na czerwonym dywanie Demi Moore nie kry\u0142a rado\u015bci z mo\u017cliwo\u015bci zabawy mod\u0105. Od lat wsp\u00f3\u0142pracuje ze stylist\u0105 Bradem Goreskim i, jak sama przyznaje, bez jego pomocy jej styl by\u0142by zgo\u0142a inny.<\/p>\n<p> Jak\u0105 sukni\u0119 mia\u0142a na sobie Demi Moore na Oscarach 2026? <\/p>\n<p> Z jakiego materia\u0142u by\u0142a wykonana suknia Demi Moore? <\/p>\n<p> Kiedy Demi Moore by\u0142a nominowana do Oscara? <\/p>\n<p> Z kim wsp\u00f3\u0142pracuje Demi Moore przy swoich stylizacjach? <\/p>\n<p>&#8222;Jak Brad m\u00f3g\u0142by potwierdzi\u0107, gdybym sama mia\u0142a wybiera\u0107 ubrania, ubiera\u0142abym si\u0119 jak 12-letni ch\u0142opiec. Ale zdaj\u0119 sobie spraw\u0119, \u017ce to te\u017c jest cz\u0119\u015b\u0107 mnie, i w\u0142a\u015bnie w tym tkwi pi\u0119kno czerwonego dywanu \u2014 \u017ce mog\u0119 si\u0119 bawi\u0107 mod\u0105&#8221; \u2014 podkre\u015bli\u0142a aktorka. Doda\u0142a r\u00f3wnie\u017c, \u017ce moda to dla niej przestrze\u0144 do wyra\u017cania siebie i opowiadania historii w nowy spos\u00f3b.<\/p>\n<p>     Demi Moore na Oscarach 2026 [ZDJ\u0118CIA]   1\/3 Demi Moore       <img class=\"ods-a-photo ods-a-photo--background\" src=\"https:\/\/www.europesays.com\/pl\/wp-content\/uploads\/2026\/03\/2Jrk9lBaHR0cHM6Ly9vY2RuLmV1L3B1bHNjbXMvTURBXy9iNjc0MzY4MGI4M2RjM2NkOWVhM2RmMjQ2ZGQ5NzEwZS5qcGeRkwXNB.jpeg\" height=\"627\" width=\"940\" alt=\"Demi Moore\" loading=\"lazy\" fetchpriority=\"auto\" decoding=\"auto\"\/>    <\/p>\n<p>Julian Hamilton \/ Getty Images<\/p>\n<p>                3\/3 Demi Moore       <img class=\"ods-a-photo ods-a-photo--background\" src=\"https:\/\/www.europesays.com\/pl\/wp-content\/uploads\/2026\/03\/HMVk9lBaHR0cHM6Ly9vY2RuLmV1L3B1bHNjbXMvTURBXy8wNGVhN2Q5MjU2ZTE5MDg4OTg0ZGZlN2U3MGY2YTAwNS5qcGeRkwXNB.jpeg\" height=\"800\" width=\"533\" alt=\"Demi Moore\" loading=\"lazy\" fetchpriority=\"auto\" decoding=\"auto\"\/>    <\/p>\n<p>Lexie Moreland\/WWD \/ Getty Images<\/p>\n<p>Dzi\u0119kujemy, \u017ce przeczyta\u0142a\u015b\/e\u015b nasz artyku\u0142 do ko\u0144ca. W serwisie Plejada.pl ka\u017cdego dnia piszemy o najwa\u017cniejszych wydarzeniach show-biznesowych. B\u0105d\u017a na bie\u017c\u0105co i obserwuj Plejad\u0119 w <a href=\"&quot;http:\/\/news.google.com\/publications\/CAAiEF0PeAlb7W1llpV_mwV2rL4qFAgKIhBdD3gJW-1tZZaVf5sFdqy-?hl=pl&amp;gl=PL&amp;ceid=PL%3Apl&quot;\">Wiadomo\u015bciach Google<\/a>. Odwied\u017a nas tak\u017ce na <a href=\"&quot;http:\/\/facebook.com\/plejadapl&quot;\">Facebooku<\/a> , <a href=\"&quot;http:\/\/instagram.com\/plejadapl\/&quot;\">Instagramie<\/a>, <a href=\"&quot;http:\/\/youtube.com\/c\/plejada&quot;\">YouTubie<\/a> i <a href=\"&quot;http:\/\/tiktok.com\/@plejada_pl&quot;\">TikToku<\/a>.      <\/p>\n<p>Dzi\u0119kujemy, \u017ce przeczyta\u0142a\u015b\/e\u015b nasz artyku\u0142 do ko\u0144ca. W serwisie Plejada.pl ka\u017cdego dnia piszemy o najwa\u017cniejszych wydarzeniach show-biznesowych. B\u0105d\u017a na bie\u017c\u0105co i obserwuj Plejad\u0119 w <a href=\"http:\/\/news.google.com\/publications\/CAAiEF0PeAlb7W1llpV_mwV2rL4qFAgKIhBdD3gJW-1tZZaVf5sFdqy-?hl=pl&amp;gl=PL&amp;ceid=PL%3Apl\" rel=\"nofollow noopener\" target=\"_blank\">Wiadomo\u015bciach Google<\/a>. Odwied\u017a nas tak\u017ce na <a href=\"http:\/\/facebook.com\/plejadapl\" rel=\"nofollow noopener\" target=\"_blank\">Facebooku<\/a> , <a href=\"http:\/\/instagram.com\/plejadapl\/\" rel=\"nofollow noopener\" target=\"_blank\">Instagramie<\/a>, <a href=\"http:\/\/youtube.com\/c\/plejada\" rel=\"nofollow noopener\" target=\"_blank\">YouTubie<\/a> i <a href=\"http:\/\/tiktok.com\/@plejada_pl\" rel=\"nofollow noopener\" target=\"_blank\">TikToku<\/a>. <\/p>\n<p>  <script async src=\"\/\/www.instagram.com\/embed.js\"><\/script><script async src=\"\/\/www.tiktok.com\/embed.js\"><\/script><\/p>\n","protected":false},"excerpt":{"rendered":"Demi Moore w zesz\u0142ym roku by\u0142a nominowana do Oscara za g\u0142\u00f3wn\u0105 rol\u0119 w filmie &#8222;Substancja&#8221;. Cho\u0107 nie zdoby\u0142a&hellip;\n","protected":false},"author":2,"featured_media":307969,"comment_status":"","ping_status":"","sticky":false,"template":"","format":"standard","meta":{"footnotes":"","_share_on_mastodon":"0"},"categories":[5],"tags":[32,33,5095,36,37,27,2484,34,35,28,31,48,25,125,46,1125,42,38,40,39,41,47,29,30,26],"class_list":["post-307968","post","type-post","status-publish","format-standard","has-post-thumbnail","category-naglowki","tag-breaking-news","tag-breakingnews","tag-demi_moore","tag-featured-news","tag-featurednews","tag-headlines","tag-hollywood","tag-latest-news","tag-latestnews","tag-naglowki","tag-najwazniejsze-artykuly","tag-nat_styl","tag-news","tag-newsy","tag-omp","tag-oscary","tag-pl","tag-poland","tag-polish","tag-polska","tag-polski","tag-screening_general","tag-top-stories","tag-topstories","tag-wiadomosci"],"share_on_mastodon":{"url":"https:\/\/pubeurope.com\/@pl\/116236875388899787","error":""},"_links":{"self":[{"href":"https:\/\/www.europesays.com\/pl\/wp-json\/wp\/v2\/posts\/307968","targetHints":{"allow":["GET"]}}],"collection":[{"href":"https:\/\/www.europesays.com\/pl\/wp-json\/wp\/v2\/posts"}],"about":[{"href":"https:\/\/www.europesays.com\/pl\/wp-json\/wp\/v2\/types\/post"}],"author":[{"embeddable":true,"href":"https:\/\/www.europesays.com\/pl\/wp-json\/wp\/v2\/users\/2"}],"replies":[{"embeddable":true,"href":"https:\/\/www.europesays.com\/pl\/wp-json\/wp\/v2\/comments?post=307968"}],"version-history":[{"count":0,"href":"https:\/\/www.europesays.com\/pl\/wp-json\/wp\/v2\/posts\/307968\/revisions"}],"wp:featuredmedia":[{"embeddable":true,"href":"https:\/\/www.europesays.com\/pl\/wp-json\/wp\/v2\/media\/307969"}],"wp:attachment":[{"href":"https:\/\/www.europesays.com\/pl\/wp-json\/wp\/v2\/media?parent=307968"}],"wp:term":[{"taxonomy":"category","embeddable":true,"href":"https:\/\/www.europesays.com\/pl\/wp-json\/wp\/v2\/categories?post=307968"},{"taxonomy":"post_tag","embeddable":true,"href":"https:\/\/www.europesays.com\/pl\/wp-json\/wp\/v2\/tags?post=307968"}],"curies":[{"name":"wp","href":"https:\/\/api.w.org\/{rel}","templated":true}]}}