{"id":308103,"date":"2026-03-16T06:30:09","date_gmt":"2026-03-16T06:30:09","guid":{"rendered":"https:\/\/www.europesays.com\/pl\/308103\/"},"modified":"2026-03-16T06:30:09","modified_gmt":"2026-03-16T06:30:09","slug":"spor-o-prawybory-do-krs-polacy-zabrali-glos-sondaz-wiadomosci-onet","status":"publish","type":"post","link":"https:\/\/www.europesays.com\/pl\/308103\/","title":{"rendered":"Sp\u00f3r o prawybory do KRS. Polacy zabrali g\u0142os [SONDA\u017b] &#8211; Wiadomo\u015bci Onet"},"content":{"rendered":"<ol>\n<li><a href=\"https:\/\/news.google.com\/rss\/articles\/CBMilAFBVV95cUxPQkZSbUgybjBVZDRwMVVpNUNfRFoweDZTMEppR3lEYkViT3NvSGNvdXBKNlJySlJNY0FmREtkTmV2QmdRdFhyd3ptYlZZckVIRjN2S2huS2Y4QkdHd3d1NnJyUm9UVnVNLXZPamNheWFOSnNvUkFSNWlFcDd1clV1bVdueDZBX0JXYXdvVHpleFZIZjZQ?oc=5\" target=\"_blank\" rel=\"nofollow noopener\">Sp\u00f3r o prawybory do KRS. Polacy zabrali g\u0142os [SONDA\u017b]<\/a>&nbsp;&nbsp;Wiadomo\u015bci Onet<\/li>\n<li><a href=\"https:\/\/news.google.com\/rss\/articles\/CBMiuAFBVV95cUxNSmZaaE1wQUYzdUpLWVdrSFNKQkI3VFkwMTVCWXJZakxYNWtvZl8ydWh1emZyc2FYRmlrdFNISjE3U1V5ZkMtanVjZF9PZUR2dDFObFBIYWYzVTZXVEFMdGhGazBHZnpLM3JCUFYtVi1EV2VYNHVDa1VJeGFMY3VGQjhjQVpnVVNIY0JNLXFROWxJMTVyYkl0MUdITF90OEVsNjV3RW02LTJ4bVRIYnhVWVlDRU5fTDFL?oc=5\" target=\"_blank\" rel=\"nofollow noopener\">Rzymkowski: Praktyk\u0105 Ziobry by\u0142o usuwanie prezes\u00f3w s\u0105d\u00f3w. Robi\u0142 to Bodnar i robi to \u017burek<\/a>&nbsp;&nbsp;Rzeczpospolita<\/li>\n<li><a href=\"https:\/\/news.google.com\/rss\/articles\/CBMipgFBVV95cUxQdUZDVUZ3SnkyUUQ2Q2RheHZWMThodDM4elJYYUtkb3NFWDkyUU5EdE0zcmx2QmhJOXFBUmlLUS1VN1ZUU1dvbG5ObEZ1QXA1cjAydVBnSjBpVjBOclU4SHhVTTA5T3lrenlpSVA5TUZOS2p6R0tuVTRhR2Z4bEhEWWJOSmtOd0stRjlzbUhhZEhXWFBET19fVzZUbTVCdFZvdWZmY3lR?oc=5\" target=\"_blank\" rel=\"nofollow noopener\">Poparcie s\u0119dzi\u00f3w b\u0119dzie legitymizowa\u0142o KRS w instytucjach mi\u0119dzynarodowych<\/a>&nbsp;&nbsp;Wyborcza.pl<\/li>\n<li><a href=\"https:\/\/news.google.com\/rss\/articles\/CBMipgFBVV95cUxNZTdzRGRUal8zMjVfa1J6UFUtaHMwOWkxRnBXczNfc3JlbU9la2ZXQjFiR21NbGdWUjlSd1ZfTHFYazk1R1lZbjk2ZHk5aW5ZelVTRGhXMDdMd1AtbHoxMktCWWZVOFFpWmlodjJaaXZSUllYTTJWTlplRGpPX1NHYTRPaVlvdExYc044VHlQQnF5U2pCTlRLZ2d2RWVJdjZUZGNDR0x3?oc=5\" target=\"_blank\" rel=\"nofollow noopener\">Ekspert: Sk\u0105d ten po\u015bpiech w parlamentarnej procedurze wyboru s\u0119dzi\u00f3w do TK?<\/a>&nbsp;&nbsp;Tysol<\/li>\n<li><a href=\"https:\/\/news.google.com\/rss\/articles\/CBMirAFBVV95cUxQTUY1eXhUblBkVGpscGJuRGtvWDg5c0xRdGNibGVtLWp3R3VmZUNiQ0NSeE1qbUlOZ1ZTM2I0M2hoMHV1T2prZVRiYTJDUlVLbm8zYmZrZ21haXU5S0hndkY5MVdybEFKRWx6T1BNbUpPN3Jzanc5bTU5VG5LY2tZMlFjcjhva1RoTXZEN3RKal91QXhaSDVGQ0RZaWo0eWFVcFpnOVo5UHlKTFMx?oc=5\" target=\"_blank\" rel=\"nofollow noopener\">S\u0119dzia: Nielegalne &#8222;prawybory&#8221; do KRS powinny by\u0107 kontrolowane przez m\u0119\u017c\u00f3w zaufania<\/a>&nbsp;&nbsp;WNET.fm<\/li>\n<\/ol>\n","protected":false},"excerpt":{"rendered":"Sp\u00f3r o prawybory do KRS. Polacy zabrali g\u0142os [SONDA\u017b]&nbsp;&nbsp;Wiadomo\u015bci Onet Rzymkowski: Praktyk\u0105 Ziobry by\u0142o usuwanie prezes\u00f3w s\u0105d\u00f3w. Robi\u0142&hellip;\n","protected":false},"author":2,"featured_media":308104,"comment_status":"","ping_status":"","sticky":false,"template":"","format":"standard","meta":{"footnotes":"","_share_on_mastodon":"0"},"categories":[12],"tags":[32,33,36,37,27,49,1381,34,35,28,31,48,25,46,42,38,40,39,41,47,5485,231,29,30,26],"class_list":["post-308103","post","type-post","status-publish","format-standard","has-post-thumbnail","category-polska","tag-breaking-news","tag-breakingnews","tag-featured-news","tag-featurednews","tag-headlines","tag-kraj","tag-krs","tag-latest-news","tag-latestnews","tag-naglowki","tag-najwazniejsze-artykuly","tag-nat_styl","tag-news","tag-omp","tag-pl","tag-poland","tag-polish","tag-polska","tag-polski","tag-screening_general","tag-sejm_rp","tag-sondaze","tag-top-stories","tag-topstories","tag-wiadomosci"],"share_on_mastodon":{"url":"https:\/\/pubeurope.com\/@pl\/116237449594155150","error":""},"_links":{"self":[{"href":"https:\/\/www.europesays.com\/pl\/wp-json\/wp\/v2\/posts\/308103","targetHints":{"allow":["GET"]}}],"collection":[{"href":"https:\/\/www.europesays.com\/pl\/wp-json\/wp\/v2\/posts"}],"about":[{"href":"https:\/\/www.europesays.com\/pl\/wp-json\/wp\/v2\/types\/post"}],"author":[{"embeddable":true,"href":"https:\/\/www.europesays.com\/pl\/wp-json\/wp\/v2\/users\/2"}],"replies":[{"embeddable":true,"href":"https:\/\/www.europesays.com\/pl\/wp-json\/wp\/v2\/comments?post=308103"}],"version-history":[{"count":0,"href":"https:\/\/www.europesays.com\/pl\/wp-json\/wp\/v2\/posts\/308103\/revisions"}],"wp:featuredmedia":[{"embeddable":true,"href":"https:\/\/www.europesays.com\/pl\/wp-json\/wp\/v2\/media\/308104"}],"wp:attachment":[{"href":"https:\/\/www.europesays.com\/pl\/wp-json\/wp\/v2\/media?parent=308103"}],"wp:term":[{"taxonomy":"category","embeddable":true,"href":"https:\/\/www.europesays.com\/pl\/wp-json\/wp\/v2\/categories?post=308103"},{"taxonomy":"post_tag","embeddable":true,"href":"https:\/\/www.europesays.com\/pl\/wp-json\/wp\/v2\/tags?post=308103"}],"curies":[{"name":"wp","href":"https:\/\/api.w.org\/{rel}","templated":true}]}}