{"id":308420,"date":"2026-03-16T09:40:10","date_gmt":"2026-03-16T09:40:10","guid":{"rendered":"https:\/\/www.europesays.com\/pl\/308420\/"},"modified":"2026-03-16T09:40:10","modified_gmt":"2026-03-16T09:40:10","slug":"damian-sylwestrzak-posluchal-szymona-marciniaka-tu-przerwal-lecz-gwizdek-trzymal-wszystkim-sie-zdawalo-sport-tvp-pl","status":"publish","type":"post","link":"https:\/\/www.europesays.com\/pl\/308420\/","title":{"rendered":"Damian Sylwestrzak pos\u0142ucha\u0142 Szymona Marciniaka. Tu przerwa\u0142, lecz gwizdek trzyma\u0142; wszystkim si\u0119 zdawa\u0142o&#8230; &#8211; sport.tvp.pl"},"content":{"rendered":"<ol>\n<li><a href=\"https:\/\/news.google.com\/rss\/articles\/CBMiqwFBVV95cUxPdlhtOUp4eEg3M2p4ZFk1bjloNVdSN3lKSExhMmN4ZlF6YWpUUUhMaFdXa3FLdGRmSFdjSkFLdUdEWXhPNG41QmtpZGN2ZE54ZENqc0stYUw5V2VuR0NndnVZTE1KUEk3eDZSYUkwckdQQ050c2dkOHEyeFVSdGM5XzRHWnZBWjdodzF6VzRIS1c3emNuemMtTEl2Zl9DX3k3dmpOYVhoOXJzNmPSAbABQVVfeXFMUC1CbVZHS1ZRUWNScFpxT3ZUNWVRUDBmWS15eld6YTVKZU5Xcl81cThuSklwVGxaRXNxOElUNlVocFF1UkpmbnlfS2ZNenluUHByUjZ1OHV0V1NqTGxLVmpJYlJyRG9EdlZENUtLeWJHSE8wTVR2UzZrM0p1SjNVVk52c0p5T01ScnZGZzN6TFZsWTlUOWdlZ2JVRDVySkpDbzB1UWJKRGNjXzhnQko3MWQ?oc=5\" target=\"_blank\" rel=\"nofollow noopener\">Damian Sylwestrzak pos\u0142ucha\u0142 Szymona Marciniaka. Tu przerwa\u0142, lecz gwizdek trzyma\u0142; wszystkim si\u0119 zdawa\u0142o&#8230;<\/a>&nbsp;&nbsp;sport.tvp.pl<\/li>\n<li><a href=\"https:\/\/news.google.com\/rss\/articles\/CBMixgFBVV95cUxQdi1YUU5xRFlLSUtNZmJqbE9VaVZPYmNBcFFEZjU4UkM4VldJaVM3RHBweU9FYjBnUEtvUWpfSnNHeEc4eko3WmZ3UFdCMUg2Qkw2aGw0SUNFV1gyYlJBM21jSHhiMVo0aDI3d09adzJFNmZ3aUo2aUFENk5uYklUbjE0TFhPa0xTdnRwNk9mZGJjNWlGaGxIbjlTYXBSeFdpMXZIcDdEbmFiSVlNYXNURXNWLTVHb1lfX3ZCRjJNUU5JdkdSTkE?oc=5\" target=\"_blank\" rel=\"nofollow noopener\">Kontrowersje! Protesty Widzewa \u0141\u00f3d\u017a nic nie da\u0142y, emocje w Gdyni<\/a>&nbsp;&nbsp;Przegl\u0105d Sportowy<\/li>\n<li><a href=\"https:\/\/news.google.com\/rss\/articles\/CBMiVEFVX3lxTFAzSG1neEMwSGlSNG1FTVlMaGQyN1ZnVU9sQVNTNlB3aTQ3ZFlxX1NQUTdtcU1neVQ0a0Q5eHllNDJNRElfVUh2clJvSmVaMDZlLXFnVQ?oc=5\" target=\"_blank\" rel=\"nofollow noopener\">Punkt po walce<\/a>&nbsp;&nbsp;Widzew \u0141\u00f3d\u017a<\/li>\n<li><a href=\"https:\/\/news.google.com\/rss\/articles\/CBMixgFBVV95cUxQYmJZS3pfUTVaUTBCMTB0UnRKZHNVY1FJbUMzMWgxWG8tT0dlTWs4bGFUSWo4TF83THJ5WUo1b3F3Z1M2MFdQbVZtY2lNQXo2aC00LTNhclhfcXpYV1ctd1FsSkRHVnVIaG1aWUh1Z1BCb1BkMVh1bnZmczJvUjE3c0s2S0lVYnJ1bFkwYWRTSDRELVA5NnJjTmxoTlBIdVktd2lZQmFRLTQydGxKYk1LMjdWZ2xnRGJHSjVDVnRnOVFjQVlOR0E?oc=5\" target=\"_blank\" rel=\"nofollow noopener\">Milionerzy z Widzewa w strefie spadkowej. Fatalna murawa zatrzyma\u0142a gole?<\/a>&nbsp;&nbsp;Sport w INTERIA.PL<\/li>\n<li><a href=\"https:\/\/news.google.com\/rss\/articles\/CBMiqAFBVV95cUxPemhjMnplanBYcF9hOG4tdUhOZy1ZeUNUS0ZoZFFXeWVoT1BxemQyYmo2c0l6RXNrNm16TlNGN2lzblJmUDRBRFFoejU2SGIwdEN1bW5VVGE2RmVseUQ2Tk13S2tDLWdYb3Nra3cxdmhoOWZyeEYwYm9wZlM3SHhVbURnTi01aDM2NGMzV3pzeUdQeVVLTV9tcWZBQjFLTUVBTDMwVjBMVkE?oc=5\" target=\"_blank\" rel=\"nofollow noopener\">Wielka kontrowersja w Ekstraklasie. Marciniak wyda\u0142 werdykt<\/a>&nbsp;&nbsp;Sport.pl<\/li>\n<\/ol>\n","protected":false},"excerpt":{"rendered":"Damian Sylwestrzak pos\u0142ucha\u0142 Szymona Marciniaka. Tu przerwa\u0142, lecz gwizdek trzyma\u0142; wszystkim si\u0119 zdawa\u0142o&#8230;&nbsp;&nbsp;sport.tvp.pl Kontrowersje! Protesty Widzewa \u0141\u00f3d\u017a nic&hellip;\n","protected":false},"author":2,"featured_media":308421,"comment_status":"","ping_status":"","sticky":false,"template":"","format":"standard","meta":{"footnotes":"","_share_on_mastodon":"0"},"categories":[5],"tags":[3240,32,33,9281,36,37,1285,27,34,35,49888,28,31,25,47002,269,2573,42,38,40,39,41,21168,334,3181,4834,29,30,3098,3180,47992,26,6856],"class_list":["post-308420","post","type-post","status-publish","format-standard","has-post-thumbnail","category-naglowki","tag-arka-gdynia","tag-breaking-news","tag-breakingnews","tag-damian-sylwestrzak","tag-featured-news","tag-featurednews","tag-fifa","tag-headlines","tag-latest-news","tag-latestnews","tag-marcel-krajewski","tag-naglowki","tag-najwazniejsze-artykuly","tag-news","tag-oskar-kubiak","tag-pilka-nozna","tag-pko-bp-ekstraklasa","tag-pl","tag-poland","tag-polish","tag-polska","tag-polski","tag-przepisy-gry","tag-sport-tvp-pl","tag-system-var","tag-szymon-marciniak","tag-top-stories","tag-topstories","tag-uefa","tag-var","tag-vladislavs-gutkovskis","tag-wiadomosci","tag-widzew-ldz"],"share_on_mastodon":{"url":"","error":"Validation failed: Text character limit of 500 exceeded"},"_links":{"self":[{"href":"https:\/\/www.europesays.com\/pl\/wp-json\/wp\/v2\/posts\/308420","targetHints":{"allow":["GET"]}}],"collection":[{"href":"https:\/\/www.europesays.com\/pl\/wp-json\/wp\/v2\/posts"}],"about":[{"href":"https:\/\/www.europesays.com\/pl\/wp-json\/wp\/v2\/types\/post"}],"author":[{"embeddable":true,"href":"https:\/\/www.europesays.com\/pl\/wp-json\/wp\/v2\/users\/2"}],"replies":[{"embeddable":true,"href":"https:\/\/www.europesays.com\/pl\/wp-json\/wp\/v2\/comments?post=308420"}],"version-history":[{"count":0,"href":"https:\/\/www.europesays.com\/pl\/wp-json\/wp\/v2\/posts\/308420\/revisions"}],"wp:featuredmedia":[{"embeddable":true,"href":"https:\/\/www.europesays.com\/pl\/wp-json\/wp\/v2\/media\/308421"}],"wp:attachment":[{"href":"https:\/\/www.europesays.com\/pl\/wp-json\/wp\/v2\/media?parent=308420"}],"wp:term":[{"taxonomy":"category","embeddable":true,"href":"https:\/\/www.europesays.com\/pl\/wp-json\/wp\/v2\/categories?post=308420"},{"taxonomy":"post_tag","embeddable":true,"href":"https:\/\/www.europesays.com\/pl\/wp-json\/wp\/v2\/tags?post=308420"}],"curies":[{"name":"wp","href":"https:\/\/api.w.org\/{rel}","templated":true}]}}