{"id":308424,"date":"2026-03-16T09:42:09","date_gmt":"2026-03-16T09:42:09","guid":{"rendered":"https:\/\/www.europesays.com\/pl\/308424\/"},"modified":"2026-03-16T09:42:09","modified_gmt":"2026-03-16T09:42:09","slug":"anna-wintour-pokazala-dystans-do-siebie-odegrala-role-z-diabel-ubiera-sie-u-prady-wideo-plejada","status":"publish","type":"post","link":"https:\/\/www.europesays.com\/pl\/308424\/","title":{"rendered":"Anna Wintour pokaza\u0142a dystans do siebie. Odegra\u0142a rol\u0119 z &quot;Diabe\u0142 ubiera si\u0119 u Prady&quot; [WIDEO] &#8211; Plejada"},"content":{"rendered":"<ol>\n<li><a href=\"https:\/\/news.google.com\/rss\/articles\/CBMitAFBVV95cUxOSkRBQjQtTGIwbXh6clpOTE1uWWw1QUJmM21pLXhnSFlBcTlheVBNaklWOVQtbHpwZzNCc2xVVVh2T2lPTXZ1RkhLblNJbkYzYnQzb1JrM1JQVWUwdnF5eVJxenU1M25xS1o0UkV0QkZCY0RCTkdwaU5RSnl5bFNxR2xqek5YNEZoQ2ZnTUg5ODhrM1FOVXZjYmlfbk9GVnhjZzlfTTdCaGRxeFpST1hGVldCVnk?oc=5\" target=\"_blank\" rel=\"nofollow noopener\">Anna Wintour pokaza\u0142a dystans do siebie. Odegra\u0142a rol\u0119 z &#8222;Diabe\u0142 ubiera si\u0119 u Prady&#8221; [WIDEO]<\/a>&nbsp;&nbsp;Plejada<\/li>\n<li><a href=\"https:\/\/news.google.com\/rss\/articles\/CBMi8AFBVV95cUxPb1VhWnowQ244anlhMUtjZVJWZ1pCSFdOMXNpTUM3QWFIRi1OLUF4VllGaUc4WUNQTE8wS1duZFpQN3R0bjNJX0hHZGl6T1cwYWQ5SHF4aDc1THdjcU8zWkIyRFVibVVEaWdva19BOTFPekcwZE5oeElBcmZZYUZ4cVpWOXhwTjh6eVRSTDRQVDdXQU5QeV9VYnpZdnlWcmZnbzMwYmlLQVB6Y3FQaDFNdWJhUGp3d3ZEaF9wZGE2NW9fZnlIQVFTb1BrOGgtLTNmMnpDMW83a1U4eFI5dmQ1NC1HcDVBY0tlMEdiSUE4d2s?oc=5\" target=\"_blank\" rel=\"nofollow noopener\">Oscary 2026: Anna Wintour i Anne Hathaway hitem sieci<\/a>&nbsp;&nbsp;Pudelek<\/li>\n<li><a href=\"https:\/\/news.google.com\/rss\/articles\/CBMitwFBVV95cUxOd1hzMkQ1MXVBN0RTcUlCbHpJakhxWUpaTnRsR0ppZmF0UTVaOXJoM0hDdkNJQUVOSGlzNzNRNzU2Zi1SOGUwUDhlNl9WNEF5Zm0zWHNWc3dnUmg1WWF4REpqWjhXV3J2S3lpSGdIZHdpZzhfS3pwRVlRaUVWQ1Q2aW9SWUVuS0dCc1doM1RGa3dPMFIyckFXWmxZSkM0RE1JNjJ4cHE4cUlxNjZBQVBDSHlkc0plWGM?oc=5\" target=\"_blank\" rel=\"nofollow noopener\">Oscary 2026. Anne Hathaway w gorsecie. Mia\u0142a na sobie diamenty<\/a>&nbsp;&nbsp;Onet<\/li>\n<li><a href=\"https:\/\/news.google.com\/rss\/articles\/CBMiowFBVV95cUxNMU9fbjltVGNIT19Tdmdiak9WTVAtVWdBMndFNGQ0c0VhVDFwVE55S2hJbnEwZkVabGZLRHpqOE1MYTFLRC1jZkNjM3NiRFlfZDhzTXpaTGlCNldpMGRfWVhMZDJKbG12QUJMN0FMMnhlaXpvYmVuMWZCM01PY1hfV2hCV1NUSTAyUDM4bVNwaWVuNkNfUVN0aE53a282T1RfS0VV?oc=5\" target=\"_blank\" rel=\"nofollow noopener\">Oczy wszystkich by\u0142y zwr\u00f3cone na ni\u0105. Anne Hathaway zada\u0142a szyku w kwiecistej sukni<\/a>&nbsp;&nbsp;Ofeminin<\/li>\n<li><a href=\"https:\/\/news.google.com\/rss\/articles\/CBMiqgFBVV95cUxPSmFfMlBvNEt1ZFJFZWppWHpfWXQtMExyZjhkS29SWXJIZDdvNmtBR05VZWxNa0RzTnRFOXNBQ2RSRVBtazYzM1pGeG1FSWRiVWtKeHdhY3ZMZXlqWk1uV1daTWRyejl5S2J0VzFwTFlPcGRGX0NuaDJTblE0QUlXalIwYnVaLTNIak1MWUpiZWlUcVRka3FMRlQtaDZRWXZGWGpHdjJTQnV1UQ?oc=5\" target=\"_blank\" rel=\"nofollow noopener\">Anne Hathaway i Anna Wintour na Oscarach niczym Miranda i Andy z filmu \u201eDiabe\u0142 ubiera si\u0119 u Prady\u201d<\/a>&nbsp;&nbsp;Vogue Polska<\/li>\n<\/ol>\n","protected":false},"excerpt":{"rendered":"Anna Wintour pokaza\u0142a dystans do siebie. Odegra\u0142a rol\u0119 z &#8222;Diabe\u0142 ubiera si\u0119 u Prady&#8221; [WIDEO]&nbsp;&nbsp;Plejada Oscary 2026: Anna&hellip;\n","protected":false},"author":2,"featured_media":308425,"comment_status":"","ping_status":"","sticky":false,"template":"","format":"standard","meta":{"footnotes":"","_share_on_mastodon":"0"},"categories":[22],"tags":[5101,12578,122,48,125,46,42,38,40,39,41,123,47],"class_list":["post-308424","post","type-post","status-publish","format-standard","has-post-thumbnail","category-rozrywka","tag-anna_wintour","tag-anne_hathaway","tag-entertainment","tag-nat_styl","tag-newsy","tag-omp","tag-pl","tag-poland","tag-polish","tag-polska","tag-polski","tag-rozrywka","tag-screening_general"],"share_on_mastodon":{"url":"https:\/\/pubeurope.com\/@pl\/116238204458354038","error":""},"_links":{"self":[{"href":"https:\/\/www.europesays.com\/pl\/wp-json\/wp\/v2\/posts\/308424","targetHints":{"allow":["GET"]}}],"collection":[{"href":"https:\/\/www.europesays.com\/pl\/wp-json\/wp\/v2\/posts"}],"about":[{"href":"https:\/\/www.europesays.com\/pl\/wp-json\/wp\/v2\/types\/post"}],"author":[{"embeddable":true,"href":"https:\/\/www.europesays.com\/pl\/wp-json\/wp\/v2\/users\/2"}],"replies":[{"embeddable":true,"href":"https:\/\/www.europesays.com\/pl\/wp-json\/wp\/v2\/comments?post=308424"}],"version-history":[{"count":0,"href":"https:\/\/www.europesays.com\/pl\/wp-json\/wp\/v2\/posts\/308424\/revisions"}],"wp:featuredmedia":[{"embeddable":true,"href":"https:\/\/www.europesays.com\/pl\/wp-json\/wp\/v2\/media\/308425"}],"wp:attachment":[{"href":"https:\/\/www.europesays.com\/pl\/wp-json\/wp\/v2\/media?parent=308424"}],"wp:term":[{"taxonomy":"category","embeddable":true,"href":"https:\/\/www.europesays.com\/pl\/wp-json\/wp\/v2\/categories?post=308424"},{"taxonomy":"post_tag","embeddable":true,"href":"https:\/\/www.europesays.com\/pl\/wp-json\/wp\/v2\/tags?post=308424"}],"curies":[{"name":"wp","href":"https:\/\/api.w.org\/{rel}","templated":true}]}}