{"id":308698,"date":"2026-03-16T12:42:09","date_gmt":"2026-03-16T12:42:09","guid":{"rendered":"https:\/\/www.europesays.com\/pl\/308698\/"},"modified":"2026-03-16T12:42:09","modified_gmt":"2026-03-16T12:42:09","slug":"polak-z-nagroda-i-kasliwe-zarty-oto-najwazniejsze-momenty-tegorocznych-oscarow","status":"publish","type":"post","link":"https:\/\/www.europesays.com\/pl\/308698\/","title":{"rendered":"Polak z nagrod\u0105 i k\u0105\u015bliwe \u017carty. Oto najwa\u017cniejsze momenty tegorocznych Oscar\u00f3w"},"content":{"rendered":"<p class=\"Paragraph_desktopParagraph__U31Gm\"><a href=\"https:\/\/plejada.pl\/newsy\/oscary-2026-tlum-gwiazd-juz-na-czerwonym-dywanie-tylko-spojrz-na-heidi-klum\/gdsvs4b\" id=\"740415ae-7694-4c8a-b1ca-ac37e6e69f48\" rel=\"nofollow noopener\" target=\"_blank\">Tegoroczn\u0105 gal\u0119 Oscar\u00f3w<\/a> w Dolby Theatre w Los Angeles poprowadzi\u0142 <a href=\"https:\/\/plejada.pl\/newsy\/conan-obrien-poprowadzi-oscary-po-raz-drugi-ma-za-soba-rodzinna-tragedie\/8ct2szh\" id=\"23ccbec0-b8d2-4562-8a89-b88d3d88bc1a\" rel=\"nofollow noopener\" target=\"_blank\">Conan O&#8217;Brien<\/a>, kt\u00f3ry ju\u017c od pierwszych minut zadba\u0142 o gor\u0105c\u0105 atmosfer\u0119. Tegoroczna gala, tradycyjnie okre\u015blana mianem najwa\u017cniejszego wieczoru w Hollywood, przynios\u0142a zar\u00f3wno rekordy, jak i wzruszenia, kt\u00f3re poruszy\u0142y nie tylko bran\u017c\u0119 filmow\u0105, ale i opini\u0119 publiczn\u0105 na ca\u0142ym \u015bwiecie.<\/p>\n<p class=\"Paragraph_desktopParagraph__U31Gm\">W\u015br\u00f3d najwi\u0119kszych zwyci\u0119zc\u00f3w znalaz\u0142y si\u0119 filmy &#8222;Sinners&#8221;, &#8222;One Battle After Another&#8221; oraz &#8222;Hamnet&#8221;. Jednak to nie tylko statuetki, ale tak\u017ce niecodzienne sytuacje sprawi\u0142y, \u017ce Oscary 2026 b\u0119d\u0105 szeroko komentowane przez najbli\u017csze miesi\u0105ce.<\/p>\n<ul class=\"OchatFollowUps_wrapper__1ry7X\">\n<li class=\"OchatFollowUps_item__Dhyly OchatFollowUps_itemDesktop__R6aBv\">Kto zdoby\u0142 Oscara za kr\u00f3tkometra\u017cow\u0105 animacj\u0119?<\/li>\n<li class=\"OchatFollowUps_item__Dhyly OchatFollowUps_itemDesktop__R6aBv\">Jakie filmy by\u0142y najwi\u0119kszymi zwyci\u0119zcami Oscar\u00f3w?<\/li>\n<li class=\"OchatFollowUps_item__Dhyly OchatFollowUps_itemDesktop__R6aBv\">Kto prowadzi\u0142 tegoroczn\u0105 gal\u0119 Oscar\u00f3w?<\/li>\n<li class=\"OchatFollowUps_item__Dhyly OchatFollowUps_itemDesktop__R6aBv\">Jakie kontrowersje wywo\u0142a\u0142y \u017carty Conana O&#8217;Brien?<\/li>\n<\/ul>\n<p>Polak z Oscarem. &#8222;Nale\u017c\u0119 do was, na zawsze. Kocham Polsk\u0119&#8221; <\/p>\n<p class=\"Paragraph_desktopParagraph__U31Gm\">Maciek Szczerbowski i Chris Lavis zdobyli Oscara za kr\u00f3tkometra\u017cow\u0105 animacj\u0119 &#8222;The Girl Who Cried Pearls&#8221;. Duet filmowc\u00f3w ju\u017c kilkana\u015bcie lat temu mia\u0142 szans\u0119 na statuetk\u0119. \u2014 Chcemy podzi\u0119kowa\u0107 naszej niesamowitej okolicy oraz niezwykle utalentowanej spo\u0142eczno\u015bci artyst\u00f3w, z kt\u00f3rymi mieli\u015bmy ogromne szcz\u0119\u015bcie pracowa\u0107. Dzi\u0119kujemy fantastycznemu miastu Montreal. Dzi\u0119kujemy Kanadzie \u2014 m\u00f3wi\u0142 ze sceny Polak.<\/p>\n<p class=\"Paragraph_desktopParagraph__U31Gm\">Mimo \u017ce od wielu lat mieszka w Kanadzie, Szczerbowski podkre\u015bli\u0142, \u017ce wci\u0105\u017c czuje siln\u0105 wi\u0119\u017a z Polsk\u0105. &#8222;Czuj\u0119 si\u0119 Kanadyjczykiem, zdecydowanie. Czuj\u0119 si\u0119 jak francuski Anglik. Ale wci\u0105\u017c nale\u017c\u0119 do was, na zawsze. Kocham Polsk\u0119&#8221; \u2014 powiedzia\u0142 w materiale Dzie\u0144 Dobry TVN.<\/p>\n<p>Remis, kt\u00f3ry zaskoczy\u0142 wszystkich <\/p>\n<p class=\"Paragraph_desktopParagraph__U31Gm\">Po raz si\u00f3dmy w historii Oscar\u00f3w dosz\u0142o do sytuacji niemal bez precedensu \u2014 dw\u00f3ch zwyci\u0119zc\u00f3w w jednej kategorii. Nagroda za Najlepszy Kr\u00f3tkometra\u017cowy Film Aktorski pow\u0119drowa\u0142a do dw\u00f3ch produkcji: muzycznej komedii &#8222;The Singers&#8221; oraz francuskoj\u0119zycznego dramatu &#8222;Two People Exchanging Saliva&#8221;. <a href=\"https:\/\/plejada.pl\/newsy\/burza-w-sieci-po-wystapieniu-na-oscarach-nigdy-wiecej-go-nie-zapraszajcie\/y5vjrf5\" id=\"2c7b84e7-86fa-49fa-b693-efcac652b789\" rel=\"nofollow noopener\" target=\"_blank\">Nagrod\u0119 wr\u0119czy\u0142 Kumail Nanjiani<\/a>, kt\u00f3ry nie kry\u0142 zaskoczenia, og\u0142aszaj\u0105c remis. Prowadz\u0105cy gal\u0119 Conan O&#8217;Brien \u017cartowa\u0142, \u017ce tw\u00f3rcy &#8222;zrujnowali miliony zak\u0142ad\u00f3w bukmacherskich&#8221;.<\/p>\n<p class=\"Paragraph_desktopParagraph__U31Gm\">To wydarzenie przypomnia\u0142o o pierwszym remisie z 1932 roku, kt\u00f3ry doprowadzi\u0142 do zmiany regulaminu. Dzi\u015b, aby dosz\u0142o do remisu, liczba g\u0142os\u00f3w musi by\u0107 identyczna.<\/p>\n<p>Anna Wintour na scenie Oscar\u00f3w <\/p>\n<p class=\"Paragraph_desktopParagraph__U31Gm\">Niecodziennym wydarzeniem by\u0142o <a href=\"https:\/\/plejada.pl\/newsy\/anna-wintour-pokazala-dystans-do-siebie-odegrala-role-z-diabel-ubiera-sie-u-prady\/01j775n\" id=\"80410d75-7417-4353-bb26-c30590533196\" rel=\"nofollow noopener\" target=\"_blank\">pojawienie si\u0119 na scenie Anny Wintour<\/a>, legendarnej by\u0142ej redaktor naczelnej &#8222;Vogue\u2019a&#8221;, kt\u00f3ra wsp\u00f3lnie z Anne Hathaway og\u0142osi\u0142a zwyci\u0119zc\u0119 w kategorii Najlepsze Kostiumy. Wintour niczym Mirana Prisley z filmu &#8222;Diabe\u0142 ubiera si\u0119 u Prady&#8221; zignorowa\u0142a pytanie aktorki o jej stylizacj\u0119, co wywo\u0142a\u0142o rozbawienie publiczno\u015bci. Po chwili zwr\u00f3ci\u0142a si\u0119 do niej per Emily [niczym filmowa Miranda do swojej asystentki].<\/p>\n<p><img decoding=\"async\" class=\"Image_image__0tuHp Image_autoHeight__f2n87 \" height=\"587\" width=\"880\" src=\"https:\/\/www.europesays.com\/pl\/wp-content\/uploads\/2026\/03\/f1dk9kuTURBXy8yZTkzMWM1Zi1lNzQwLTRlOTEtYTBkMy05NmQwOTAwODIwMzguanBlZ5KVAs0DrADCw5UCAM0CS8LD3gADoTABo.jpeg\" alt=\"Anna Wintour, Anne Hatheway\" loading=\"lazy\" \/>PAP\/EPA\/CHRIS TORRES<\/p>\n<p>Anna Wintour, Anne Hatheway<\/p>\n<p>Conan O&#8217;Brien i \u017carty, kt\u00f3re podzieli\u0142y publiczno\u015b\u0107 <\/p>\n<p class=\"Paragraph_desktopParagraph__U31Gm\">Conan O&#8217;Brien nie unika\u0142 ostrych \u017cart\u00f3w, komentuj\u0105c m.in. brak brytyjskich aktor\u00f3w w g\u0142\u00f3wnych kategoriach, <a href=\"https:\/\/plejada.pl\/newsy\/gospodarz-oscarow-zazartowal-z-andrzeja-rozlegly-sie-gromkie-brawa\/zh263rm\" id=\"df1cf07a-b121-4bcd-9221-2860f674f341\" rel=\"nofollow noopener\" target=\"_blank\">nawi\u0105zuj\u0105c do g\u0142o\u015bnych aresztowa\u0144 na Wyspach<\/a>. Jego s\u0142owa o brytyjskim podej\u015bciu do skandali, cho\u0107 celne, wywo\u0142a\u0142y mieszane reakcje na sali i w mediach spo\u0142eczno\u015bciowych.<\/p>\n<p class=\"Paragraph_desktopParagraph__U31Gm\"><a href=\"https:\/\/plejada.pl\/newsy\/oscary-2026-roast-timothee-chalameta-zarty-juz-na-poczatku-ceremonii\/05qlvcw\" id=\"29f60f6b-1ac8-458a-88c8-6fbab377229a\" rel=\"nofollow noopener\" target=\"_blank\">Gospodarz nie szcz\u0119dzi\u0142 r\u00f3wnie\u017c \u017cart\u00f3w pod adresem Timothee Chalameta<\/a>. \u2014 Dziwne, \u017ce bijecie brawa. Ochrona jest naprawd\u0119 surowa z powodu mo\u017cliwych atak\u00f3w ze strony artyst\u00f3w opery i baletu \u2014 doda\u0142, nawi\u0105zuj\u0105c do g\u0142o\u015bnej wypowiedzi aktora. Przypomnijmy, \u017ce podczas &#8222;A CNN&amp;Variety Town Hall Event&#8221; w ubieg\u0142ym miesi\u0105cu Timoth\u00e9e Chalamet stwierdzi\u0142, \u017ce nie chcia\u0142by, aby kina podzieli\u0142y los &#8222;baletu czy opery&#8221;, gdzie arty\u015bci pr\u00f3buj\u0105 &#8222;utrzyma\u0107 co\u015b przy \u017cyciu&#8221;, mimo \u017ce &#8222;ju\u017c nikogo to nie interesuje&#8221;.<\/p>\n<p><img decoding=\"async\" class=\"Image_image__0tuHp Image_autoHeight__f2n87 \" height=\"587\" width=\"880\" src=\"https:\/\/www.europesays.com\/pl\/wp-content\/uploads\/2026\/03\/RVpk9kuTURBXy85Mjc2ZTg1My0wMDc5LTRhYjUtYjc5MS1hZjQ4MzI5YjE4MTkuanBlZ5KVAs0DrADCw5UCAM0CS8LD3gADoTABo.jpeg\" alt=\"Conan O'Brien\" loading=\"lazy\" \/>PAP\/EPA\/CHRIS TORRES<\/p>\n<p>Conan O&#8217;Brien<\/p>\n<p>Poruszaj\u0105ce wspomnienie Diane Keaton <\/p>\n<p class=\"Paragraph_desktopParagraph__U31Gm\"><a href=\"https:\/\/plejada.pl\/temat\/diane-keaton\/ff7hdsg\" id=\"63b7e866-daeb-42e2-b62b-bb3e84f44d44\" rel=\"nofollow noopener\" target=\"_blank\">Diane Keaton<\/a> zosta\u0142a uhonorowana podczas niedzielnego segmentu In Memoriam na Oscarach. Na scenie pojawi\u0142a si\u0119 Rachel McAdams, kt\u00f3ra zagra\u0142a u boku Keaton w filmie &#8222;The Family Stone&#8221;, aby odda\u0107 ho\u0142d kilku gwiazdom, kt\u00f3re odesz\u0142y w tym roku, w tym jej ekranowej partnerce.<\/p>\n<p class=\"Paragraph_desktopParagraph__U31Gm\">&#8222;Przez ponad 50 lat l\u015bni\u0142a na ekranie i pozostawi\u0142a niezatarte pi\u0119tno w \u017cyciu. Wierzcie mi, nie ma aktorki mojego pokolenia, kt\u00f3ra nie by\u0142aby zainspirowana i oczarowana jej wyj\u0105tkowo\u015bci\u0105&#8221; \u2014 powiedzia\u0142a ze sceny.<\/p>\n<p class=\"Paragraph_desktopParagraph__U31Gm\">Podczas segmentu In Memoriam uhonorowano r\u00f3wnie\u017c m.in. Roba Reinera, Roberta Duvalla i Diane Ladd.<\/p>\n<p>Ceremonia, kt\u00f3ra rozczarowa\u0142a? <\/p>\n<p class=\"Paragraph_desktopParagraph__U31Gm\">Tegoroczna 98. ceremonia rozdania Oscar\u00f3w rozczarowa\u0142a widz\u00f3w. Ju\u017c w trakcie transmisji u\u017cytkownicy serwisu X <a href=\"https:\/\/plejada.pl\/newsy\/widzowie-zawiedzeni-gala-rozdania-oscarow-najnudniejsza-ceremonia-i-zupelna-porazka\/8cexlwy\" id=\"9e9a9b5b-1171-4e53-b673-e917112e33a1\" rel=\"nofollow noopener\" target=\"_blank\">nie szcz\u0119dzili ostrych s\u0142\u00f3w pod adresem organizator\u00f3w<\/a>.<\/p>\n<p class=\"Paragraph_desktopParagraph__U31Gm\">&#8222;Najnudniejsza ceremonia z dotychczasowych. Przewidywalna, nic nowego&#8221;, &#8222;Te Oscary to zupe\u0142na pora\u017cka. Jakie\u015b niezr\u0119czne kawa\u0142y, brzydka oprawa&#8221;, &#8222;Nuda, jak co roku. Niczego si\u0119 nie nauczyli&#8221;, &#8222;Zjecha\u0142o si\u0119 p\u00f3\u0142 Hollywood, a oni nie mog\u0105 zorganizowa\u0107 gali, kt\u00f3ra nie wia\u0142aby nud\u0105. Tragedia&#8221; \u2014 to tylko niekt\u00f3re z opinii, kt\u00f3re pojawi\u0142y si\u0119 w sieci.<\/p>\n<p><img decoding=\"async\" class=\"Image_image__0tuHp Image_autoHeight__f2n87 \" height=\"587\" width=\"880\" src=\"https:\/\/www.europesays.com\/pl\/wp-content\/uploads\/2026\/03\/UGDk9kuTURBXy9iYjMxOWZkNC1hMzViLTQ0NDAtOWVmYy00MWQ1ZDczZjZmZTguanBlZ5KVAs0DrADCw5UCAM0CS8LD3gADoTABo.jpeg\" alt=\"Conan O'Brien\" loading=\"lazy\" \/>PAP\/EPA\/CHRIS TORRES<\/p>\n<p>Conan O&#8217;Brien<\/p>\n<p class=\"Paragraph_desktopParagraph__U31Gm\">Dzi\u0119kujemy, \u017ce przeczyta\u0142a\u015b\/e\u015b nasz artyku\u0142 do ko\u0144ca. W serwisie Plejada.pl ka\u017cdego dnia piszemy o najwa\u017cniejszych wydarzeniach show-biznesowych. B\u0105d\u017a na bie\u017c\u0105co!<a rel=\"nofollow noopener\" href=\"https:\/\/profile.google.com\/cp\/Cg0vZy8xMWJ6X19wdHBx\" id=\"d96f74fa-fd6b-457f-9113-318c7e295514\" target=\"_blank\"> Obserwuj<\/a> Plejad\u0119 w Google. Odwied\u017a nas tak\u017ce na<a rel=\"nofollow noopener\" href=\"https:\/\/www.facebook.com\/plejadapl\" id=\"c0c3e0cd-b202-4b0c-bf87-bc2f0521347f\" target=\"_blank\"> Facebooku<\/a>,<a rel=\"nofollow noopener\" href=\"https:\/\/www.instagram.com\/plejadapl\/\" id=\"7cbb89ba-8d13-4d3f-88af-c3e5277ba1e9\" target=\"_blank\"> Instagramie<\/a>,<a rel=\"nofollow noopener\" href=\"https:\/\/www.youtube.com\/c\/plejada\" id=\"19238c69-8b61-4df1-b65d-0bfccf271e61\" target=\"_blank\"> YouTubie<\/a> oraz<a rel=\"nofollow noopener\" href=\"https:\/\/www.tiktok.com\/@plejada_pl\" id=\"4335c321-5a3b-4ec2-9655-085a887c22bd\" target=\"_blank\"> TikToku<\/a>.<\/p>\n<p class=\"Paragraph_desktopParagraph__U31Gm\">Chcesz podzieli\u0107 si\u0119 ciekawym newsem lub zaproponowa\u0107 temat? Skontaktuj si\u0119 z nami, pisz\u0105c maila na adres: <a href=\"https:\/\/www.onet.pl\/styl-zycia\/plejada\/polak-z-nagroda-i-kasliwe-zarty-oto-najwazniejsze-momenty-tegorocznych-oscarow\/mailto:plejada@redakcjaonet.pl\" id=\"dab985c5-ccfb-494b-a715-b3fab57b687f\" rel=\"nofollow noopener\" target=\"_blank\">plejada@redakcjaonet.pl<\/a>.<\/p>\n<p><script async src=\"\/\/www.instagram.com\/embed.js\"><\/script><script async src=\"\/\/www.tiktok.com\/embed.js\"><\/script><\/p>\n","protected":false},"excerpt":{"rendered":"Tegoroczn\u0105 gal\u0119 Oscar\u00f3w w Dolby Theatre w Los Angeles poprowadzi\u0142 Conan O&#8217;Brien, kt\u00f3ry ju\u017c od pierwszych minut zadba\u0142&hellip;\n","protected":false},"author":2,"featured_media":308699,"comment_status":"","ping_status":"","sticky":false,"template":"","format":"standard","meta":{"footnotes":"","_share_on_mastodon":"0"},"categories":[22],"tags":[5101,12578,49783,49940,12478,122,49569,67,421,261,12849,49817,53,52,68,51,31030,55,42,38,40,39,41,123,47,50],"class_list":["post-308698","post","type-post","status-publish","format-standard","has-post-thumbnail","category-rozrywka","tag-anna_wintour","tag-anne_hathaway","tag-chris_lavis_rezyser","tag-conan_obrien_komik","tag-diane_keaton","tag-entertainment","tag-hollywood_amerykanski_przemysl_filmowy","tag-intextvideo_splayer","tag-keep_me_engaged","tag-kultura","tag-los_angeles_miasto","tag-maciek_szczerbowski_rezyser","tag-new_header","tag-onet3","tag-onet3d","tag-onet3d_2i","tag-oscary_nagroda_filmowa_oskary","tag-phx","tag-pl","tag-poland","tag-polish","tag-polska","tag-polski","tag-rozrywka","tag-screening_general","tag-v2021"],"share_on_mastodon":{"url":"https:\/\/pubeurope.com\/@pl\/116238912306481637","error":""},"_links":{"self":[{"href":"https:\/\/www.europesays.com\/pl\/wp-json\/wp\/v2\/posts\/308698","targetHints":{"allow":["GET"]}}],"collection":[{"href":"https:\/\/www.europesays.com\/pl\/wp-json\/wp\/v2\/posts"}],"about":[{"href":"https:\/\/www.europesays.com\/pl\/wp-json\/wp\/v2\/types\/post"}],"author":[{"embeddable":true,"href":"https:\/\/www.europesays.com\/pl\/wp-json\/wp\/v2\/users\/2"}],"replies":[{"embeddable":true,"href":"https:\/\/www.europesays.com\/pl\/wp-json\/wp\/v2\/comments?post=308698"}],"version-history":[{"count":0,"href":"https:\/\/www.europesays.com\/pl\/wp-json\/wp\/v2\/posts\/308698\/revisions"}],"wp:featuredmedia":[{"embeddable":true,"href":"https:\/\/www.europesays.com\/pl\/wp-json\/wp\/v2\/media\/308699"}],"wp:attachment":[{"href":"https:\/\/www.europesays.com\/pl\/wp-json\/wp\/v2\/media?parent=308698"}],"wp:term":[{"taxonomy":"category","embeddable":true,"href":"https:\/\/www.europesays.com\/pl\/wp-json\/wp\/v2\/categories?post=308698"},{"taxonomy":"post_tag","embeddable":true,"href":"https:\/\/www.europesays.com\/pl\/wp-json\/wp\/v2\/tags?post=308698"}],"curies":[{"name":"wp","href":"https:\/\/api.w.org\/{rel}","templated":true}]}}