{"id":30915,"date":"2025-10-04T07:55:15","date_gmt":"2025-10-04T07:55:15","guid":{"rendered":"https:\/\/www.europesays.com\/pl\/30915\/"},"modified":"2025-10-04T07:55:15","modified_gmt":"2025-10-04T07:55:15","slug":"samochody-pojada-pod-pociagami-tunel-wreszcie-zlikwiduje-korki","status":"publish","type":"post","link":"https:\/\/www.europesays.com\/pl\/30915\/","title":{"rendered":"Samochody pojad\u0105 pod poci\u0105gami. Tunel wreszcie zlikwiduje korki"},"content":{"rendered":"<p>\t\t\t    \t<img decoding=\"async\" src=\"https:\/\/www.europesays.com\/pl\/wp-content\/uploads\/2025\/10\/277513_r0_940.jpg\" itemprop=\"image\" alt=\"Samochody pojad\u0105 pod poci\u0105gami. Tunel wreszcie zlikwiduje korki\" title=\"Nowy obiekt zast\u0105pi dwa przejazdy kolejowo-drogowe\" class=\"gallery-image\" fetchpriority=\"high\"\/><\/p>\n<p>\t\t\t\t\t\t\tNowy obiekt zast\u0105pi dwa przejazdy kolejowo-drogowe<\/p>\n<p>\n\t\t\t\t\t\t\t\t\tMateria\u0142y prasowe \/ PKP PLK\n\t\t\t\t\t\t\t\t<\/p>\n<p>\n\t\t\tW Tomaszowie Mazowieckim w woj. \u0142\u00f3dzkim powstanie tunel drogowy pod torami na ul. Warszawskiej, kt\u00f3ra jest cz\u0119\u015bci\u0105 drogi wojew\u00f3dzkiej \u0142\u0105cz\u0105cej \u0141\u00f3d\u017a z Opocznem. PKP PLK og\u0142osi\u0142y przetarg na realizacj\u0119 inwestycji, kt\u00f3ra ma kosztowa\u0107 ok. 40 mln z\u0142.\n\t\t<\/p>\n<p>Jak poinformowa\u0142 w czwartek Rafa\u0142 Wilgusiak z zespo\u0142u prasowego PKP Polskie Linie Kolejowe, zadaniem wykonawcy b\u0119dzie przede wszystkim budowa tunelu drogowego pod torami linii kolejowej nr 25 \u0141\u00f3d\u017a &#8211; D\u0119bica.<\/p>\n<p>&#13;<\/p>\n<p>&#8211; Nowy obiekt zast\u0105pi dwa przejazdy kolejowo-drogowe: na ul. Warszawskiej oraz na ul. Nowej w Tomaszowie Mazowieckim. Nad tunelem wybudujemy wiadukt kolejowy. Ponadto w ramach zadania wybudujemy w mie\u015bcie nowe ulice, rondo i skrzy\u017cowania. Prace obejm\u0105 rozbudow\u0119 ul. Warszawskiej na odcinku ok. 300 m, budow\u0119 ronda na skrzy\u017cowaniu ulic Warszawskiej, Ujezdzkiej i Tamka, przebudow\u0119 skrzy\u017cowa\u0144 z ul. Piaskow\u0105 i \u017burawi\u0105, a tak\u017ce budow\u0119 drogi o d\u0142ugo\u015bci ok. 600 m wzd\u0142u\u017c linii kolejowej, kt\u00f3ra po\u0142\u0105czy ul. Now\u0105 z ul. Warszawsk\u0105 &#8211; wyja\u015bni\u0142.<\/p>\n<p>&#13;<\/p>\n<p>&#13;<\/p>\n<p>Zaznaczy\u0142, \u017ce dzi\u0119ki inwestycji zwi\u0119kszy si\u0119 poziom bezpiecze\u0144stwa dla pasa\u017cer\u00f3w i obs\u0142ugi poci\u0105g\u00f3w. Kierowcy pojad\u0105 z kolei pod torami bez oczekiwania przed zamkni\u0119tymi rogatkami, a piesi b\u0119d\u0105 mogli korzysta\u0107 z chodnika.<\/p>\n<p>&#13;<\/p>\n<p>Szacowana warto\u015b\u0107 inwestycji to ok. 40 mln z\u0142. Realizacja prac zak\u0142ada utrzymanie ruchu kolejowego po jednym torze.<\/p>\n<p>&#13;<\/p>\n<p>\t\t\t\t\t<a href=\"https:\/\/www.portalsamorzadowy.pl\/gospodarka-komunalna\/szybki-pociag-przetnie-cala-polske-od-morza-do-tatr-zima-wyjezdza-na-tory,630163.html\" class=\"read-more-box-img-cnt\" rel=\"nofollow noopener\" target=\"_blank\"><br \/>\n\t\t\t\t<img decoding=\"async\" loading=\"lazy\" width=\"300\" height=\"200\" src=\"https:\/\/www.europesays.com\/pl\/wp-content\/uploads\/2025\/10\/276640_r0_300.jpg\" alt=\"Szybki poci\u0105g przetnie ca\u0142\u0105 Polsk\u0119 od morza do Tatr. Zim\u0105 wyje\u017cd\u017ca na tory\" class=\"read-more-box-img\"\/><br \/>\n\t\t\t<\/a><\/p>\n<p>\t\t\t\t\t<a href=\"https:\/\/www.portalsamorzadowy.pl\/gospodarka-komunalna\/w-96-minut-z-wroclawia-do-warszawy-kolej-duzych-predkosci-bedzie-jezdzila-znacznie-szybciej,631760.html\" class=\"read-more-box-img-cnt\" rel=\"nofollow noopener\" target=\"_blank\"><br \/>\n\t\t\t\t<img decoding=\"async\" loading=\"lazy\" width=\"300\" height=\"200\" src=\"https:\/\/www.europesays.com\/pl\/wp-content\/uploads\/2025\/10\/277316_r0_300.jpg\" alt=\"W 96 minut z Wroc\u0142awia do Warszawy. Kolej Du\u017cych Pr\u0119dko\u015bci b\u0119dzie je\u017adzi\u0142a znacznie szybciej\" class=\"read-more-box-img\"\/><br \/>\n\t\t\t<\/a><\/p>\n<p>\t\t\t\t\t<a href=\"https:\/\/www.portalsamorzadowy.pl\/inwestycje\/oni-zajma-sie-zmiana-ukladu-torowego-na-lodzkiej-stacji-cpk-nie-zatrzyma-budowy-kdp,627480.html\" class=\"read-more-box-img-cnt\" rel=\"nofollow noopener\" target=\"_blank\"><br \/>\n\t\t\t\t<img decoding=\"async\" loading=\"lazy\" width=\"300\" height=\"200\" src=\"https:\/\/www.europesays.com\/pl\/wp-content\/uploads\/2025\/10\/275589_r0_300.jpg\" alt=\"Oni zajm\u0105 si\u0119 zmian\u0105 uk\u0142adu torowego na \u0142\u00f3dzkiej stacji. CPK nie zatrzyma budowy KDP\" class=\"read-more-box-img\"\/><br \/>\n\t\t\t<\/a><\/p>\n<p>&#13;<br \/>\n<img decoding=\"async\" style=\"max-width:80px;\" loading=\"lazy\" src=\"https:\/\/www.europesays.com\/pl\/wp-content\/uploads\/2025\/09\/1758531790_154_081834.png\"\/><\/p>\n","protected":false},"excerpt":{"rendered":"Nowy obiekt zast\u0105pi dwa przejazdy kolejowo-drogowe Materia\u0142y prasowe \/ PKP PLK W Tomaszowie Mazowieckim w woj. \u0142\u00f3dzkim powstanie&hellip;\n","protected":false},"author":2,"featured_media":30916,"comment_status":"","ping_status":"","sticky":false,"template":"","format":"standard","meta":{"footnotes":""},"categories":[16],"tags":[664,1178,9143,9152,9146,9149,113,112,9147,9141,9150,9144,42,38,40,39,41,9142,9148,9151,9145],"class_list":{"0":"post-30915","1":"post","2":"type-post","3":"status-publish","4":"format-standard","5":"has-post-thumbnail","7":"category-biznes","8":"tag-typedefinedterm","9":"tag-0-html","10":"tag-9143","11":"tag-14377-html","12":"tag-353-html","13":"tag-453-html","14":"tag-biznes","15":"tag-business","16":"tag-namepkp-plk","17":"tag-nameserwis-nieruchomou015bci","18":"tag-nametomaszu00f3w-mazowiecki","19":"tag-namewojewu00f3dztwo-u0141u00f3dzkie","20":"tag-pl","21":"tag-poland","22":"tag-polish","23":"tag-polska","24":"tag-polski","25":"tag-urlhttps-www-portalsamorzadowy-pl-inwestycje-podserwis-serwis-nieruchomosci","26":"tag-urlhttps-www-portalsamorzadowy-pl-klucze-pkp-plk","27":"tag-urlhttps-www-portalsamorzadowy-pl-klucze-tomaszow-mazowiecki","28":"tag-urlhttps-www-portalsamorzadowy-pl-klucze-wojewodztwo-lodzkie"},"share_on_mastodon":{"url":"","error":""},"_links":{"self":[{"href":"https:\/\/www.europesays.com\/pl\/wp-json\/wp\/v2\/posts\/30915","targetHints":{"allow":["GET"]}}],"collection":[{"href":"https:\/\/www.europesays.com\/pl\/wp-json\/wp\/v2\/posts"}],"about":[{"href":"https:\/\/www.europesays.com\/pl\/wp-json\/wp\/v2\/types\/post"}],"author":[{"embeddable":true,"href":"https:\/\/www.europesays.com\/pl\/wp-json\/wp\/v2\/users\/2"}],"replies":[{"embeddable":true,"href":"https:\/\/www.europesays.com\/pl\/wp-json\/wp\/v2\/comments?post=30915"}],"version-history":[{"count":0,"href":"https:\/\/www.europesays.com\/pl\/wp-json\/wp\/v2\/posts\/30915\/revisions"}],"wp:featuredmedia":[{"embeddable":true,"href":"https:\/\/www.europesays.com\/pl\/wp-json\/wp\/v2\/media\/30916"}],"wp:attachment":[{"href":"https:\/\/www.europesays.com\/pl\/wp-json\/wp\/v2\/media?parent=30915"}],"wp:term":[{"taxonomy":"category","embeddable":true,"href":"https:\/\/www.europesays.com\/pl\/wp-json\/wp\/v2\/categories?post=30915"},{"taxonomy":"post_tag","embeddable":true,"href":"https:\/\/www.europesays.com\/pl\/wp-json\/wp\/v2\/tags?post=30915"}],"curies":[{"name":"wp","href":"https:\/\/api.w.org\/{rel}","templated":true}]}}