{"id":30921,"date":"2025-10-04T07:58:07","date_gmt":"2025-10-04T07:58:07","guid":{"rendered":"https:\/\/www.europesays.com\/pl\/30921\/"},"modified":"2025-10-04T07:58:07","modified_gmt":"2025-10-04T07:58:07","slug":"likwidacja-cba-pojawila-sie-konkretna-data","status":"publish","type":"post","link":"https:\/\/www.europesays.com\/pl\/30921\/","title":{"rendered":"Likwidacja CBA. Pojawi\u0142a si\u0119 konkretna data"},"content":{"rendered":"<p class=\"ods-c-paragraph\"><a href=\"https:\/\/wiadomosci.onet.pl\/kraj\/co-dalej-z-likwidacja-cba-minister-siemoniak-zapowiada-kolejne-kroki\/c01jxwh\" id=\"e533fdf7-7b85-425d-afd3-0777d2c6f731\" rel=\"nofollow noopener\" target=\"_blank\">W nowym projekcie<\/a> opr\u00f3cz innej daty zako\u0144czenia dzia\u0142ania Biura \u2014 1 maja 2026 r. \u2014 znalaz\u0142y si\u0119 dodatkowe artyku\u0142y zmieniaj\u0105ce kilka ustaw. Podstawowe tre\u015bci projektu ustawy pozosta\u0142y jednak bez zmian.<\/p>\n<p class=\"ods-c-paragraph\">Tak jak w projekcie z grudnia 2024 r. zadania likwidowanego CBA maj\u0105 zosta\u0107 przeniesione do policji, w kt\u00f3rej ma powsta\u0107 Centralne Biuro Zwalczania Korupcji, oraz do wzmocnionej Agencji Bezpiecze\u0144stwa Wewn\u0119trznego i do Krajowej Administracji Skarbowej, kt\u00f3ra mia\u0142aby przej\u0105\u0107 badanie o\u015bwiadcze\u0144 maj\u0105tkowych. W projekcie zapisano te\u017c m.in. zasady koordynacji dzia\u0142a\u0144 antykorupcyjnych oraz szczeg\u00f3\u0142y podj\u0119cia i prowadzenia os\u0142ony antykorupcyjnej.<\/p>\n<p class=\"ods-c-paragraph\">W nowej wersji projektu dodano m.in. wynikaj\u0105ce z planowanej likwidacji Biura zmiany w ustawach o ochronie ludno\u015bci i obronie cywilnej, o udziale Polski w systemie rejestruj\u0105cym dane os\u00f3b wje\u017cd\u017caj\u0105cych i wyje\u017cd\u017caj\u0105cych z Unii Europejskiej, o rynku pracy, o dor\u0119czeniach elektronicznych.<\/p>\n<p class=\"ods-c-paragraph\">S\u0105 te\u017c zaplanowane inne drobne zmiany, na przyk\u0142ad w przepisach reguluj\u0105cych powierzanie pracy cudzoziemcom, \u015bwiadczenia dla stulatk\u00f3w czy usuwanie skutk\u00f3w powodzi.<\/p>\n<p>Dalszy ci\u0105g artyku\u0142u pod materia\u0142em wideo<br \/>\nNowa ustawa w sprawie CBA. Co si\u0119 zmieni\u0142o<\/p>\n<p class=\"ods-c-paragraph\">Z wcze\u015bniejszej wersji usuni\u0119to natomiast m.in. zapisy, kt\u00f3re ju\u017c straci\u0142y moc, np. planowane zmiany w ustawie o polskiej prezydencji w Radzie Unii Europejskiej, sprawowanej przez nasz kraj w pierwszej po\u0142owie 2025 r. Wykre\u015blono te\u017c dotycz\u0105ce Biura zapisy w zakresie przeciwdzia\u0142ania wsparciu agresji na Ukrain\u0119 oraz ustawy o promocji zatrudnienia.<\/p>\n<p class=\"ods-c-paragraph\">Zgodnie z projektem ustawa w nowej wersji mia\u0142aby wej\u015b\u0107 w \u017cycie 1 maja, opr\u00f3cz kilkunastu przygotowuj\u0105cych likwidacj\u0119 CBA artyku\u0142\u00f3w, kt\u00f3re zacz\u0119\u0142yby dzia\u0142a\u0107 1 lutego 2026 r.<\/p>\n<p class=\"ods-c-paragraph\">W uzasadnieniu zaznaczono, \u017ce w bud\u017cecie pa\u0144stwa na 2026 r. zaplanowane \u015brodki dla CBA to 334,7 mln z\u0142. Po likwidacji w po\u0142owie roku pieni\u0105dze maj\u0105 zosta\u0107 rozdzielone proporcjonalnie do przej\u0119tych zada\u0144 i etat\u00f3w \u2014 najwi\u0119cej (73 proc.) trafi do policji, 15,5 ?proc. do ABW, a 11,5 proc. do KAS \u2014 wynika z oceny skutk\u00f3w tej regulacji.<\/p>\n<p class=\"ods-c-paragraph\">W CBA jest oko\u0142o 1300 etat\u00f3w funkcjonariuszy i 200 pracownik\u00f3w cywilnych. Projekt zak\u0142ada, \u017ce 950 funkcjonariuszy i 200 pracownik\u00f3w cywilnych po wej\u015bciu w \u017cycie regulacji zostanie przeniesionych do CBZK. Trafi tam tak\u017ce ok. 300 funkcjonariuszy i pracownik\u00f3w cywilnych z innych jednostek policji. Po 150 etat\u00f3w trafi do KAS i ABW, a cz\u0119\u015b\u0107 os\u00f3b skorzysta z uprawnie\u0144 emerytalnych nabytych w CBA \u2014 zak\u0142adaj\u0105 projektodawcy.<\/p>\n<p class=\"ods-c-paragraph\">Partie tworz\u0105ce rz\u0105d zapisa\u0142y likwidacj\u0119 CBA w umowie koalicyjnej.<\/p>\n","protected":false},"excerpt":{"rendered":"W nowym projekcie opr\u00f3cz innej daty zako\u0144czenia dzia\u0142ania Biura \u2014 1 maja 2026 r. \u2014 znalaz\u0142y si\u0119 dodatkowe&hellip;\n","protected":false},"author":2,"featured_media":554,"comment_status":"","ping_status":"","sticky":false,"template":"","format":"standard","meta":{"footnotes":""},"categories":[5],"tags":[32,33,359,36,37,27,49,34,35,28,31,48,25,46,4897,42,38,414,40,39,41,380,47,29,30,26],"class_list":{"0":"post-30921","1":"post","2":"type-post","3":"status-publish","4":"format-standard","5":"has-post-thumbnail","7":"category-naglowki","8":"tag-breaking-news","9":"tag-breakingnews","10":"tag-cba","11":"tag-featured-news","12":"tag-featurednews","13":"tag-headlines","14":"tag-kraj","15":"tag-latest-news","16":"tag-latestnews","17":"tag-naglowki","18":"tag-najwazniejsze-artykuly","19":"tag-nat_styl","20":"tag-news","21":"tag-omp","22":"tag-perso_tst0","23":"tag-pl","24":"tag-poland","25":"tag-policja","26":"tag-polish","27":"tag-polska","28":"tag-polski","29":"tag-rzad","30":"tag-screening_general","31":"tag-top-stories","32":"tag-topstories","33":"tag-wiadomosci"},"share_on_mastodon":{"url":"","error":""},"_links":{"self":[{"href":"https:\/\/www.europesays.com\/pl\/wp-json\/wp\/v2\/posts\/30921","targetHints":{"allow":["GET"]}}],"collection":[{"href":"https:\/\/www.europesays.com\/pl\/wp-json\/wp\/v2\/posts"}],"about":[{"href":"https:\/\/www.europesays.com\/pl\/wp-json\/wp\/v2\/types\/post"}],"author":[{"embeddable":true,"href":"https:\/\/www.europesays.com\/pl\/wp-json\/wp\/v2\/users\/2"}],"replies":[{"embeddable":true,"href":"https:\/\/www.europesays.com\/pl\/wp-json\/wp\/v2\/comments?post=30921"}],"version-history":[{"count":0,"href":"https:\/\/www.europesays.com\/pl\/wp-json\/wp\/v2\/posts\/30921\/revisions"}],"wp:featuredmedia":[{"embeddable":true,"href":"https:\/\/www.europesays.com\/pl\/wp-json\/wp\/v2\/media\/554"}],"wp:attachment":[{"href":"https:\/\/www.europesays.com\/pl\/wp-json\/wp\/v2\/media?parent=30921"}],"wp:term":[{"taxonomy":"category","embeddable":true,"href":"https:\/\/www.europesays.com\/pl\/wp-json\/wp\/v2\/categories?post=30921"},{"taxonomy":"post_tag","embeddable":true,"href":"https:\/\/www.europesays.com\/pl\/wp-json\/wp\/v2\/tags?post=30921"}],"curies":[{"name":"wp","href":"https:\/\/api.w.org\/{rel}","templated":true}]}}