{"id":309351,"date":"2026-03-16T20:38:08","date_gmt":"2026-03-16T20:38:08","guid":{"rendered":"https:\/\/www.europesays.com\/pl\/309351\/"},"modified":"2026-03-16T20:38:08","modified_gmt":"2026-03-16T20:38:08","slug":"trwa-koszmar-verstappena-w-f1-on-tkwi-w-tym-horrorze","status":"publish","type":"post","link":"https:\/\/www.europesays.com\/pl\/309351\/","title":{"rendered":"Trwa koszmar Verstappena w F1. &#8222;On tkwi w tym horrorze&#8221;"},"content":{"rendered":"\n<p class=\"contentpart contentpart--default contentpart--text\" data-position=\"0\"><a href=\"https:\/\/sportowefakty.wp.pl\/wyscigi-samochodowe\/max-verstappen\" rel=\"nofollow noopener\" target=\"_blank\">Max Verstappen<\/a>\u00a0po niedzielnym\u00a0<a href=\"https:\/\/sportowefakty.wp.pl\/wyscigi-samochodowe\/gp-chin\" rel=\"nofollow noopener\" target=\"_blank\">GP Chin<\/a>\u00a0ponownie ostro skrytykowa\u0142 nowe przepisy techniczne\u00a0<a href=\"https:\/\/sportowefakty.wp.pl\/formula-1\" rel=\"nofollow noopener\" target=\"_blank\">Formu\u0142y 1<\/a>. <a href=\"https:\/\/sportowefakty.wp.pl\/formula-1\/1239745\/verstappen-zrownal-z-ziemia-nowa-f1-zrujnuja-ten-sport\" rel=\"nofollow noopener\" target=\"_blank\">Holender stwierdzi\u0142, \u017ce kibice, kt\u00f3rym podoba si\u0119 taki przebieg rywalizacji, &#8222;nie rozumiej\u0105 \u015bcigania&#8221;<\/a>. Kierowca <a href=\"https:\/\/sportowefakty.wp.pl\/wyscigi-samochodowe\/infiniti-red-bull-racing\" rel=\"nofollow noopener\" target=\"_blank\">Red Bull Racing<\/a>\u00a0powt\u00f3rzy\u0142 wcze\u015bniejsze s\u0142owa, jakoby F1 stwarza\u0142a obecnie sztuczne show. &#8211; To jak gra Mario Kart. To nie jest \u015bciganie. Do\u0142adowujemy silnik i  przelatujemy obok. Potem ko\u0144czy ci si\u0119 bateria i rywale z do\u0142adowaniem  przelatuj\u0105 z powrotem obok ciebie. Dla mnie to tylko jaki\u015b \u017cart &#8211; powiedzia\u0142.<\/p>\n<p>  <img decoding=\"async\" src=\"https:\/\/v.wpimg.pl\/X3dwLnN2d1IFFTpdYUl6R0ZNbgcnEHQREVV2TGEGbUtRT2MdOlZ2RBQUKABgQjQcDRotCStBd1IAAWMeIlM7VgwYIAorQAdEFFk_GCkQJQ\" alt=\"\" width=\"45\" height=\"58\" loading=\"lazy\"\/>  <\/p>\n<p class=\"contentpart contentpart--default contentpart--text\" data-position=\"1\">Czterokrotny mistrz \u015bwiata F1 przypomnia\u0142, \u017ce ju\u017c przed kilkoma laty, gdy tylko opublikowano projekt nowych przepis\u00f3w, zwraca\u0142 uwag\u0119 na problem, a wtedy zignorowano jego opini\u0119. &#8211; Ostatecznie te przepisy zrujnuj\u0105 sport i odbije si\u0119 to dzia\u0142aczom na ty\u0142ku &#8211; doda\u0142.<\/p>\n<p class=\"contentpart contentpart--default contentpart--text\" data-position=\"2\">ZOBACZ WIDEO: Robert Korzeniowski o dzia\u0142aniach PKOl-u: Obserwuj\u0119, jak film fabularny<\/p>\n<p class=\"contentpart contentpart--default contentpart--text\" data-position=\"4\">Do s\u0142\u00f3w by\u0142ego mistrza \u015bwiata odni\u00f3s\u0142 si\u0119 <a href=\"https:\/\/sportowefakty.wp.pl\/moto\/toto-wolff\" rel=\"nofollow noopener\" target=\"_blank\">Toto Wolff<\/a>. Szef\u00a0<a href=\"https:\/\/sportowefakty.wp.pl\/wyscigi-samochodowe\/mercedes-amg-petronas-formula-one-team\" rel=\"nofollow noopener\" target=\"_blank\">Mercedesa<\/a>\u00a0uwa\u017ca, \u017ce krytyka Maxa Verstappena cz\u0119\u015bciowo wynika z sytuacji w <a href=\"https:\/\/sportowefakty.wp.pl\/wyscigi-samochodowe\/infiniti-red-bull-racing\" rel=\"nofollow noopener\" target=\"_blank\">Red Bull Racing<\/a>. &#8222;Czerwone byki&#8221; opracowa\u0142y ma\u0142o wydajny silnik, przez co 28-latek pozbawiony jest szansy na walk\u0119 o czo\u0142owe lokaty w F1. W niedzielnym GP Chin kierowca Red Bulla fatalnie spisa\u0142 si\u0119 na starcie, spad\u0142 na szesnast\u0105 lokat\u0119 i mozolnie odrabia\u0142 straty, by ostatecznie nie dojecha\u0107 do mety z powodu awarii jednostki nap\u0119dowej.<\/p>\n<p class=\"contentpart contentpart--default contentpart--text\" data-position=\"5\">&#8211; Max tkwi w tym horrorze. Kiedy spojrzysz na uj\u0119cia z jego bolidu w kwalifikacjach, to jest po prostu koszmar. Tego samochodu nie da si\u0119 prowadzi\u0107. To wida\u0107, ale nie jest tak w przypadku wielu innych zespo\u0142\u00f3w &#8211; powiedzia\u0142 Wolff na spotkaniu z dziennikarzami, cytowany przez motorsport.com.<\/p>\n<p>  <img decoding=\"async\" src=\"https:\/\/v.wpimg.pl\/X3dwLnN2d1IFFTpdYUl6R0ZNbgcnEHQREVV2TGEGbUtRT2MdOlZ2RBQUKABgQjQcDRotCStBd1IAAWMeIlM7VgwYIAorQAdEFFk_GCkQJQ\" alt=\"\" width=\"45\" height=\"58\" loading=\"lazy\"\/>  <\/p>\n<p class=\"contentpart contentpart--default contentpart--text\" data-position=\"6\">Szef Mercedesa podkre\u015bli\u0142, \u017ce GP Chin by\u0142o w rzeczywisto\u015bci ca\u0142kiem ciekawe, zw\u0142aszcza dzi\u0119ki walce kierowc\u00f3w\u00a0<a href=\"https:\/\/sportowefakty.wp.pl\/wyscigi-samochodowe\/scuderia-ferrari\" rel=\"nofollow noopener\" target=\"_blank\">Ferrari<\/a>\u00a0z <a href=\"https:\/\/sportowefakty.wp.pl\/formula-1\/george-russell\" rel=\"nofollow noopener\" target=\"_blank\">George&#8217;em Russellem<\/a>. &#8211; Z perspektywy rozrywki uwa\u017cam, \u017ce to, co zobaczyli\u015bmy mi\u0119dzy Ferrari a Mercedesem, by\u0142o dobrym \u015bciganiem. Widzieli\u015bmy wiele manewr\u00f3w wyprzedzania. Wszyscy byli\u015bmy cz\u0119\u015bci\u0105 F1, gdy praktycznie nie by\u0142o wyprzedzania &#8211; stwierdzi\u0142.<\/p>\n<p class=\"contentpart contentpart--default contentpart--text\" data-position=\"7\">&#8211; Czasem jeste\u015bmy zbyt nostalgiczni wobec dawnych lat, ale uwa\u017cam, \u017ce produkt sam w sobie jest dobry. Widzieli\u015bmy te\u017c sporo \u015bcigania w \u015brodku stawki i to jest, moim zdaniem, pozytyw &#8211; doda\u0142 szef ekipy z Brackley.<\/p>\n<p class=\"contentpart contentpart--default contentpart--text\" data-position=\"8\">Wolff przyzna\u0142, \u017ce niekt\u00f3re aspekty regulaminu na sezon 2026 mo\u017cna ulepszy\u0107 &#8211; w tym celowe, wcze\u015bniejsze odpuszczanie gazu w celu zgromadzenia energii. To szczeg\u00f3lnie rzuca\u0142o si\u0119 w oczy podczas GP Australii w Melbourne, gdzie kierowcy wyra\u017anie tracili pr\u0119dko\u015b\u0107 przed zakr\u0119tem numer dziewi\u0119\u0107.<\/p>\n<p class=\"contentpart contentpart--default contentpart--text\" data-position=\"9\">&#8211; Jestem pewien, \u017ce dla kogo\u015b takiego jak Max, kt\u00f3ry zawsze atakuje na pe\u0142nym gazie, jest to trudne do przyj\u0119cia i strawienia. Jednak to bardziej kwestia konkretnego samochodu, kt\u00f3ra uwypukla problem. Bo je\u015bli siedzisz przed telewizorem czy ekranem, to nawet Max powiedzia\u0142by, \u017ce ogl\u0105dali\u015bmy ciekaw\u0105 walk\u0119 na czele F1 &#8211; podsumowa\u0142 Austriak.<\/p>\n","protected":false},"excerpt":{"rendered":"Max Verstappen\u00a0po niedzielnym\u00a0GP Chin\u00a0ponownie ostro skrytykowa\u0142 nowe przepisy techniczne\u00a0Formu\u0142y 1. Holender stwierdzi\u0142, \u017ce kibice, kt\u00f3rym podoba si\u0119 taki&hellip;\n","protected":false},"author":2,"featured_media":309352,"comment_status":"","ping_status":"","sticky":false,"template":"","format":"standard","meta":{"footnotes":"","_share_on_mastodon":"0"},"categories":[24],"tags":[2901,2897,42,38,40,39,41,2896,127,126,750,49991,2902],"class_list":["post-309351","post","type-post","status-publish","format-standard","has-post-thumbnail","category-sport","tag-formula-1","tag-max-verstappen","tag-pl","tag-poland","tag-polish","tag-polska","tag-polski","tag-red-bull-racing","tag-sport","tag-sports","tag-sporty-motorowe","tag-toto-wolff","tag-wyscigi-samochodowe"],"share_on_mastodon":{"url":"https:\/\/pubeurope.com\/@pl\/116240784106507758","error":""},"_links":{"self":[{"href":"https:\/\/www.europesays.com\/pl\/wp-json\/wp\/v2\/posts\/309351","targetHints":{"allow":["GET"]}}],"collection":[{"href":"https:\/\/www.europesays.com\/pl\/wp-json\/wp\/v2\/posts"}],"about":[{"href":"https:\/\/www.europesays.com\/pl\/wp-json\/wp\/v2\/types\/post"}],"author":[{"embeddable":true,"href":"https:\/\/www.europesays.com\/pl\/wp-json\/wp\/v2\/users\/2"}],"replies":[{"embeddable":true,"href":"https:\/\/www.europesays.com\/pl\/wp-json\/wp\/v2\/comments?post=309351"}],"version-history":[{"count":0,"href":"https:\/\/www.europesays.com\/pl\/wp-json\/wp\/v2\/posts\/309351\/revisions"}],"wp:featuredmedia":[{"embeddable":true,"href":"https:\/\/www.europesays.com\/pl\/wp-json\/wp\/v2\/media\/309352"}],"wp:attachment":[{"href":"https:\/\/www.europesays.com\/pl\/wp-json\/wp\/v2\/media?parent=309351"}],"wp:term":[{"taxonomy":"category","embeddable":true,"href":"https:\/\/www.europesays.com\/pl\/wp-json\/wp\/v2\/categories?post=309351"},{"taxonomy":"post_tag","embeddable":true,"href":"https:\/\/www.europesays.com\/pl\/wp-json\/wp\/v2\/tags?post=309351"}],"curies":[{"name":"wp","href":"https:\/\/api.w.org\/{rel}","templated":true}]}}